{"id":184,"date":"2006-06-29T09:27:35","date_gmt":"2006-06-29T09:27:35","guid":{"rendered":"http:\/\/www.po-l.com\/wordpress\/?p=184"},"modified":"2012-05-01T10:58:49","modified_gmt":"2012-05-01T08:58:49","slug":"j-ai-beau-etre-matinal-j-ai-mal","status":"publish","type":"post","link":"https:\/\/www.wallendorff.com\/belogue\/2006\/06\/29\/j-ai-beau-etre-matinal-j-ai-mal\/","title":{"rendered":"J&rsquo;ai beau &ecirc;tre matinal, j&rsquo;ai mal."},"content":{"rendered":"\n<div id=\"photo\">\n<p><img decoding=\"async\" src=\"http:\/\/www.po-L.com\/belogue\/photo\/2006\/06\/20060629.jpg\" \/><br \/>\n          Rue du Clo&icirc;tre Notre-Dame, Paris, 28 juin.<\/p>\n<\/p><\/div>\n<p>Maintenant je sais pourquoi je n&rsquo;avais plus fait d&rsquo;ap&eacute;ro du mercredi soir depuis 6 mois. Le probl&egrave;me de l&rsquo;ap&eacute;ro du mercredi soir, au final, c&rsquo;est le <u>jeudi matin<\/u>.<\/p>\n<p>Enfin au moins j&rsquo;aurai parl&eacute; anglais. Avec la meilleure copine de l&rsquo;ex-colloc de Chris Martin, s&rsquo;il te pla&icirc;t. Celle qui sort avec Gr&ocirc;. Il est marrant, Gr&ocirc;, parce que comme son surnom c&rsquo;est Gr&ocirc;, quand tu l&rsquo;appelles &laquo;&nbsp;gros&nbsp;&raquo;, il comprend &laquo;&nbsp;Gr&ocirc;&nbsp;&raquo;. Le mec, le jour o&ugrave; il d&eacute;barque en Lorraine, tout le monde l&rsquo;appelle par son nom m&ecirc;me sans le conna&icirc;tre et du coup c&rsquo;est une star mondiale.<\/p>\n<p>Faut dire qu&rsquo;au-del&agrave; de &ccedil;a, &laquo;&nbsp;gros&nbsp;&raquo;, c&rsquo;est pratique comme expression. En Lorraine, pas besoin d&rsquo;apprendre le nom des gens puisque tout le monde s&rsquo;appelle &laquo;&nbsp;gros&nbsp;&raquo;, et pas de discrimination pond&eacute;rale, non rien, pas de maigre, on est tous &laquo;&nbsp;gros&nbsp;&raquo;. &Ccedil;a get&rsquo;s m&ocirc;l, gros.<\/p>\n<p>Sinon les mecs de <a href=\"http:\/\/www.muse.mu\" target=\"_blank\">Muse<\/a> ont post&eacute; l&rsquo;int&eacute;gralit&eacute; de leur <em>Black Holes And Revelations<\/em> sur <a href=\"http:\/\/www.myspace.com\/muse\" target=\"_blank\">LeurEspace<\/a>. Malins, les mecs de Muse. Comme tout le d&eacute;but de leur album est somme toute assez flan-flan<sup>1<\/sup>, ils le mettent en &eacute;coute inzappable<sup>2<\/sup> afin que tu doives tout te taper pour arriver &agrave; sa chouette fin<sup>3<\/sup>. &Ccedil;a fait que plus tu l&rsquo;&eacute;coutes, plus tu t&rsquo;habitues, et au bout de trois fois tu te retrouves en train de te tr&eacute;mousser comme un con sur <em>Supermassive Black Hole<\/em> ou hocher de la t&ecirc;te sur <em>Starlight<\/em> devant ton &eacute;cran, attrap&eacute; que tu es par cette maligne strat&eacute;gie musicalo-mercantile. Ils sont fut&eacute;s, les gros.<\/p>\n<p>J&rsquo;ai bien fait de troquer ma pause-caf&eacute; contre une pause-bel&ouml;gue, dis donc, elle est super-int&eacute;ressante, ma vie.<\/p>\n<p>Les autres gros reviennent du caf&eacute;, on parle de la pub de la C4 avec le robot g<small>r<\/small>og<small>r<\/small>o-dancer, je leur &eacute;tale ma science publicitaire en leur racontant l&rsquo;histoire d&rsquo;Euro-RSCG qui a d&ucirc; faire le for&ccedil;age pour que Citro&euml;n accepte le concept et ils me regardent d&rsquo;un &oelig;il qui me confirme que oui, en effet, ma vie est d&eacute;cid&eacute;ment super-int&eacute;ressante.<\/p>\n<p align=\"right\">Super-int&eacute;ressante, peut-&ecirc;tre, mais dure, oh &ccedil;a oui. Surtout les lendemains d&rsquo;ap&eacute;ros du mercredi.<\/p>\n<div id=\"bandeson\">\n<p><img decoding=\"async\" src=\"https:\/\/www.wallendorff.com\/belogue\/photo\/pochettes\/m\/muse-black_holes_and_revelations.jpg\" align=\"left\" \/>&nbsp;<a href=\"http:\/\/www.muse.mu\/\">Muse<\/a> &ndash; <em>Exo-Politics<\/em><sup>4<\/sup><\/p>\n<\/div>\n<p>_____<\/p>\n<div id=\"bas_note\">\n<p><sup>1<\/sup> On pardonnera les n&eacute;ologisme imprudents d&ucirc;s &agrave; un taux d&rsquo;alcool&eacute;mie toujours trouble &agrave; l&rsquo;heure o&ugrave; nous postions ces lignes.<\/p>\n<p><sup>2<\/sup> Oui, m&ecirc;me celui-l&agrave;, il faudra le pardonner.<\/p>\n<p><sup>3<\/sup> On peut aussi le laisser tourner sans &eacute;couter le d&eacute;but et ne mettre le son qu&rsquo;au bout d&rsquo;une demi-heure, mais on va dire que je suis trop fatigu&eacute; pour que cette fulgurante id&eacute;e me traverse l&rsquo;esprit.<\/p>\n<p><sup>4<\/sup> Vous mettre la piste 8 sans que vous ayez &agrave; vous taper les 7 pr&eacute;c&eacute;dentes, quand m&ecirc;me, avouez que c&rsquo;est sympa de ma part. <\/p>\n<\/p><\/div>\n","protected":false},"excerpt":{"rendered":"<p>Rue du Clo&icirc;tre Notre-Dame, Paris, 28 juin. Maintenant je sais pourquoi je n&rsquo;avais plus fait d&rsquo;ap&eacute;ro du mercredi soir depuis 6 mois. Le probl&egrave;me de l&rsquo;ap&eacute;ro du mercredi soir, au final, c&rsquo;est le jeudi matin. Enfin au moins j&rsquo;aurai parl&eacute; anglais. Avec la meilleure copine de l&rsquo;ex-colloc de Chris Martin, s&rsquo;il te pla&icirc;t. Celle qui&hellip;<\/p>\n","protected":false},"author":1,"featured_media":24119,"comment_status":"open","ping_status":"open","sticky":false,"template":"","format":"standard","meta":{"_acf_changed":false,"ngg_post_thumbnail":0,"jetpack_post_was_ever_published":false,"_jetpack_newsletter_access":"","_jetpack_dont_email_post_to_subs":false,"_jetpack_newsletter_tier_id":0,"_jetpack_memberships_contains_paywalled_content":false,"_jetpack_memberships_contains_paid_content":false,"footnotes":"","jetpack_publicize_message":"","jetpack_publicize_feature_enabled":true,"jetpack_social_post_already_shared":false,"jetpack_social_options":{"image_generator_settings":{"template":"highway","default_image_id":0,"font":"","enabled":false},"version":2}},"categories":[3],"tags":[10277,142,132,931,1664,10120,1663,10121,10175,10090,10098,10305,1662],"class_list":["post-184","post","type-post","status-publish","format-standard","has-post-thumbnail","hentry","category-dpc","tag-10277","tag-ef-s-10-22-mm-f35-45-usm","tag-eos-20d","tag-cathedrale-notre-dame-de-paris","tag-exo-politics","tag-france","tag-gros","tag-ile-de-france","tag-lorraine","tag-muse","tag-paris","tag-porte","tag-rue-du-cloitre-notre-dame"],"acf":[],"geo":{"latitude":48.853302,"longitude":2.3498404,"description":"14 Rue du Clo\u00eetre Notre Dame, 75004 Paris, France"},"jetpack_publicize_connections":[],"jetpack_featured_media_url":"https:\/\/www.wallendorff.com\/belogue\/wp-content\/uploads\/2015\/04\/200606291.jpg","jetpack_shortlink":"https:\/\/wp.me\/p3b35P-2Y","jetpack_sharing_enabled":true,"jetpack-related-posts":[{"id":3918,"url":"https:\/\/www.wallendorff.com\/belogue\/2009\/02\/18\/grandes-sorgues\/","url_meta":{"origin":184,"position":0},"title":"Grandes sorgues.","author":"dpc","date":"18 f\u00e9vrier 2009","format":false,"excerpt":"Rue du Clo\u00eetre Notre-Dame, Paris, 13 janvier. Y a quand m\u00eame des gens, dans la vie, \u00e7a fait du bien de les entendre \u00e0 nouveau . \u00a0Ghinzu \u2013 Cold Love","rel":"","context":"Dans &quot;DPC&quot;","block_context":{"text":"DPC","link":"https:\/\/www.wallendorff.com\/belogue\/category\/dpc\/"},"img":{"alt_text":"","src":"https:\/\/i0.wp.com\/www.wallendorff.com\/belogue\/wp-content\/uploads\/2015\/04\/200902181.jpg?resize=350%2C200&ssl=1","width":350,"height":200,"srcset":"https:\/\/i0.wp.com\/www.wallendorff.com\/belogue\/wp-content\/uploads\/2015\/04\/200902181.jpg?resize=350%2C200&ssl=1 1x, https:\/\/i0.wp.com\/www.wallendorff.com\/belogue\/wp-content\/uploads\/2015\/04\/200902181.jpg?resize=525%2C300&ssl=1 1.5x"},"classes":[]},{"id":86,"url":"https:\/\/www.wallendorff.com\/belogue\/2006\/02\/23\/pas-cense-long-heurte-tant\/","url_meta":{"origin":184,"position":1},"title":"Pas cens\u00e9 long heurt de temps.","author":"dpc","date":"23 f\u00e9vrier 2006","format":false,"excerpt":"Studios Ferber, Paris, 31 janvier, 22h03. R\u00e9sumons. Je suis debout dans une trav\u00e9e de Bercy, entour\u00e9 par ma s\u0153ur et mon p\u00e8re, 4 concerts de Depeche Mode au compteur chacun, et \u00e0 une centaine de m\u00e8tre de l\u00e0, un Gahan torse nu braille \u00e0 qui veut l'entendre [c'est-\u00e0-dire tout le\u2026","rel":"","context":"Dans &quot;DPC&quot;","block_context":{"text":"DPC","link":"https:\/\/www.wallendorff.com\/belogue\/category\/dpc\/"},"img":{"alt_text":"","src":"https:\/\/i0.wp.com\/www.wallendorff.com\/belogue\/wp-content\/uploads\/2015\/04\/200602231.jpg?resize=350%2C200&ssl=1","width":350,"height":200},"classes":[]},{"id":110630,"url":"https:\/\/www.wallendorff.com\/belogue\/2023\/01\/31\/janvier-2023\/","url_meta":{"origin":184,"position":2},"title":"Janvier 2023.","author":"dpc","date":"31 janvier 2023","format":false,"excerpt":"Un r\u00e9veillon, un lac, une autoroute, un ap\u00e9ro, un gros chausson, un sapin de No\u00ebl, des photographes, une fin de spectacle, des pipes, un m\u00e9tro, des tours Eiffel en plastique, un mus\u00e9e, une passerelle, un violoncelle, un escalier, une \u00e9glise, un tigre douillet, un no\u00ebl du livre, un graffiti, une\u2026","rel":"","context":"Dans &quot;Blog-note&quot;","block_context":{"text":"Blog-note","link":"https:\/\/www.wallendorff.com\/belogue\/category\/blog-note\/"},"img":{"alt_text":"","src":"https:\/\/i0.wp.com\/www.wallendorff.com\/belogue\/wp-content\/uploads\/2023\/02\/20230215-62.jpg?resize=350%2C200&ssl=1","width":350,"height":200,"srcset":"https:\/\/i0.wp.com\/www.wallendorff.com\/belogue\/wp-content\/uploads\/2023\/02\/20230215-62.jpg?resize=350%2C200&ssl=1 1x, https:\/\/i0.wp.com\/www.wallendorff.com\/belogue\/wp-content\/uploads\/2023\/02\/20230215-62.jpg?resize=525%2C300&ssl=1 1.5x, https:\/\/i0.wp.com\/www.wallendorff.com\/belogue\/wp-content\/uploads\/2023\/02\/20230215-62.jpg?resize=700%2C400&ssl=1 2x, https:\/\/i0.wp.com\/www.wallendorff.com\/belogue\/wp-content\/uploads\/2023\/02\/20230215-62.jpg?resize=1050%2C600&ssl=1 3x"},"classes":[]},{"id":5019,"url":"https:\/\/www.wallendorff.com\/belogue\/2009\/11\/10\/oh-blue-show-me-something-new\/","url_meta":{"origin":184,"position":3},"title":"Oh blue show me something new.","author":"dpc","date":"10 novembre 2009","format":false,"excerpt":"Clo\u00eetre des Billettes, Paris, 27 juin. Et en revoyant \u00e7a je r\u00e9alise que si Empire Records semble subitement tout vieux ce n'est pas \u00e0 cause d'Anthony LaPaglia avec plein de cheveux, Liv Tyler et Ren\u00e9e Zellwegger toutes jeunes ou le fait que la tenue cool en vigueur est un djine\u2026","rel":"","context":"Dans &quot;DPC&quot;","block_context":{"text":"DPC","link":"https:\/\/www.wallendorff.com\/belogue\/category\/dpc\/"},"img":{"alt_text":"","src":"https:\/\/i0.wp.com\/www.wallendorff.com\/belogue\/wp-content\/uploads\/2015\/04\/200911101.jpg?resize=350%2C200&ssl=1","width":350,"height":200},"classes":[]},{"id":631,"url":"https:\/\/www.wallendorff.com\/belogue\/2006\/08\/04\/rot-qui-aurore-pique-chur-chooz\/","url_meta":{"origin":184,"position":4},"title":"R&ocirc;t&sup1; qui aurore&sup2; pique chur&sup3; Chooz*.","author":"dpc","date":"4 ao\u00fbt 2006","format":false,"excerpt":"Rue \u00c9tienne Dolet, Paris, 29 juillet. [Keep moving.]5 \u00a0Zita Swoon \u2013 Jintro and the Great Luna (live) _____ 1 R\u00f4t comme une \u00ab Pi\u00e8ce de viande (boucherie, volaille, gibier) cuite \u00e0 feu vif et sans sauce, \u00e0 la broche ou au four. Synon. r\u00f4ti. Gros r\u00f4t (b\u0153uf, veau, mouton, porc,\u2026","rel":"","context":"Dans &quot;DPC&quot;","block_context":{"text":"DPC","link":"https:\/\/www.wallendorff.com\/belogue\/category\/dpc\/"},"img":{"alt_text":"","src":"https:\/\/i0.wp.com\/www.wallendorff.com\/belogue\/wp-content\/uploads\/2015\/04\/200608041.jpg?resize=350%2C200&ssl=1","width":350,"height":200},"classes":[]},{"id":127545,"url":"https:\/\/www.wallendorff.com\/belogue\/2024\/02\/29\/fevrier-2024\/","url_meta":{"origin":184,"position":5},"title":"F\u00e9vrier 2024.","author":"dpc","date":"29 f\u00e9vrier 2024","format":false,"excerpt":"Un gros piquet, des lumi\u00e8res, un si\u00e8ge, un man\u00e8ge, un m\u00e9tro, des chaises, un spectacle, un bisou, une expo, un gros dino, un v\u00e9lo, un reflet, un m\u00e9tro, un logo, une vitrine, une flaque, une cour, un pont, une grue, un chat pr\u00e9nomm\u00e9 Albert, un serpent tout vert, une marche,\u2026","rel":"","context":"Dans &quot;Blog-note&quot;","block_context":{"text":"Blog-note","link":"https:\/\/www.wallendorff.com\/belogue\/category\/blog-note\/"},"img":{"alt_text":"","src":"https:\/\/i0.wp.com\/www.wallendorff.com\/belogue\/wp-content\/uploads\/2024\/03\/20240321-50.jpg?resize=350%2C200&ssl=1","width":350,"height":200,"srcset":"https:\/\/i0.wp.com\/www.wallendorff.com\/belogue\/wp-content\/uploads\/2024\/03\/20240321-50.jpg?resize=350%2C200&ssl=1 1x, https:\/\/i0.wp.com\/www.wallendorff.com\/belogue\/wp-content\/uploads\/2024\/03\/20240321-50.jpg?resize=525%2C300&ssl=1 1.5x, https:\/\/i0.wp.com\/www.wallendorff.com\/belogue\/wp-content\/uploads\/2024\/03\/20240321-50.jpg?resize=700%2C400&ssl=1 2x, https:\/\/i0.wp.com\/www.wallendorff.com\/belogue\/wp-content\/uploads\/2024\/03\/20240321-50.jpg?resize=1050%2C600&ssl=1 3x"},"classes":[]}],"_links":{"self":[{"href":"https:\/\/www.wallendorff.com\/belogue\/wp-json\/wp\/v2\/posts\/184","targetHints":{"allow":["GET"]}}],"collection":[{"href":"https:\/\/www.wallendorff.com\/belogue\/wp-json\/wp\/v2\/posts"}],"about":[{"href":"https:\/\/www.wallendorff.com\/belogue\/wp-json\/wp\/v2\/types\/post"}],"author":[{"embeddable":true,"href":"https:\/\/www.wallendorff.com\/belogue\/wp-json\/wp\/v2\/users\/1"}],"replies":[{"embeddable":true,"href":"https:\/\/www.wallendorff.com\/belogue\/wp-json\/wp\/v2\/comments?post=184"}],"version-history":[{"count":2,"href":"https:\/\/www.wallendorff.com\/belogue\/wp-json\/wp\/v2\/posts\/184\/revisions"}],"predecessor-version":[{"id":17132,"href":"https:\/\/www.wallendorff.com\/belogue\/wp-json\/wp\/v2\/posts\/184\/revisions\/17132"}],"wp:featuredmedia":[{"embeddable":true,"href":"https:\/\/www.wallendorff.com\/belogue\/wp-json\/wp\/v2\/media\/24119"}],"wp:attachment":[{"href":"https:\/\/www.wallendorff.com\/belogue\/wp-json\/wp\/v2\/media?parent=184"}],"wp:term":[{"taxonomy":"category","embeddable":true,"href":"https:\/\/www.wallendorff.com\/belogue\/wp-json\/wp\/v2\/categories?post=184"},{"taxonomy":"post_tag","embeddable":true,"href":"https:\/\/www.wallendorff.com\/belogue\/wp-json\/wp\/v2\/tags?post=184"}],"curies":[{"name":"wp","href":"https:\/\/api.w.org\/{rel}","templated":true}]}}