{"id":18354,"date":"2012-07-24T15:58:04","date_gmt":"2012-07-24T13:58:04","guid":{"rendered":"http:\/\/www.po-L.com\/belogue\/?p=18354"},"modified":"2012-09-21T13:04:35","modified_gmt":"2012-09-21T11:04:35","slug":"paleo-festival-2012-nyon-17-21-juillet","status":"publish","type":"post","link":"https:\/\/www.wallendorff.com\/belogue\/2012\/07\/24\/paleo-festival-2012-nyon-17-21-juillet\/","title":{"rendered":"Pal\u00e9o Festival 2012, Nyon, 17-21 juillet."},"content":{"rendered":"\n<div id=\"photo\">\n<p><img decoding=\"async\" src=\"https:\/\/www.wallendorff.com\/belogue\/photo\/2012\/07\/20120724.jpg\"><\/p>\n<\/p><\/div>\n<p style=\"text-align:right\">De dr&ocirc;les de d&eacute;buts mais une chouette semaine, au final. Vraiment content. &Agrave; refaire.<\/p>\n<h1>Mardi 17 juillet<\/h1>\n<h5>Brigitte | Camille | M83 et un gros lapin<\/h5>ngg_shortcode_0_placeholder<h1>Mercredi 18 juillet<\/h1>\n<h5>Black Lion Genocide (galerie <a href=\"https:\/\/www.wallendorff.com\/belogue\/2012\/07\/20\/black-lion-genocide-paleo-festival-nyon-18-juillet\/\">l&agrave;-bas<\/a>) | Dionysos | Other Lives | Boy<\/h5>ngg_shortcode_1_placeholder<h1>Jeudi 19 juillet<\/h1>\n<h5>Nadeah [et c&rsquo;est tout]<\/h5>ngg_shortcode_2_placeholder<h1>Vendredi 20 juillet<\/h1>\n<h5>Theophilus London | Skip the Use<\/h5>ngg_shortcode_3_placeholder<h1>Samedi 21 juillet<\/h1>\n<h5>The Kills | Airnadette | GieDr&eacute; | Bloc Party<\/h5>ngg_shortcode_4_placeholder<p>&nbsp;<\/p>\n","protected":false},"excerpt":{"rendered":"<p>De dr&ocirc;les de d&eacute;buts mais une chouette semaine, au final. Vraiment content. &Agrave; refaire. Mardi 17 juillet Brigitte | Camille | M83 et un gros lapin Mercredi 18 juillet Black Lion Genocide (galerie l&agrave;-bas) | Dionysos | Other Lives | Boy Jeudi 19 juillet Nadeah [et c&rsquo;est tout] Vendredi 20 juillet Theophilus London | Skip&hellip;<\/p>\n","protected":false},"author":1,"featured_media":25947,"comment_status":"open","ping_status":"open","sticky":false,"template":"","format":"standard","meta":{"_acf_changed":false,"ngg_post_thumbnail":0,"jetpack_post_was_ever_published":false,"_jetpack_newsletter_access":"","_jetpack_dont_email_post_to_subs":false,"_jetpack_newsletter_tier_id":0,"_jetpack_memberships_contains_paywalled_content":false,"_jetpack_memberships_contains_paid_content":false,"footnotes":"","jetpack_publicize_message":"","jetpack_publicize_feature_enabled":true,"jetpack_social_post_already_shared":false,"jetpack_social_options":{"image_generator_settings":{"template":"highway","default_image_id":0,"font":"","enabled":false},"version":2}},"categories":[7],"tags":[10951,11105,10084,6103,10823,10220,10937,11045,11066,1016,2571,196,1438,181,187,2615,10887,11106,11098,10144,11084,10130,10326,11080,10113,10210,10136,10804,11102,11109,11107,11097,10752,10482,10622,11099,10449,10940,1708,11079,10870,10882,10199,10135,10959,10407,11047,10440,10886,10212,6286,11110,6242,10150],"class_list":["post-18354","post","type-post","status-publish","format-standard","has-post-thumbnail","hentry","category-alive","tag-10951","tag-airnadette","tag-alive","tag-ambiance-2","tag-antenne","tag-bloc-party","tag-boy","tag-brigitte","tag-camille","tag-ef-15-mm-f28-fisheye","tag-ef-16-35-mm-f28l-ii-usm","tag-ef-28-70-mm-f28l-usm","tag-ef-50-mm-f14-usm","tag-ef-70-200-mm-f28l-usm","tag-eos-1d-mark-ii","tag-eos-5d-mark-ii","tag-canton-de-vaud","tag-chateau-brutal","tag-chinese-man","tag-ciel","tag-container","tag-couleur-3","tag-crepuscule","tag-dictrict-de-nyon","tag-dionysos","tag-escalier","tag-festival","tag-fleur","tag-frank-matter","tag-giedre","tag-gunther-love","tag-la-fanfare-electrique","tag-lapin","tag-m83","tag-main","tag-nadeah","tag-nyon","tag-other-lives","tag-paleo-festival","tag-paleo-festival-2012","tag-peluche","tag-pied","tag-pieds","tag-public","tag-saut","tag-silhouette","tag-skip-the-use","tag-slam","tag-suisse","tag-the-kills","tag-theophilus-london","tag-thomas-vdb","tag-tournesol","tag-train"],"acf":[],"geo":{"latitude":46.4043083,"longitude":6.2068462,"description":"Signy, Canton de Vaud, 1274, CH"},"jetpack_publicize_connections":[],"jetpack_featured_media_url":"https:\/\/www.wallendorff.com\/belogue\/wp-content\/uploads\/2015\/04\/201207241.jpg","jetpack_shortlink":"https:\/\/wp.me\/p3b35P-4M2","jetpack_sharing_enabled":true,"jetpack-related-posts":[{"id":23255,"url":"https:\/\/www.wallendorff.com\/belogue\/2014\/08\/05\/paleo-festival-nyon-26-juillet\/","url_meta":{"origin":18354,"position":0},"title":"Pal\u00e9o Festival, Nyon, 26 juillet.","author":"dpc","date":"5 ao\u00fbt 2014","format":false,"excerpt":"Samedi embourb\u00e9, on tra\u00eene 5\u00a0kg de terre par godasse et on glisse dans les pentes. Casseurs Flowters impressionnants dans le coucher de soleil, un tour de grande roue et des Fills Monkey g\u00e9niaux. Pour le reste des photos, suivre ce lien. So Destroyed Prince Rama \u00a0","rel":"","context":"Dans &quot;Alive&quot;","block_context":{"text":"Alive","link":"https:\/\/www.wallendorff.com\/belogue\/category\/alive\/"},"img":{"alt_text":"","src":"https:\/\/i0.wp.com\/www.wallendorff.com\/belogue\/wp-content\/uploads\/2015\/04\/201408051.jpg?resize=350%2C200&ssl=1","width":350,"height":200,"srcset":"https:\/\/i0.wp.com\/www.wallendorff.com\/belogue\/wp-content\/uploads\/2015\/04\/201408051.jpg?resize=350%2C200&ssl=1 1x, https:\/\/i0.wp.com\/www.wallendorff.com\/belogue\/wp-content\/uploads\/2015\/04\/201408051.jpg?resize=525%2C300&ssl=1 1.5x, https:\/\/i0.wp.com\/www.wallendorff.com\/belogue\/wp-content\/uploads\/2015\/04\/201408051.jpg?resize=700%2C400&ssl=1 2x"},"classes":[]},{"id":23240,"url":"https:\/\/www.wallendorff.com\/belogue\/2014\/08\/02\/paleo-festival-nyon-23-juillet\/","url_meta":{"origin":18354,"position":1},"title":"Pal\u00e9o Festival, Nyon, 23 juillet.","author":"dpc","date":"2 ao\u00fbt 2014","format":false,"excerpt":"Il fait lourd, Cats on Trees valent le D\u00e9tour, des gens hantent le site la t\u00eate dans une caisse ou un aquarium, Seasick Steve a une impressionnante collection de guitares faites maison et Jack Johnson un sacr\u00e9 stock de dentifrice. Le public huera les Fran\u00e7ais pendant Stroma\u00eb, rapportera-t-on. Je reste\u2026","rel":"","context":"Dans &quot;Alive&quot;","block_context":{"text":"Alive","link":"https:\/\/www.wallendorff.com\/belogue\/category\/alive\/"},"img":{"alt_text":"","src":"https:\/\/i0.wp.com\/www.wallendorff.com\/belogue\/wp-content\/uploads\/2015\/04\/201408021.jpg?resize=350%2C200&ssl=1","width":350,"height":200,"srcset":"https:\/\/i0.wp.com\/www.wallendorff.com\/belogue\/wp-content\/uploads\/2015\/04\/201408021.jpg?resize=350%2C200&ssl=1 1x, https:\/\/i0.wp.com\/www.wallendorff.com\/belogue\/wp-content\/uploads\/2015\/04\/201408021.jpg?resize=525%2C300&ssl=1 1.5x, https:\/\/i0.wp.com\/www.wallendorff.com\/belogue\/wp-content\/uploads\/2015\/04\/201408021.jpg?resize=700%2C400&ssl=1 2x"},"classes":[]},{"id":23230,"url":"https:\/\/www.wallendorff.com\/belogue\/2014\/08\/01\/paleo-festival-nyon-22-juillet\/","url_meta":{"origin":18354,"position":2},"title":"Pal\u00e9o Festival, Nyon, 22 juillet.","author":"dpc","date":"1 ao\u00fbt 2014","format":false,"excerpt":"9\u00a0h pile pour franchir les 396,97\u00a0km \u00e0 vol d'oiseau qui s\u00e9parent mon logis de la fosse du D\u00e9tour. Les parkings ferm\u00e9s, la boue partout, friser l'hypobi\u00e8r\u00e9mie par manque de francs suisses [merci \u00e0 toi qui m'a abreuv\u00e9, tu m'as sauv\u00e9 la vie], mais au final retrouver les topains de colos,\u2026","rel":"","context":"Dans &quot;Alive&quot;","block_context":{"text":"Alive","link":"https:\/\/www.wallendorff.com\/belogue\/category\/alive\/"},"img":{"alt_text":"","src":"https:\/\/i0.wp.com\/www.wallendorff.com\/belogue\/wp-content\/uploads\/2015\/04\/201408011.jpg?resize=350%2C200&ssl=1","width":350,"height":200,"srcset":"https:\/\/i0.wp.com\/www.wallendorff.com\/belogue\/wp-content\/uploads\/2015\/04\/201408011.jpg?resize=350%2C200&ssl=1 1x, https:\/\/i0.wp.com\/www.wallendorff.com\/belogue\/wp-content\/uploads\/2015\/04\/201408011.jpg?resize=525%2C300&ssl=1 1.5x, https:\/\/i0.wp.com\/www.wallendorff.com\/belogue\/wp-content\/uploads\/2015\/04\/201408011.jpg?resize=700%2C400&ssl=1 2x"},"classes":[]},{"id":18298,"url":"https:\/\/www.wallendorff.com\/belogue\/2012\/07\/20\/black-lion-genocide-paleo-festival-nyon-18-juillet\/","url_meta":{"origin":18354,"position":3},"title":"Black Lion Genocide @ Pal\u00e9o Festival, Nyon, 18 juillet.","author":"dpc","date":"20 juillet 2012","format":false,"excerpt":"Tout d\u00e9fonc\u00e9. Mortel. Une baffe. Pal\u00e9o pas fini mais on s'en fout, il y aura eu un avant et un apr\u00e8s le puissant set de Black Lion Genocide (c'est du black m\u00e9tal, interview l\u00e0). Le reste du festival est l\u00e0. En attendant, la grosse grosse col\u00e8re des Valaisans. Black Lion\u2026","rel":"","context":"Dans &quot;Alive&quot;","block_context":{"text":"Alive","link":"https:\/\/www.wallendorff.com\/belogue\/category\/alive\/"},"img":{"alt_text":"","src":"https:\/\/i0.wp.com\/www.wallendorff.com\/belogue\/wp-content\/uploads\/2015\/04\/201207201.jpg?resize=350%2C200&ssl=1","width":350,"height":200,"srcset":"https:\/\/i0.wp.com\/www.wallendorff.com\/belogue\/wp-content\/uploads\/2015\/04\/201207201.jpg?resize=350%2C200&ssl=1 1x, https:\/\/i0.wp.com\/www.wallendorff.com\/belogue\/wp-content\/uploads\/2015\/04\/201207201.jpg?resize=525%2C300&ssl=1 1.5x, https:\/\/i0.wp.com\/www.wallendorff.com\/belogue\/wp-content\/uploads\/2015\/04\/201207201.jpg?resize=700%2C400&ssl=1 2x"},"classes":[]},{"id":23248,"url":"https:\/\/www.wallendorff.com\/belogue\/2014\/08\/04\/paleo-festival-nyon-24-25-juillet\/","url_meta":{"origin":18354,"position":4},"title":"Pal\u00e9o Festival, Nyon, 24-25 juillet.","author":"dpc","date":"4 ao\u00fbt 2014","format":false,"excerpt":"Jeudi sans bracelet, l'occasion d'all\u00e9ger le sac et de changer de style de photo (\u00e0 suivre, plus tard). Vendredi plus \u00e9nerv\u00e9. Il fait lourd, Skip the Use jouent sous la pluie, je me retrouve \u00e0 signer des autographes dans la fosse (une grande premi\u00e8re. Voir la photo no 37), Shaka\u2026","rel":"","context":"Dans &quot;Alive&quot;","block_context":{"text":"Alive","link":"https:\/\/www.wallendorff.com\/belogue\/category\/alive\/"},"img":{"alt_text":"","src":"https:\/\/i0.wp.com\/www.wallendorff.com\/belogue\/wp-content\/uploads\/2015\/04\/201408041.jpg?resize=350%2C200&ssl=1","width":350,"height":200,"srcset":"https:\/\/i0.wp.com\/www.wallendorff.com\/belogue\/wp-content\/uploads\/2015\/04\/201408041.jpg?resize=350%2C200&ssl=1 1x, https:\/\/i0.wp.com\/www.wallendorff.com\/belogue\/wp-content\/uploads\/2015\/04\/201408041.jpg?resize=525%2C300&ssl=1 1.5x, https:\/\/i0.wp.com\/www.wallendorff.com\/belogue\/wp-content\/uploads\/2015\/04\/201408041.jpg?resize=700%2C400&ssl=1 2x"},"classes":[]},{"id":42794,"url":"https:\/\/www.wallendorff.com\/belogue\/2019\/07\/25\/paleo-festival-2019-nyon-jour-2\/","url_meta":{"origin":18354,"position":5},"title":"Pal\u00e9o Festival 2019, Nyon, jour 2.","author":"dpc","date":"25 juillet 2019","format":false,"excerpt":"","rel":"","context":"Dans &quot;Alive&quot;","block_context":{"text":"Alive","link":"https:\/\/www.wallendorff.com\/belogue\/category\/alive\/"},"img":{"alt_text":"","src":"https:\/\/i0.wp.com\/www.wallendorff.com\/belogue\/wp-content\/uploads\/2019\/07\/20190725-64.jpg?resize=350%2C200&ssl=1","width":350,"height":200,"srcset":"https:\/\/i0.wp.com\/www.wallendorff.com\/belogue\/wp-content\/uploads\/2019\/07\/20190725-64.jpg?resize=350%2C200&ssl=1 1x, https:\/\/i0.wp.com\/www.wallendorff.com\/belogue\/wp-content\/uploads\/2019\/07\/20190725-64.jpg?resize=525%2C300&ssl=1 1.5x, https:\/\/i0.wp.com\/www.wallendorff.com\/belogue\/wp-content\/uploads\/2019\/07\/20190725-64.jpg?resize=700%2C400&ssl=1 2x, https:\/\/i0.wp.com\/www.wallendorff.com\/belogue\/wp-content\/uploads\/2019\/07\/20190725-64.jpg?resize=1050%2C600&ssl=1 3x"},"classes":[]}],"_links":{"self":[{"href":"https:\/\/www.wallendorff.com\/belogue\/wp-json\/wp\/v2\/posts\/18354","targetHints":{"allow":["GET"]}}],"collection":[{"href":"https:\/\/www.wallendorff.com\/belogue\/wp-json\/wp\/v2\/posts"}],"about":[{"href":"https:\/\/www.wallendorff.com\/belogue\/wp-json\/wp\/v2\/types\/post"}],"author":[{"embeddable":true,"href":"https:\/\/www.wallendorff.com\/belogue\/wp-json\/wp\/v2\/users\/1"}],"replies":[{"embeddable":true,"href":"https:\/\/www.wallendorff.com\/belogue\/wp-json\/wp\/v2\/comments?post=18354"}],"version-history":[{"count":11,"href":"https:\/\/www.wallendorff.com\/belogue\/wp-json\/wp\/v2\/posts\/18354\/revisions"}],"predecessor-version":[{"id":19031,"href":"https:\/\/www.wallendorff.com\/belogue\/wp-json\/wp\/v2\/posts\/18354\/revisions\/19031"}],"wp:featuredmedia":[{"embeddable":true,"href":"https:\/\/www.wallendorff.com\/belogue\/wp-json\/wp\/v2\/media\/25947"}],"wp:attachment":[{"href":"https:\/\/www.wallendorff.com\/belogue\/wp-json\/wp\/v2\/media?parent=18354"}],"wp:term":[{"taxonomy":"category","embeddable":true,"href":"https:\/\/www.wallendorff.com\/belogue\/wp-json\/wp\/v2\/categories?post=18354"},{"taxonomy":"post_tag","embeddable":true,"href":"https:\/\/www.wallendorff.com\/belogue\/wp-json\/wp\/v2\/tags?post=18354"}],"curies":[{"name":"wp","href":"https:\/\/api.w.org\/{rel}","templated":true}]}}