{"id":18,"date":"2006-11-08T00:13:39","date_gmt":"2006-11-08T00:13:39","guid":{"rendered":"http:\/\/www.po-l.com\/wordpress\/?p=18"},"modified":"2012-07-13T10:49:56","modified_gmt":"2012-07-13T08:49:56","slug":"souris-a-la-vie","status":"publish","type":"post","link":"https:\/\/www.wallendorff.com\/belogue\/2006\/11\/08\/souris-a-la-vie\/","title":{"rendered":"Souris [\u00c0 la vie]."},"content":{"rendered":"\n<div id=\"photo\">\n<p><img decoding=\"async\" src=\"https:\/\/www.wallendorff.com\/belogue\/photo\/2006\/11\/20061108.jpg\"\/><br \/>\n          Cat Power, le Grand Rex, Paris, 5 novembre.<\/p>\n<\/p><\/div>\n<div id=\"bandeson\">\n<p><img decoding=\"async\" src=\"https:\/\/www.wallendorff.com\/belogue\/photo\/pochettes\/e\/elista-la_folie_douce.jpg\" align=\"left\" \/>&nbsp;<a href=\"http:\/\/www.elistamusique.com\/\">Elista<\/a> &ndash; <em>Mon ivresse (&agrave; l&rsquo;autoroute A3)<\/em><\/p>\n<\/div>\n","protected":false},"excerpt":{"rendered":"<p>Cat Power, le Grand Rex, Paris, 5 novembre. &nbsp;Elista &ndash; Mon ivresse (&agrave; l&rsquo;autoroute A3)<\/p>\n","protected":false},"author":1,"featured_media":23953,"comment_status":"open","ping_status":"open","sticky":false,"template":"","format":"standard","meta":{"_acf_changed":false,"ngg_post_thumbnail":0,"jetpack_post_was_ever_published":false,"_jetpack_newsletter_access":"","_jetpack_dont_email_post_to_subs":false,"_jetpack_newsletter_tier_id":0,"_jetpack_memberships_contains_paywalled_content":false,"_jetpack_memberships_contains_paid_content":false,"footnotes":"","jetpack_publicize_message":"","jetpack_publicize_feature_enabled":true,"jetpack_social_post_already_shared":false,"jetpack_social_options":{"image_generator_settings":{"template":"highway","default_image_id":0,"font":"","enabled":false},"version":2}},"categories":[3],"tags":[174,10251,10084,181,132,1389,10163,10120,10121,10417,1830,143,10098],"class_list":["post-18","post","type-post","status-publish","format-standard","has-post-thumbnail","hentry","category-dpc","tag-174","tag-10251","tag-alive","tag-ef-70-200-mm-f28l-usm","tag-eos-20d","tag-cat-power","tag-elista","tag-france","tag-ile-de-france","tag-le-grand-rex","tag-mon-ivresse-a-lautoroute-a3","tag-noir-et-blanc","tag-paris"],"acf":[],"geo":{"latitude":48.8705177,"longitude":2.3475282,"description":"1-5 Boulevard Poissonni\u00e8re, 75002 Paris, France"},"jetpack_publicize_connections":[],"jetpack_featured_media_url":"https:\/\/www.wallendorff.com\/belogue\/wp-content\/uploads\/2015\/04\/200611081.jpg","jetpack_shortlink":"https:\/\/wp.me\/p3b35P-i","jetpack_sharing_enabled":true,"jetpack-related-posts":[{"id":855,"url":"https:\/\/www.wallendorff.com\/belogue\/2006\/12\/20\/elista-la-boule-noire-paris\/","url_meta":{"origin":18,"position":0},"title":"Elista @ la Boule Noire, Paris.","author":"dpc","date":"20 d\u00e9cembre 2006","format":false,"excerpt":"Finir dans les journaux r\u00e9veill\u00e9, La folie douce tendu, Mon ivresse (\u00c0 l'autoroute A3) survolt\u00e9... Si le c\u00f4t\u00e9 rock aiguis\u00e9 du deuxi\u00e8me album s\u00e9duisait sur disque, il arrache tout en live. Elista s'\u00e9nerve, enrage et \u00e9lectrise m\u00eame ses anciennes compos (La vie \u00e0 deux, D\u00e9\u00e7us du paradis). On passa par\u2026","rel":"","context":"Dans &quot;Alive&quot;","block_context":{"text":"Alive","link":"https:\/\/www.wallendorff.com\/belogue\/category\/alive\/"},"img":{"alt_text":"","src":"https:\/\/i0.wp.com\/www.wallendorff.com\/belogue\/wp-content\/uploads\/2015\/04\/200612201.jpg?resize=350%2C200&ssl=1","width":350,"height":200},"classes":[]},{"id":20283,"url":"https:\/\/www.wallendorff.com\/belogue\/2006\/10\/23\/la-folie-douce\/","url_meta":{"origin":18,"position":1},"title":"La Folie douce","author":"dpc","date":"23 octobre 2006","format":false,"excerpt":"Jive\/Epic_46\u201924\u201d_23\/10 On les a d\u00e9couverts avec leur simple, Debout, tir\u00e9 d\u2019un premier album prometteur, dans le creux de la \u00ab\u00a0nouvelle vague du rock fran\u00e7ais\u00a0\u00bb qui d\u00e9ferla mi-2003. Avec La folie douce, produit par \u2015\u00a0excusez du peu\u00a0\u2015 Dimitri Tikovo\u00ef (Placebo, Kill the Young) et Christine Verschoten (Ghinzu), l\u2019Elista 2006 se pr\u00e9sente\u2026","rel":"","context":"Dans &quot;Chroniques&quot;","block_context":{"text":"Chroniques","link":"https:\/\/www.wallendorff.com\/belogue\/category\/chroniques\/"},"img":{"alt_text":"","src":"","width":0,"height":0},"classes":[]},{"id":12469,"url":"https:\/\/www.wallendorff.com\/belogue\/2011\/03\/23\/elista-salon-du-livre-paris-19-mars\/","url_meta":{"origin":18,"position":2},"title":"Elista @ Salon du Livre, Paris, 19 mars.","author":"dpc","date":"23 mars 2011","format":false,"excerpt":"On va \u00e9viter d'\u00e9voquer \u00e7a pour l'instant. J'y suis all\u00e9 sans pr\u00e9voir de faire de photo et finalement en voil\u00e0 quatre, prises de mon si\u00e8ge. Pas pu m'emp\u00eacher. C'\u00e9tait plus fort que moi. Pardon. Maps & Atlases \u2013 Living Decorations","rel":"","context":"Dans &quot;Alive&quot;","block_context":{"text":"Alive","link":"https:\/\/www.wallendorff.com\/belogue\/category\/alive\/"},"img":{"alt_text":"","src":"https:\/\/i0.wp.com\/www.wallendorff.com\/belogue\/wp-content\/uploads\/2015\/04\/201103231.jpg?resize=350%2C200&ssl=1","width":350,"height":200,"srcset":"https:\/\/i0.wp.com\/www.wallendorff.com\/belogue\/wp-content\/uploads\/2015\/04\/201103231.jpg?resize=350%2C200&ssl=1 1x, https:\/\/i0.wp.com\/www.wallendorff.com\/belogue\/wp-content\/uploads\/2015\/04\/201103231.jpg?resize=525%2C300&ssl=1 1.5x, https:\/\/i0.wp.com\/www.wallendorff.com\/belogue\/wp-content\/uploads\/2015\/04\/201103231.jpg?resize=700%2C400&ssl=1 2x"},"classes":[]},{"id":969,"url":"https:\/\/www.wallendorff.com\/belogue\/2007\/06\/05\/elista-la-maroquinerie-paris\/","url_meta":{"origin":18,"position":3},"title":"Elista @ la Maroquinerie, Paris.","author":"dpc","date":"5 juin 2007","format":false,"excerpt":"Et happy 200, yeah. \u00a0Black Rebel Motorcycle Club \u2013 The Hardest Button to Button (The White Stripes cover) (live Reading 2003)","rel":"","context":"Dans &quot;Alive&quot;","block_context":{"text":"Alive","link":"https:\/\/www.wallendorff.com\/belogue\/category\/alive\/"},"img":{"alt_text":"","src":"https:\/\/i0.wp.com\/www.wallendorff.com\/belogue\/wp-content\/uploads\/2015\/04\/200706051.jpg?resize=350%2C200&ssl=1","width":350,"height":200,"srcset":"https:\/\/i0.wp.com\/www.wallendorff.com\/belogue\/wp-content\/uploads\/2015\/04\/200706051.jpg?resize=350%2C200&ssl=1 1x, https:\/\/i0.wp.com\/www.wallendorff.com\/belogue\/wp-content\/uploads\/2015\/04\/200706051.jpg?resize=525%2C300&ssl=1 1.5x, https:\/\/i0.wp.com\/www.wallendorff.com\/belogue\/wp-content\/uploads\/2015\/04\/200706051.jpg?resize=700%2C400&ssl=1 2x"},"classes":[]},{"id":899,"url":"https:\/\/www.wallendorff.com\/belogue\/2007\/02\/17\/elista-la-fleche-d-or-paris\/","url_meta":{"origin":18,"position":4},"title":"Elista @ la Fl\u00e8che d&rsquo;Or, Paris.","author":"dpc","date":"17 f\u00e9vrier 2007","format":false,"excerpt":"Le m\u00eame que la derni\u00e8re fois, mais avec un m\u00e9chant final de batterie sur Derri\u00e8re elle, des pogos un peu partout [c'est bien la premi\u00e8re fois que j'en vois pogoter sur Elista, tiens] et un featuring breton m\u00e9morable [et houblonn\u00e9] sur Debout. Le concert \u00e9tait enregistr\u00e9 par Radio N\u00e9o, en\u2026","rel":"","context":"Dans &quot;Alive&quot;","block_context":{"text":"Alive","link":"https:\/\/www.wallendorff.com\/belogue\/category\/alive\/"},"img":{"alt_text":"","src":"https:\/\/i0.wp.com\/www.wallendorff.com\/belogue\/wp-content\/uploads\/2015\/04\/200702171.jpg?resize=350%2C200&ssl=1","width":350,"height":200},"classes":[]},{"id":814,"url":"https:\/\/www.wallendorff.com\/belogue\/2006\/10\/26\/elista-le-bataclan-paris\/","url_meta":{"origin":18,"position":5},"title":"Elista @ Le Bataclan, Paris.","author":"dpc","date":"26 octobre 2006","format":false,"excerpt":"Ils ont s\u00e9duit en premi\u00e8re partie de The Servant hier soir, ils sont sympas, ils ont fait un chouette album y a trois ans et un encore plus chouette y a trois jours et je vous les conseille parce que pour une fois qu'un groupe fran\u00e7ais est bien, hein, profitons-en.\u2026","rel":"","context":"Dans &quot;Alive&quot;","block_context":{"text":"Alive","link":"https:\/\/www.wallendorff.com\/belogue\/category\/alive\/"},"img":{"alt_text":"","src":"https:\/\/i0.wp.com\/www.wallendorff.com\/belogue\/wp-content\/uploads\/2015\/04\/200610261.jpg?resize=350%2C200&ssl=1","width":350,"height":200},"classes":[]}],"_links":{"self":[{"href":"https:\/\/www.wallendorff.com\/belogue\/wp-json\/wp\/v2\/posts\/18","targetHints":{"allow":["GET"]}}],"collection":[{"href":"https:\/\/www.wallendorff.com\/belogue\/wp-json\/wp\/v2\/posts"}],"about":[{"href":"https:\/\/www.wallendorff.com\/belogue\/wp-json\/wp\/v2\/types\/post"}],"author":[{"embeddable":true,"href":"https:\/\/www.wallendorff.com\/belogue\/wp-json\/wp\/v2\/users\/1"}],"replies":[{"embeddable":true,"href":"https:\/\/www.wallendorff.com\/belogue\/wp-json\/wp\/v2\/comments?post=18"}],"version-history":[{"count":1,"href":"https:\/\/www.wallendorff.com\/belogue\/wp-json\/wp\/v2\/posts\/18\/revisions"}],"predecessor-version":[{"id":18206,"href":"https:\/\/www.wallendorff.com\/belogue\/wp-json\/wp\/v2\/posts\/18\/revisions\/18206"}],"wp:featuredmedia":[{"embeddable":true,"href":"https:\/\/www.wallendorff.com\/belogue\/wp-json\/wp\/v2\/media\/23953"}],"wp:attachment":[{"href":"https:\/\/www.wallendorff.com\/belogue\/wp-json\/wp\/v2\/media?parent=18"}],"wp:term":[{"taxonomy":"category","embeddable":true,"href":"https:\/\/www.wallendorff.com\/belogue\/wp-json\/wp\/v2\/categories?post=18"},{"taxonomy":"post_tag","embeddable":true,"href":"https:\/\/www.wallendorff.com\/belogue\/wp-json\/wp\/v2\/tags?post=18"}],"curies":[{"name":"wp","href":"https:\/\/api.w.org\/{rel}","templated":true}]}}