{"id":17900,"date":"2012-06-25T10:33:28","date_gmt":"2012-06-25T08:33:28","guid":{"rendered":"http:\/\/www.po-L.com\/belogue\/?p=17900"},"modified":"2012-06-25T10:35:51","modified_gmt":"2012-06-25T08:35:51","slug":"jacques-on-fire","status":"publish","type":"post","link":"https:\/\/www.wallendorff.com\/belogue\/2012\/06\/25\/jacques-on-fire\/","title":{"rendered":"Jacques on fire."},"content":{"rendered":"\n<div id=\"photo\">\n<p><img decoding=\"async\" src=\"https:\/\/www.wallendorff.com\/belogue\/photo\/2012\/06\/20120625.jpg\"><br \/>\nParis, 8 mai.<\/p>\n<\/p><\/div>\n<div id=\"bandeson\">\n<p><img decoding=\"async\" src=\"https:\/\/www.wallendorff.com\/belogue\/photo\/pochettes\/m\/metric-synthetica.jpg\" align=\"left\" \/><a href=\"http:\/\/ilovemetric.com\/\">Metric<\/a> &ndash; <a style=\"font-weight:normal\" id=\"lienmp3\" href=\"http:\/\/www.youtube.com\/watch?v=gVnQ5wsIaaA\"><em>Artificial Nocturne<\/em><\/a><\/p>\n<\/p><\/div>\n","protected":false},"excerpt":{"rendered":"<p>Paris, 8 mai. Metric &ndash; Artificial Nocturne<\/p>\n","protected":false},"author":1,"featured_media":25896,"comment_status":"open","ping_status":"open","sticky":false,"template":"","format":"standard","meta":{"_acf_changed":false,"ngg_post_thumbnail":0,"jetpack_post_was_ever_published":false,"_jetpack_newsletter_access":"","_jetpack_dont_email_post_to_subs":false,"_jetpack_newsletter_tier_id":0,"_jetpack_memberships_contains_paywalled_content":false,"_jetpack_memberships_contains_paid_content":false,"footnotes":"","jetpack_publicize_message":"","jetpack_publicize_feature_enabled":true,"jetpack_social_post_already_shared":false,"jetpack_social_options":{"image_generator_settings":{"template":"highway","default_image_id":0,"font":"","enabled":false},"version":2}},"categories":[3],"tags":[10182,5990,2615,10144,10326,5989,10120,10121,3680,10599,10098,170,10407,10227,10851,11039],"class_list":["post-17900","post","type-post","status-publish","format-standard","has-post-thumbnail","hentry","category-dpc","tag-10182","tag-artificial-nocturne","tag-eos-5d-mark-ii","tag-ciel","tag-crepuscule","tag-eglise-saint-jacques-de-la-boucherie","tag-france","tag-ile-de-france","tag-metric","tag-nuage","tag-paris","tag-sigma-70-300-mm-f4-56-dg-apo-macro","tag-silhouette","tag-statue","tag-tour","tag-tour-saint-jacques"],"acf":[],"geo":{"latitude":48.8579826,"longitude":2.3489606,"description":"39 Rue de Rivoli, 75004 Paris, France"},"jetpack_publicize_connections":[],"jetpack_featured_media_url":"https:\/\/www.wallendorff.com\/belogue\/wp-content\/uploads\/2015\/04\/201206251.jpg","jetpack_shortlink":"https:\/\/wp.me\/p3b35P-4EI","jetpack_sharing_enabled":true,"jetpack-related-posts":[{"id":1107,"url":"https:\/\/www.wallendorff.com\/belogue\/2007\/12\/12\/the-tellers-la-boule-noire-paris\/","url_meta":{"origin":17900,"position":0},"title":"The Tellers @ la Boule Noire, Paris.","author":"dpc","date":"12 d\u00e9cembre 2007","format":false,"excerpt":"Attention\u00a0: Ce n'est pas parce que \u00ab\u00a0Tellers\u00a0\u00bb signifie \u00ab\u00a0Raconteurs\u00a0\u00bb en anglais qu'automatiquement, leur chanteur doit s'appeler Jacques Blanc. \u00a0Mando Diao \u2013 One Blood","rel":"","context":"Dans &quot;Alive&quot;","block_context":{"text":"Alive","link":"https:\/\/www.wallendorff.com\/belogue\/category\/alive\/"},"img":{"alt_text":"","src":"https:\/\/i0.wp.com\/www.wallendorff.com\/belogue\/wp-content\/uploads\/2015\/04\/200712121.jpg?resize=350%2C200&ssl=1","width":350,"height":200,"srcset":"https:\/\/i0.wp.com\/www.wallendorff.com\/belogue\/wp-content\/uploads\/2015\/04\/200712121.jpg?resize=350%2C200&ssl=1 1x, https:\/\/i0.wp.com\/www.wallendorff.com\/belogue\/wp-content\/uploads\/2015\/04\/200712121.jpg?resize=525%2C300&ssl=1 1.5x, https:\/\/i0.wp.com\/www.wallendorff.com\/belogue\/wp-content\/uploads\/2015\/04\/200712121.jpg?resize=700%2C400&ssl=1 2x"},"classes":[]},{"id":132151,"url":"https:\/\/www.wallendorff.com\/belogue\/2025\/04\/17\/la-soute-est-reine\/","url_meta":{"origin":17900,"position":1},"title":"La soute est reine.","author":"dpc","date":"17 avril 2025","format":false,"excerpt":"Port Debilly, Paris, 13 f\u00e9vrier 2025.","rel":"","context":"Dans &quot;DPC&quot;","block_context":{"text":"DPC","link":"https:\/\/www.wallendorff.com\/belogue\/category\/dpc\/"},"img":{"alt_text":"","src":"https:\/\/i0.wp.com\/www.wallendorff.com\/belogue\/wp-content\/uploads\/2025\/04\/20250417-02.jpg?resize=350%2C200&ssl=1","width":350,"height":200,"srcset":"https:\/\/i0.wp.com\/www.wallendorff.com\/belogue\/wp-content\/uploads\/2025\/04\/20250417-02.jpg?resize=350%2C200&ssl=1 1x, https:\/\/i0.wp.com\/www.wallendorff.com\/belogue\/wp-content\/uploads\/2025\/04\/20250417-02.jpg?resize=525%2C300&ssl=1 1.5x, https:\/\/i0.wp.com\/www.wallendorff.com\/belogue\/wp-content\/uploads\/2025\/04\/20250417-02.jpg?resize=700%2C400&ssl=1 2x, https:\/\/i0.wp.com\/www.wallendorff.com\/belogue\/wp-content\/uploads\/2025\/04\/20250417-02.jpg?resize=1050%2C600&ssl=1 3x"},"classes":[]},{"id":41075,"url":"https:\/\/www.wallendorff.com\/belogue\/2019\/02\/01\/portrait-145\/","url_meta":{"origin":17900,"position":2},"title":"Portrait #146.","author":"dpc","date":"1 f\u00e9vrier 2019","format":false,"excerpt":"Place du Panth\u00e9on, Paris, 9 janvier 2019.","rel":"","context":"Dans &quot;Portraits&quot;","block_context":{"text":"Portraits","link":"https:\/\/www.wallendorff.com\/belogue\/category\/portraits\/"},"img":{"alt_text":"","src":"https:\/\/i0.wp.com\/www.wallendorff.com\/belogue\/wp-content\/uploads\/2019\/02\/20190201-03.jpg?resize=350%2C200&ssl=1","width":350,"height":200,"srcset":"https:\/\/i0.wp.com\/www.wallendorff.com\/belogue\/wp-content\/uploads\/2019\/02\/20190201-03.jpg?resize=350%2C200&ssl=1 1x, https:\/\/i0.wp.com\/www.wallendorff.com\/belogue\/wp-content\/uploads\/2019\/02\/20190201-03.jpg?resize=525%2C300&ssl=1 1.5x, https:\/\/i0.wp.com\/www.wallendorff.com\/belogue\/wp-content\/uploads\/2019\/02\/20190201-03.jpg?resize=700%2C400&ssl=1 2x, https:\/\/i0.wp.com\/www.wallendorff.com\/belogue\/wp-content\/uploads\/2019\/02\/20190201-03.jpg?resize=1050%2C600&ssl=1 3x"},"classes":[]},{"id":22133,"url":"https:\/\/www.wallendorff.com\/belogue\/2013\/11\/30\/novembre-2013\/","url_meta":{"origin":17900,"position":3},"title":"Novembre 2013.","author":"dpc","date":"30 novembre 2013","format":false,"excerpt":"Un train, une fondue, un lac, un train, un lac, un bar, des montres, un grand reretour, un train, une tour, des bras, des chaises, des bi\u00e8res, des photos, des burg\u00e8res, encore un train, encore une fondue, un mus\u00e9e, des phares, des bi\u00e8res et du p\u00e2t\u00e9, un gros chien, une\u2026","rel":"","context":"Dans &quot;Blog-note&quot;","block_context":{"text":"Blog-note","link":"https:\/\/www.wallendorff.com\/belogue\/category\/blog-note\/"},"img":{"alt_text":"","src":"https:\/\/i0.wp.com\/www.wallendorff.com\/belogue\/wp-content\/uploads\/2015\/04\/20131205-321.jpg?resize=350%2C200&ssl=1","width":350,"height":200,"srcset":"https:\/\/i0.wp.com\/www.wallendorff.com\/belogue\/wp-content\/uploads\/2015\/04\/20131205-321.jpg?resize=350%2C200&ssl=1 1x, https:\/\/i0.wp.com\/www.wallendorff.com\/belogue\/wp-content\/uploads\/2015\/04\/20131205-321.jpg?resize=525%2C300&ssl=1 1.5x, https:\/\/i0.wp.com\/www.wallendorff.com\/belogue\/wp-content\/uploads\/2015\/04\/20131205-321.jpg?resize=700%2C400&ssl=1 2x"},"classes":[]},{"id":23434,"url":"https:\/\/www.wallendorff.com\/belogue\/2014\/09\/30\/septembre-2014\/","url_meta":{"origin":17900,"position":4},"title":"Septembre 2014.","author":"dpc","date":"30 septembre 2014","format":false,"excerpt":"Une expo parisienne, une expo bruxelloise, un avion, une troisi\u00e8me capitale en 24\u00a0h, un tajine, une kermesse, un train, des salamis, une moustache, un bikini, des chaussures, une escalade nocturne, une galerie abandonn\u00e9e, des di\u0161ques, un bar de ruine, des bains, un m\u00e9tro neuf, un train, un billard \u00e0 la\u2026","rel":"","context":"Dans &quot;Blog-note&quot;","block_context":{"text":"Blog-note","link":"https:\/\/www.wallendorff.com\/belogue\/category\/blog-note\/"},"img":{"alt_text":"","src":"https:\/\/i0.wp.com\/www.wallendorff.com\/belogue\/wp-content\/uploads\/2015\/04\/20141014-191.jpg?resize=350%2C200&ssl=1","width":350,"height":200,"srcset":"https:\/\/i0.wp.com\/www.wallendorff.com\/belogue\/wp-content\/uploads\/2015\/04\/20141014-191.jpg?resize=350%2C200&ssl=1 1x, https:\/\/i0.wp.com\/www.wallendorff.com\/belogue\/wp-content\/uploads\/2015\/04\/20141014-191.jpg?resize=525%2C300&ssl=1 1.5x, https:\/\/i0.wp.com\/www.wallendorff.com\/belogue\/wp-content\/uploads\/2015\/04\/20141014-191.jpg?resize=700%2C400&ssl=1 2x"},"classes":[]},{"id":294,"url":"https:\/\/www.wallendorff.com\/belogue\/2005\/08\/10\/l-etrange-noelle-de-monsieur-jacques\/","url_meta":{"origin":17900,"position":5},"title":"L&rsquo;&eacute;trange No&euml;lle de Monsieur Jacques.","author":"dpc","date":"10 ao\u00fbt 2005","format":false,"excerpt":"Atelier Attali, Paris, 27 juillet. \u00a0Broken Social Scene \u2014 Almost Crimes (feat. Feist)","rel":"","context":"Dans &quot;DPC&quot;","block_context":{"text":"DPC","link":"https:\/\/www.wallendorff.com\/belogue\/category\/dpc\/"},"img":{"alt_text":"","src":"https:\/\/i0.wp.com\/www.wallendorff.com\/belogue\/wp-content\/uploads\/2015\/04\/200508101.jpg?resize=350%2C200&ssl=1","width":350,"height":200,"srcset":"https:\/\/i0.wp.com\/www.wallendorff.com\/belogue\/wp-content\/uploads\/2015\/04\/200508101.jpg?resize=350%2C200&ssl=1 1x, https:\/\/i0.wp.com\/www.wallendorff.com\/belogue\/wp-content\/uploads\/2015\/04\/200508101.jpg?resize=525%2C300&ssl=1 1.5x"},"classes":[]}],"_links":{"self":[{"href":"https:\/\/www.wallendorff.com\/belogue\/wp-json\/wp\/v2\/posts\/17900","targetHints":{"allow":["GET"]}}],"collection":[{"href":"https:\/\/www.wallendorff.com\/belogue\/wp-json\/wp\/v2\/posts"}],"about":[{"href":"https:\/\/www.wallendorff.com\/belogue\/wp-json\/wp\/v2\/types\/post"}],"author":[{"embeddable":true,"href":"https:\/\/www.wallendorff.com\/belogue\/wp-json\/wp\/v2\/users\/1"}],"replies":[{"embeddable":true,"href":"https:\/\/www.wallendorff.com\/belogue\/wp-json\/wp\/v2\/comments?post=17900"}],"version-history":[{"count":5,"href":"https:\/\/www.wallendorff.com\/belogue\/wp-json\/wp\/v2\/posts\/17900\/revisions"}],"predecessor-version":[{"id":17905,"href":"https:\/\/www.wallendorff.com\/belogue\/wp-json\/wp\/v2\/posts\/17900\/revisions\/17905"}],"wp:featuredmedia":[{"embeddable":true,"href":"https:\/\/www.wallendorff.com\/belogue\/wp-json\/wp\/v2\/media\/25896"}],"wp:attachment":[{"href":"https:\/\/www.wallendorff.com\/belogue\/wp-json\/wp\/v2\/media?parent=17900"}],"wp:term":[{"taxonomy":"category","embeddable":true,"href":"https:\/\/www.wallendorff.com\/belogue\/wp-json\/wp\/v2\/categories?post=17900"},{"taxonomy":"post_tag","embeddable":true,"href":"https:\/\/www.wallendorff.com\/belogue\/wp-json\/wp\/v2\/tags?post=17900"}],"curies":[{"name":"wp","href":"https:\/\/api.w.org\/{rel}","templated":true}]}}