{"id":17789,"date":"2012-06-18T12:27:08","date_gmt":"2012-06-18T10:27:08","guid":{"rendered":"http:\/\/www.po-L.com\/belogue\/?p=17789"},"modified":"2012-06-18T12:38:46","modified_gmt":"2012-06-18T10:38:46","slug":"iii-et-moi","status":"publish","type":"post","link":"https:\/\/www.wallendorff.com\/belogue\/2012\/06\/18\/iii-et-moi\/","title":{"rendered":"III [et moi]."},"content":{"rendered":"\n<div id=\"photo\">\n<p><img decoding=\"async\" src=\"https:\/\/www.wallendorff.com\/belogue\/photo\/2012\/06\/20120618.jpg\"><br \/>\nGare de l&rsquo;Est, Paris, 17 juin. &copy; 2012 <a href=\"http:\/\/www.morganimage.com\/\">Morgane Paunay<\/a><sup>1<\/sup>.<\/p>\n<\/p><\/div>\n<p>Elle d&eacute;fonce du poney, <a href=\"http:\/\/www.morganimage.com\/\">Morgane Launay<\/a>, en ce qui concerne le photographiage de gens, &agrave; un point tel que dans les milieux autoris&eacute;s, on a fini par la rebaptiser Morgane Paunay.<\/p>\n<p>Alors &agrave; force de harceler Morgane Paunay pendant trois mois pour qu&rsquo;elle me prenne en photo en Jack White avec un poney en peluche sur l&rsquo;&eacute;paule, Morgane Paunay a fini par bien vouloir me prendre en photo en Jack White avec une marmotte-qui-couine-quand-on-la-secoue &#8213;&nbsp;et qui s&rsquo;appelle Philippe, comme toutes les marmottes&nbsp;&#8213; parce que finalement nous n&rsquo;avions pas de poney en peluche en stock.<\/p>\n<p style=\"text-align:right\">Voil&agrave;. C&rsquo;est le d&eacute;but de la gloire.<\/p>\n<div id=\"bas_note\">\n<p>_____ <\/p>\n<p>1. Aucune marmotte-en-peluche-qui-couine-quand-on-la-secoue n&rsquo;a &eacute;t&eacute; bless&eacute;e durant l&rsquo;ex&eacute;cution de ce portrait.<\/p>\n<\/p><\/div>\n","protected":false},"excerpt":{"rendered":"<p>Gare de l&rsquo;Est, Paris, 17 juin. &copy; 2012 Morgane Paunay1. Elle d&eacute;fonce du poney, Morgane Launay, en ce qui concerne le photographiage de gens, &agrave; un point tel que dans les milieux autoris&eacute;s, on a fini par la rebaptiser Morgane Paunay. Alors &agrave; force de harceler Morgane Paunay pendant trois mois pour qu&rsquo;elle me prenne&hellip;<\/p>\n","protected":false},"author":1,"featured_media":26336,"comment_status":"open","ping_status":"open","sticky":false,"template":"","format":"standard","meta":{"_acf_changed":false,"ngg_post_thumbnail":0,"jetpack_post_was_ever_published":false,"_jetpack_newsletter_access":"","_jetpack_dont_email_post_to_subs":false,"_jetpack_newsletter_tier_id":0,"_jetpack_memberships_contains_paywalled_content":false,"_jetpack_memberships_contains_paid_content":false,"footnotes":"","jetpack_publicize_message":"","jetpack_publicize_feature_enabled":true,"jetpack_social_post_already_shared":false,"jetpack_social_options":{"image_generator_settings":{"template":"highway","default_image_id":0,"font":"","enabled":false},"version":2}},"categories":[3],"tags":[10267,737,5797,1438,2615,10120,982,10121,10095,5958,449,10098,10870,10272],"class_list":["post-17789","post","type-post","status-publish","format-standard","has-post-thumbnail","hentry","category-dpc","tag-10267","tag-bleu","tag-blunderbuss","tag-ef-50-mm-f14-usm","tag-eos-5d-mark-ii","tag-france","tag-gare-de-lest","tag-ile-de-france","tag-jack-white","tag-marmotte","tag-moi","tag-paris","tag-peluche","tag-portrait"],"acf":[],"geo":{"latitude":48.8775215,"longitude":2.3597112,"description":"Paris 10 Entrep\u00f4t, \u00cele-de-France, 75471 CEDEX 10, FR"},"jetpack_publicize_connections":[],"jetpack_featured_media_url":"https:\/\/www.wallendorff.com\/belogue\/wp-content\/uploads\/2015\/04\/201206181.jpg","jetpack_shortlink":"https:\/\/wp.me\/p3b35P-4CV","jetpack_sharing_enabled":true,"jetpack-related-posts":[{"id":22964,"url":"https:\/\/www.wallendorff.com\/belogue\/2014\/06\/14\/dix-ans-dautoportraits\/","url_meta":{"origin":17789,"position":0},"title":"Dix ans d&rsquo;autoportraits.","author":"dpc","date":"14 juin 2014","format":false,"excerpt":"Ou dix ans de sailphis, comme on dit aujourd'hui. Chicago 2. Millenium Park, Chicago, 11 d\u00e9cembre 2004. \u00a0 10\u00a0958 jours, 30 moi. Macomb, 15 janvier 2005. \u00a0 Hell is in wander-land #2 \u2015 vois lass\u00e9 gros me. Chambre 321, h\u00f4tel Sanderson, Londres, 18 f\u00e9vrier 2008. \u00a0 Main Square Festival, Arras,\u2026","rel":"","context":"Dans &quot;DPC&quot;","block_context":{"text":"DPC","link":"https:\/\/www.wallendorff.com\/belogue\/category\/dpc\/"},"img":{"alt_text":"","src":"https:\/\/i0.wp.com\/www.wallendorff.com\/belogue\/wp-content\/uploads\/2015\/04\/201308212.jpg?resize=350%2C200&ssl=1","width":350,"height":200,"srcset":"https:\/\/i0.wp.com\/www.wallendorff.com\/belogue\/wp-content\/uploads\/2015\/04\/201308212.jpg?resize=350%2C200&ssl=1 1x, https:\/\/i0.wp.com\/www.wallendorff.com\/belogue\/wp-content\/uploads\/2015\/04\/201308212.jpg?resize=525%2C300&ssl=1 1.5x, https:\/\/i0.wp.com\/www.wallendorff.com\/belogue\/wp-content\/uploads\/2015\/04\/201308212.jpg?resize=700%2C400&ssl=1 2x"},"classes":[]},{"id":37271,"url":"https:\/\/www.wallendorff.com\/belogue\/2018\/02\/21\/14-611-jours\/","url_meta":{"origin":17789,"position":1},"title":"14&nbsp;611 jours.","author":"dpc","date":"21 f\u00e9vrier 2018","format":false,"excerpt":"Vieillir, h\u00e9las\u00a0! disait mon p\u00e8re, mais c'est le seul moyen que j'aie trouv\u00e9 de ne pas mourir jeune. Daniel Pennac in La F\u00e9e carabine Puisque j'ai commenc\u00e9 la s\u00e9rie il y a dix ans (\u00e0 une \u00e9poque o\u00f9 les r\u00e9solutions d'\u00e9crans \u00e9taient bien inf\u00e9rieures \u00e0 celles d'aujourd'hui), autant la continuer.\u2026","rel":"","context":"Dans &quot;DPC&quot;","block_context":{"text":"DPC","link":"https:\/\/www.wallendorff.com\/belogue\/category\/dpc\/"},"img":{"alt_text":"","src":"https:\/\/i0.wp.com\/www.wallendorff.com\/belogue\/wp-content\/uploads\/2018\/02\/banniere-etoile.png?resize=350%2C200&ssl=1","width":350,"height":200,"srcset":"https:\/\/i0.wp.com\/www.wallendorff.com\/belogue\/wp-content\/uploads\/2018\/02\/banniere-etoile.png?resize=350%2C200&ssl=1 1x, https:\/\/i0.wp.com\/www.wallendorff.com\/belogue\/wp-content\/uploads\/2018\/02\/banniere-etoile.png?resize=525%2C300&ssl=1 1.5x, https:\/\/i0.wp.com\/www.wallendorff.com\/belogue\/wp-content\/uploads\/2018\/02\/banniere-etoile.png?resize=700%2C400&ssl=1 2x, https:\/\/i0.wp.com\/www.wallendorff.com\/belogue\/wp-content\/uploads\/2018\/02\/banniere-etoile.png?resize=1050%2C600&ssl=1 3x"},"classes":[]},{"id":23303,"url":"https:\/\/www.wallendorff.com\/belogue\/2014\/08\/25\/et-pendant-ce-temps-a-rock-en-seine-19\/","url_meta":{"origin":17789,"position":2},"title":"Et pendant ce temps, \u00e0 Rock en Seine.","author":"dpc","date":"25 ao\u00fbt 2014","format":false,"excerpt":"Marmotte. Driver Perfect Pussy","rel":"","context":"Dans &quot;DPC&quot;","block_context":{"text":"DPC","link":"https:\/\/www.wallendorff.com\/belogue\/category\/dpc\/"},"img":{"alt_text":"","src":"https:\/\/i0.wp.com\/www.wallendorff.com\/belogue\/wp-content\/uploads\/2015\/04\/201408251.jpg?resize=350%2C200&ssl=1","width":350,"height":200,"srcset":"https:\/\/i0.wp.com\/www.wallendorff.com\/belogue\/wp-content\/uploads\/2015\/04\/201408251.jpg?resize=350%2C200&ssl=1 1x, https:\/\/i0.wp.com\/www.wallendorff.com\/belogue\/wp-content\/uploads\/2015\/04\/201408251.jpg?resize=525%2C300&ssl=1 1.5x, https:\/\/i0.wp.com\/www.wallendorff.com\/belogue\/wp-content\/uploads\/2015\/04\/201408251.jpg?resize=700%2C400&ssl=1 2x"},"classes":[]},{"id":15200,"url":"https:\/\/www.wallendorff.com\/belogue\/2012\/01\/05\/on-expose\/","url_meta":{"origin":17789,"position":3},"title":"On expose.","author":"dpc","date":"5 janvier 2012","format":false,"excerpt":"Les enfants, Morgane Launay et moi exposons \u00e0 Paris du 1er au 28 f\u00e9vrier au centre d'animation Montgallet. Ma premi\u00e8re expo en 10 ans. J'y ai 13 photos de nuit, y a vernissage le 3 f\u00e9vrier \u00e0 18h et l'entr\u00e9e est libre, si jamais. Allez donc mirer l'\u00e9v\u00e8nement Facebouque associ\u00e9.\u2026","rel":"","context":"Dans &quot;DPC&quot;","block_context":{"text":"DPC","link":"https:\/\/www.wallendorff.com\/belogue\/category\/dpc\/"},"img":{"alt_text":"","src":"https:\/\/i0.wp.com\/www.wallendorff.com\/belogue\/wp-content\/uploads\/2015\/04\/201201051.jpg?resize=350%2C200&ssl=1","width":350,"height":200,"srcset":"https:\/\/i0.wp.com\/www.wallendorff.com\/belogue\/wp-content\/uploads\/2015\/04\/201201051.jpg?resize=350%2C200&ssl=1 1x, https:\/\/i0.wp.com\/www.wallendorff.com\/belogue\/wp-content\/uploads\/2015\/04\/201201051.jpg?resize=525%2C300&ssl=1 1.5x, https:\/\/i0.wp.com\/www.wallendorff.com\/belogue\/wp-content\/uploads\/2015\/04\/201201051.jpg?resize=700%2C400&ssl=1 2x"},"classes":[]},{"id":40247,"url":"https:\/\/www.wallendorff.com\/belogue\/2018\/10\/24\/mama-festival-paris-17-19-octobre-2018\/","url_meta":{"origin":17789,"position":4},"title":"MaMA Festival, Paris, 17 \u2013 19 octobre 2018.","author":"dpc","date":"24 octobre 2018","format":false,"excerpt":"Alors d\u00e9j\u00e0, pr\u00e9cisons que le pr\u00e9c\u00e9dent record de ma d\u00e9sormais fameuse statistique de plus long intervalle entre des photos de concert du m\u00eame artiste, une statistique qui fait r\u00eaver toutes les g\u00e9n\u00e9rations de Maubeuge \u00e0 Wasquehal, pr\u00e9c\u00e9dent record, donc, d\u00e9tenu par KoRn avec 4\u00a0341 jours \u00e9coul\u00e9s entre le passe photo\u2026","rel":"","context":"Dans &quot;Alive&quot;","block_context":{"text":"Alive","link":"https:\/\/www.wallendorff.com\/belogue\/category\/alive\/"},"img":{"alt_text":"","src":"https:\/\/i0.wp.com\/www.wallendorff.com\/belogue\/wp-content\/uploads\/2018\/10\/20181022-47.jpg?resize=350%2C200&ssl=1","width":350,"height":200,"srcset":"https:\/\/i0.wp.com\/www.wallendorff.com\/belogue\/wp-content\/uploads\/2018\/10\/20181022-47.jpg?resize=350%2C200&ssl=1 1x, https:\/\/i0.wp.com\/www.wallendorff.com\/belogue\/wp-content\/uploads\/2018\/10\/20181022-47.jpg?resize=525%2C300&ssl=1 1.5x, https:\/\/i0.wp.com\/www.wallendorff.com\/belogue\/wp-content\/uploads\/2018\/10\/20181022-47.jpg?resize=700%2C400&ssl=1 2x, https:\/\/i0.wp.com\/www.wallendorff.com\/belogue\/wp-content\/uploads\/2018\/10\/20181022-47.jpg?resize=1050%2C600&ssl=1 3x"},"classes":[]},{"id":115,"url":"https:\/\/www.wallendorff.com\/belogue\/2006\/04\/04\/poneyshot-1\/","url_meta":{"origin":17789,"position":5},"title":"Poneyshot #1.","author":"dpc","date":"4 avril 2006","format":false,"excerpt":"Attention. La note qui suit contient une v\u00e9ritable photo de poney.","rel":"","context":"Dans &quot;DPC&quot;","block_context":{"text":"DPC","link":"https:\/\/www.wallendorff.com\/belogue\/category\/dpc\/"},"img":{"alt_text":"","src":"https:\/\/i0.wp.com\/www.wallendorff.com\/belogue\/wp-content\/uploads\/2015\/04\/200604021.jpg?resize=350%2C200&ssl=1","width":350,"height":200},"classes":[]}],"_links":{"self":[{"href":"https:\/\/www.wallendorff.com\/belogue\/wp-json\/wp\/v2\/posts\/17789","targetHints":{"allow":["GET"]}}],"collection":[{"href":"https:\/\/www.wallendorff.com\/belogue\/wp-json\/wp\/v2\/posts"}],"about":[{"href":"https:\/\/www.wallendorff.com\/belogue\/wp-json\/wp\/v2\/types\/post"}],"author":[{"embeddable":true,"href":"https:\/\/www.wallendorff.com\/belogue\/wp-json\/wp\/v2\/users\/1"}],"replies":[{"embeddable":true,"href":"https:\/\/www.wallendorff.com\/belogue\/wp-json\/wp\/v2\/comments?post=17789"}],"version-history":[{"count":13,"href":"https:\/\/www.wallendorff.com\/belogue\/wp-json\/wp\/v2\/posts\/17789\/revisions"}],"predecessor-version":[{"id":17802,"href":"https:\/\/www.wallendorff.com\/belogue\/wp-json\/wp\/v2\/posts\/17789\/revisions\/17802"}],"wp:featuredmedia":[{"embeddable":true,"href":"https:\/\/www.wallendorff.com\/belogue\/wp-json\/wp\/v2\/media\/26336"}],"wp:attachment":[{"href":"https:\/\/www.wallendorff.com\/belogue\/wp-json\/wp\/v2\/media?parent=17789"}],"wp:term":[{"taxonomy":"category","embeddable":true,"href":"https:\/\/www.wallendorff.com\/belogue\/wp-json\/wp\/v2\/categories?post=17789"},{"taxonomy":"post_tag","embeddable":true,"href":"https:\/\/www.wallendorff.com\/belogue\/wp-json\/wp\/v2\/tags?post=17789"}],"curies":[{"name":"wp","href":"https:\/\/api.w.org\/{rel}","templated":true}]}}