{"id":177,"date":"2006-06-22T00:35:47","date_gmt":"2006-06-22T00:35:47","guid":{"rendered":"http:\/\/www.po-l.com\/wordpress\/?p=177"},"modified":"2012-04-24T09:31:13","modified_gmt":"2012-04-24T07:31:13","slug":"ain-t-got-nothing-done","status":"publish","type":"post","link":"https:\/\/www.wallendorff.com\/belogue\/2006\/06\/22\/ain-t-got-nothing-done\/","title":{"rendered":"Ain&rsquo;t got nothing done."},"content":{"rendered":"<div id=\"photo\">\n<p><img decoding=\"async\" src=\"http:\/\/www.po-L.com\/belogue\/photo\/2006\/06\/20060622.jpg\" \/><br \/>\nStarbuque du Passage du Havre, Paris, 21 juin.<\/p>\n<\/div>\n<p>&Ecirc;tre rock et mettre France 2 en attendant les Experts en 2006, c&rsquo;est&nbsp;:<\/p>\n<ul>\n<li>Te demander si Cock Robin ne chante pas en playback.<\/li>\n<li>Apprendre que l&rsquo;anniversaire d&rsquo;Obispo tombe le m&ecirc;me jour que celui de ta s&oelig;ur.<\/li>\n<li>T&rsquo;atterrer en d&eacute;couvrant qu&rsquo;Anthony Kavannagh chante, et que quand il chante, il est encore plus lourd que quand il parle.<\/li>\n<li>Constater que les affiches dans Paris n&rsquo;avaient pas menti&nbsp;: B&eacute;nabar ressemble bel et bien au boulet qui voulait absolument &ecirc;tre ton bin&ocirc;me en 5<sup>e<\/sup> ann&eacute;e et que tu as &eacute;conduit avec bien du mal.<\/li>\n<li>R&eacute;aliser que les gros de la troupe du Roi Soleil sont beaucoup plus supportables une fois que tu as remplac&eacute; le son de la t&eacute;l&eacute; par celui de la cha&icirc;ne et qu&rsquo;ils font du playback sur The Grates.<\/li>\n<li>Conclure en voyant z&eacute;zette-qui-chante-comme-un-wok &agrave; l&rsquo;&oelig;uvre que la soir&eacute;e doit effectivement &ecirc;tre en play-back.<\/li>\n<li>&Ecirc;tre soulag&eacute; de zapper sur les Experts qui commencent enfin et rencontrer subitement des difficult&eacute;s pour te concentrer sur le boulot.<\/li>\n<\/ul>\n<div id=\"bandeson\">\n<p><img decoding=\"async\" src=\"https:\/\/www.wallendorff.com\/belogue\/photo\/pochettes\/i\/i_am_kloot-gods_and_monsters.jpg\" align=\"left\" \/>&nbsp;<a href=\"http:\/\/www.iamkloot.com\">I Am Kloot<\/a> &ndash; <em>Strange Without You<\/em><\/p>\n<\/div>\n","protected":false},"excerpt":{"rendered":"<p>Starbuque du Passage du Havre, Paris, 21 juin. &Ecirc;tre rock et mettre France 2 en attendant les Experts en 2006, c&rsquo;est&nbsp;: Te demander si Cock Robin ne chante pas en playback. Apprendre que l&rsquo;anniversaire d&rsquo;Obispo tombe le m&ecirc;me jour que celui de ta s&oelig;ur. T&rsquo;atterrer en d&eacute;couvrant qu&rsquo;Anthony Kavannagh chante, et que quand il chante,&hellip;<\/p>\n","protected":false},"author":1,"featured_media":24112,"comment_status":"open","ping_status":"open","sticky":false,"template":"","format":"standard","meta":{"_acf_changed":false,"ngg_post_thumbnail":0,"jetpack_post_was_ever_published":false,"_jetpack_newsletter_access":"","_jetpack_dont_email_post_to_subs":false,"_jetpack_newsletter_tier_id":0,"_jetpack_memberships_contains_paywalled_content":false,"_jetpack_memberships_contains_paid_content":false,"footnotes":"","jetpack_publicize_message":"","jetpack_publicize_feature_enabled":true,"jetpack_social_post_already_shared":false,"jetpack_social_options":{"image_generator_settings":{"template":"highway","default_image_id":0,"font":"","enabled":false},"version":2}},"categories":[3],"tags":[10223,157,132,1502,10120,10221,10121,143,10098,1647,1646,1649,10334,10393],"class_list":["post-177","post","type-post","status-publish","format-standard","has-post-thumbnail","hentry","category-dpc","tag-10223","tag-ef-50-mm-f18-ii","tag-eos-20d","tag-etre-rock","tag-france","tag-i-am-kloot","tag-ile-de-france","tag-noir-et-blanc","tag-paris","tag-passage-du-havre","tag-starbucks","tag-strange-without-you","tag-table","tag-television"],"acf":[],"geo":{"latitude":48.8752289,"longitude":2.3273849,"description":null},"jetpack_publicize_connections":[],"jetpack_featured_media_url":"https:\/\/www.wallendorff.com\/belogue\/wp-content\/uploads\/2015\/04\/200606221.jpg","jetpack_shortlink":"https:\/\/wp.me\/p3b35P-2R","jetpack_sharing_enabled":true,"jetpack-related-posts":[{"id":1213,"url":"https:\/\/www.wallendorff.com\/belogue\/2008\/04\/22\/the-gore-gore-girls-les-femmes-s-en-mlent-la-maroquinerie-paris\/","url_meta":{"origin":177,"position":0},"title":"The Gore Gore Girls @ les Femmes s&rsquo;en M\u00ealent, la Maroquinerie, Paris.","author":"dpc","date":"22 avril 2008","format":false,"excerpt":"Elle fait PEUR, Amy Gore. Rien que quand elle monte sur sc\u00e8ne, cach\u00e9e dans son imper, pour faire ses balances elle-m\u00eame, on sent qu'il faut pas la faire chier. Le quator s'est manifestement lanc\u00e9 dans un concours de \u00ab\u00a0la premi\u00e8re qui se marre devra conduire le tour-bus avec sa culotte\u2026","rel":"","context":"Dans &quot;Alive&quot;","block_context":{"text":"Alive","link":"https:\/\/www.wallendorff.com\/belogue\/category\/alive\/"},"img":{"alt_text":"","src":"https:\/\/i0.wp.com\/www.wallendorff.com\/belogue\/wp-content\/uploads\/2015\/04\/200804221.jpg?resize=350%2C200&ssl=1","width":350,"height":200,"srcset":"https:\/\/i0.wp.com\/www.wallendorff.com\/belogue\/wp-content\/uploads\/2015\/04\/200804221.jpg?resize=350%2C200&ssl=1 1x, https:\/\/i0.wp.com\/www.wallendorff.com\/belogue\/wp-content\/uploads\/2015\/04\/200804221.jpg?resize=525%2C300&ssl=1 1.5x, https:\/\/i0.wp.com\/www.wallendorff.com\/belogue\/wp-content\/uploads\/2015\/04\/200804221.jpg?resize=700%2C400&ssl=1 2x"},"classes":[]},{"id":5478,"url":"https:\/\/www.wallendorff.com\/belogue\/2009\/12\/26\/2009en-1\/","url_meta":{"origin":177,"position":1},"title":"2009 en&#8230; #1.","author":"dpc","date":"26 d\u00e9cembre 2009","format":false,"excerpt":"Le Fanfaron, Paris, 5 d\u00e9cembre. et pr\u00e9sentent 2009 en 5 titres nases pourris et horripilants qu'on ferait mieux de noyer tous ces zazous plut\u00f4t que leur donner un micro [Et subitement je m'\u00e9tonne de n'avoir pas retenu Sliimy dans la s\u00e9lection de cette ann\u00e9e.] Saluons l'exploit de Muse qui, apr\u00e8s\u2026","rel":"","context":"Dans &quot;DPC&quot;","block_context":{"text":"DPC","link":"https:\/\/www.wallendorff.com\/belogue\/category\/dpc\/"},"img":{"alt_text":"","src":"https:\/\/i0.wp.com\/www.wallendorff.com\/belogue\/wp-content\/uploads\/2015\/04\/200912261.jpg?resize=350%2C200&ssl=1","width":350,"height":200,"srcset":"https:\/\/i0.wp.com\/www.wallendorff.com\/belogue\/wp-content\/uploads\/2015\/04\/200912261.jpg?resize=350%2C200&ssl=1 1x, https:\/\/i0.wp.com\/www.wallendorff.com\/belogue\/wp-content\/uploads\/2015\/04\/200912261.jpg?resize=525%2C300&ssl=1 1.5x"},"classes":[]},{"id":7370,"url":"https:\/\/www.wallendorff.com\/belogue\/2010\/04\/12\/melissa-auf-der-maur-la-fleche-dor-paris\/","url_meta":{"origin":177,"position":2},"title":"Melissa Auf der Maur @ la Fl\u00e8che d&rsquo;Or, Paris","author":"dpc","date":"12 avril 2010","format":false,"excerpt":"\u00c7a fait toujours bizarre de retrouver ici des artistes qu'on avait pas vus depuis l\u00e0\u00a0; surtout quand le l\u00e0 en question fut la remorque d'un camion partag\u00e9e avec Muse sur le fond d'un parking de Clarkston, Michigan, il y a bien longtemps. Tellement longtemps, en fait, que maintenant que ses\u2026","rel":"","context":"Dans &quot;Alive&quot;","block_context":{"text":"Alive","link":"https:\/\/www.wallendorff.com\/belogue\/category\/alive\/"},"img":{"alt_text":"","src":"https:\/\/i0.wp.com\/www.wallendorff.com\/belogue\/wp-content\/uploads\/2015\/04\/201004121.jpg?resize=350%2C200&ssl=1","width":350,"height":200,"srcset":"https:\/\/i0.wp.com\/www.wallendorff.com\/belogue\/wp-content\/uploads\/2015\/04\/201004121.jpg?resize=350%2C200&ssl=1 1x, https:\/\/i0.wp.com\/www.wallendorff.com\/belogue\/wp-content\/uploads\/2015\/04\/201004121.jpg?resize=525%2C300&ssl=1 1.5x, https:\/\/i0.wp.com\/www.wallendorff.com\/belogue\/wp-content\/uploads\/2015\/04\/201004121.jpg?resize=700%2C400&ssl=1 2x"},"classes":[]},{"id":22748,"url":"https:\/\/www.wallendorff.com\/belogue\/2014\/04\/26\/augustines-le-cafe-de-la-danse-paris\/","url_meta":{"origin":177,"position":3},"title":"Augustines @ le Caf\u00e9 de la Danse, Paris.","author":"dpc","date":"26 avril 2014","format":false,"excerpt":"Quels curieux personnages. Quand on les attend sur sc\u00e8ne, ils d\u00e9barquent dans un coin du plafond. Quand un bonhomme du public chante aussi fort que Billy McCarthy, celui-ci l'invite \u00e0 venir partager son micro. Quand ils ont envie de d\u00e9brancher les guitares, ils descendent de l'estrade, jouent au milieu du\u2026","rel":"","context":"Dans &quot;Alive&quot;","block_context":{"text":"Alive","link":"https:\/\/www.wallendorff.com\/belogue\/category\/alive\/"},"img":{"alt_text":"","src":"https:\/\/i0.wp.com\/www.wallendorff.com\/belogue\/wp-content\/uploads\/2015\/04\/201404261.jpg?resize=350%2C200&ssl=1","width":350,"height":200,"srcset":"https:\/\/i0.wp.com\/www.wallendorff.com\/belogue\/wp-content\/uploads\/2015\/04\/201404261.jpg?resize=350%2C200&ssl=1 1x, https:\/\/i0.wp.com\/www.wallendorff.com\/belogue\/wp-content\/uploads\/2015\/04\/201404261.jpg?resize=525%2C300&ssl=1 1.5x, https:\/\/i0.wp.com\/www.wallendorff.com\/belogue\/wp-content\/uploads\/2015\/04\/201404261.jpg?resize=700%2C400&ssl=1 2x"},"classes":[]},{"id":1158,"url":"https:\/\/www.wallendorff.com\/belogue\/2008\/02\/08\/zita-swoon-le-zbre-de-belleville-paris\/","url_meta":{"origin":177,"position":4},"title":"Zita Swoon @ le Z\u00e8bre de Belleville, Paris.","author":"dpc","date":"8 f\u00e9vrier 2008","format":false,"excerpt":"Forc\u00e9ment, quand t'as lu Pennac en boucle pendant toute ta jeunesse, mettre pour la premi\u00e8re fois les pieds dans le Z\u00e8bre de Monsieur Malauss\u00e8ne, c'est d\u00e9j\u00e0 un \u00e9v\u00e9nement en soi. L'\u00e9merveillement pass\u00e9, pos\u00e9 sur la mezzanine avec un Bordeaux et l'Eos \u00e0 l'aff\u00fbt devant toi, c'est Zita Swoon, son nouveau\u2026","rel":"","context":"Dans &quot;Alive&quot;","block_context":{"text":"Alive","link":"https:\/\/www.wallendorff.com\/belogue\/category\/alive\/"},"img":{"alt_text":"","src":"https:\/\/i0.wp.com\/www.wallendorff.com\/belogue\/wp-content\/uploads\/2015\/04\/200802081.jpg?resize=350%2C200&ssl=1","width":350,"height":200,"srcset":"https:\/\/i0.wp.com\/www.wallendorff.com\/belogue\/wp-content\/uploads\/2015\/04\/200802081.jpg?resize=350%2C200&ssl=1 1x, https:\/\/i0.wp.com\/www.wallendorff.com\/belogue\/wp-content\/uploads\/2015\/04\/200802081.jpg?resize=525%2C300&ssl=1 1.5x, https:\/\/i0.wp.com\/www.wallendorff.com\/belogue\/wp-content\/uploads\/2015\/04\/200802081.jpg?resize=700%2C400&ssl=1 2x"},"classes":[]},{"id":1245,"url":"https:\/\/www.wallendorff.com\/belogue\/2008\/06\/09\/the-weakerthans-le-batofar-paris\/","url_meta":{"origin":177,"position":5},"title":"The Weakerthans @ le Batofar, Paris.","author":"dpc","date":"9 juin 2008","format":false,"excerpt":"C'est parfois pas simple d'\u00eatre proph\u00e8te hors de son pays. Durant mon pass\u00e9 d'intr\u00e9pide et jeune aventurier du rock n'roll michiganais, j'avais vu Muse et les Weakerthans jouer dans la m\u00eame salle de D\u00e9troit, le St. Andrew's Hall, 1\u00a0200 places au compteurs dans une salle en \u2015\u00a0vague\u00a0\u2015 forme de Bataclan.\u2026","rel":"","context":"Dans &quot;Alive&quot;","block_context":{"text":"Alive","link":"https:\/\/www.wallendorff.com\/belogue\/category\/alive\/"},"img":{"alt_text":"","src":"https:\/\/i0.wp.com\/www.wallendorff.com\/belogue\/wp-content\/uploads\/2015\/04\/200806091.jpg?resize=350%2C200&ssl=1","width":350,"height":200,"srcset":"https:\/\/i0.wp.com\/www.wallendorff.com\/belogue\/wp-content\/uploads\/2015\/04\/200806091.jpg?resize=350%2C200&ssl=1 1x, https:\/\/i0.wp.com\/www.wallendorff.com\/belogue\/wp-content\/uploads\/2015\/04\/200806091.jpg?resize=525%2C300&ssl=1 1.5x, https:\/\/i0.wp.com\/www.wallendorff.com\/belogue\/wp-content\/uploads\/2015\/04\/200806091.jpg?resize=700%2C400&ssl=1 2x"},"classes":[]}],"_links":{"self":[{"href":"https:\/\/www.wallendorff.com\/belogue\/wp-json\/wp\/v2\/posts\/177","targetHints":{"allow":["GET"]}}],"collection":[{"href":"https:\/\/www.wallendorff.com\/belogue\/wp-json\/wp\/v2\/posts"}],"about":[{"href":"https:\/\/www.wallendorff.com\/belogue\/wp-json\/wp\/v2\/types\/post"}],"author":[{"embeddable":true,"href":"https:\/\/www.wallendorff.com\/belogue\/wp-json\/wp\/v2\/users\/1"}],"replies":[{"embeddable":true,"href":"https:\/\/www.wallendorff.com\/belogue\/wp-json\/wp\/v2\/comments?post=177"}],"version-history":[{"count":1,"href":"https:\/\/www.wallendorff.com\/belogue\/wp-json\/wp\/v2\/posts\/177\/revisions"}],"predecessor-version":[{"id":17024,"href":"https:\/\/www.wallendorff.com\/belogue\/wp-json\/wp\/v2\/posts\/177\/revisions\/17024"}],"wp:featuredmedia":[{"embeddable":true,"href":"https:\/\/www.wallendorff.com\/belogue\/wp-json\/wp\/v2\/media\/24112"}],"wp:attachment":[{"href":"https:\/\/www.wallendorff.com\/belogue\/wp-json\/wp\/v2\/media?parent=177"}],"wp:term":[{"taxonomy":"category","embeddable":true,"href":"https:\/\/www.wallendorff.com\/belogue\/wp-json\/wp\/v2\/categories?post=177"},{"taxonomy":"post_tag","embeddable":true,"href":"https:\/\/www.wallendorff.com\/belogue\/wp-json\/wp\/v2\/tags?post=177"}],"curies":[{"name":"wp","href":"https:\/\/api.w.org\/{rel}","templated":true}]}}