{"id":17698,"date":"2012-06-12T12:04:26","date_gmt":"2012-06-12T10:04:26","guid":{"rendered":"http:\/\/www.po-L.com\/belogue\/?p=17698"},"modified":"2012-06-12T12:08:32","modified_gmt":"2012-06-12T10:08:32","slug":"o-verts-oeufs-ils-effarent-rouets","status":"publish","type":"post","link":"https:\/\/www.wallendorff.com\/belogue\/2012\/06\/12\/o-verts-oeufs-ils-effarent-rouets\/","title":{"rendered":"\u00d4 verts \u0153ufs, ils effarent rouets."},"content":{"rendered":"\n<div id=\"photo\">\n<p><img decoding=\"async\" src=\"https:\/\/www.wallendorff.com\/belogue\/photo\/2012\/06\/20120612.jpg\"><br \/>\n        Route de Thonon, Collonge-Bellerive, 27 mai.<\/p>\n<\/p><\/div>\n<p style=\"text-align:left\">Il y a huit ans, les Pistons de D\u00e9troit \u00e9taient en finale NBA.<\/p>\n<p style=\"text-align:right\"><a href=\"https:\/\/www.wallendorff.com\/belogue\/2005\/06\/13\/youve-gone-way-too-far-by-now-to-turn-around\/\">Il y a sept ans<\/a>, les Pistons de D\u00e9troit \u00e9taient encore en finale NBA.<\/p>\n<p style=\"text-align:left\"><a href=\"https:\/\/www.wallendorff.com\/belogue\/2006\/06\/12\/l-emu-rond-des-zoos-raye\/\">Il y a six ans<\/a>, les Pistons de D\u00e9troit \u00e9taient en vacances apr\u00e8s s&rsquo;\u00eatre fait vider comme des nazes en sept manches de finale de conf\u00e9rence par Miami<em>.<\/em><\/p>\n<p style=\"text-align:right\"><a href=\"https:\/\/www.wallendorff.com\/belogue\/2007\/06\/12\/the-white-stripes-le-zenith-paris-2\/\">Il y a cinq ans<\/a>, les Pistons de D\u00e9troit &eacute;taient toujours en vacances, cette fois-ci gr\u00e2ce \u00e0 Cleveland.<\/p>\n<p style=\"text-align:left\"><a href=\"https:\/\/www.wallendorff.com\/belogue\/2008\/06\/12\/le-pied-o-la-vieille-m-oint-cher\/\">Il y a quatre ans<\/a>, j&rsquo;en avais marre de ressasser chaque ann&eacute;e des histoires de basket, ce sport de nase, tout &ccedil;a &agrave; cause de la <a href=\"http:\/\/en.wikipedia.org\/wiki\/2004%E2%80%9305_NHL_lockout\">gr&egrave;ve de 2004<\/a> qui m&rsquo;avait forc&eacute; &agrave; causer d&egrave;s l&rsquo;origine de basket, ce sport de nase, plut&ocirc;t que de hockey sur glace. Cette ann&eacute;e-l&agrave;, donc, les Red Wings de D&eacute;troit emport&egrave;rent le championnat et tout le monde fut content, sauf moi<sup>1<\/sup>.<\/p>\n<p style=\"text-align:right\"><a href=\"https:\/\/www.wallendorff.com\/belogue\/2009\/06\/12\/me-nuisant-plus-bele-que-vaux-je-hourds\">Il y a trois ans<\/a>, j&rsquo;&eacute;tais persuad&eacute; que D&eacute;troit allait s&ucirc;rement redevenir champion en regagnant contre rePittsburgh puisque le septi&egrave;me match de la finale, c&rsquo;&eacute;tait le soir-m&ecirc;me et que sur les 14 fois pr&eacute;c&eacute;dentes o&ugrave; la coupe s&rsquo;&eacute;tait jou&eacute;e en sept manches, l&rsquo;&eacute;quipe qui accueillait avait gagn&eacute; 12 fois. Je pensais que c&rsquo;&eacute;tait pas plus mal, parce que &ccedil;a allait donner au moins un truc &agrave; f&ecirc;ter dans le Michigan cette ann&eacute;e-l&agrave;. Manque de pot, Pittsburgh gagna 2-1, ce qui prouvait bien que dans la vie, rien n&rsquo;est gagn&eacute; d&rsquo;avance.<\/p>\n<p style=\"text-align:left\"><a href=\"https:\/\/www.wallendorff.com\/belogue\/2010\/06\/12\/six\/\">Il y a deux ans<\/a>, D&eacute;troit s&rsquo;&eacute;tait fait &eacute;liminer par San Jose en demi-finale de conf&eacute;rence, Chicago avait remport&eacute; le championnat pour la premi&egrave;re fois depuis 1961 et se rebaptisait Hawkeytown pour faire la nique au Hockeytown de D&eacute;troit, ce que je trouvais fort dr&ocirc;le car j&rsquo;ai toujours pr&eacute;f&eacute;r&eacute; Chicago &agrave; D&eacute;troit.<\/p>\n<p style=\"text-align:right\"><a href=\"http:\/\/www.po-L.com\/belogue\/2011\/06\/12\/direction-linfini\/\">Il y a un an<\/a>, D&eacute;troit s&rsquo;&eacute;tait encore fait &eacute;liminer par San Jose en demi-finale de conf&eacute;rence alors que Chicago s&rsquo;&eacute;tait injustement fait sortir par Vancouver  d&egrave;s les quarts de finale de conf&eacute;rence en prolongation apr&egrave;s avoir remont&eacute; un d&eacute;ficit de 3 matchs et forc&eacute; une 7<sup>e<\/sup> manche. Du coup c&rsquo;&eacute;tait Vancouver qui allait gagner. Ou Boston. Oui, finalement c&rsquo;&eacute;tait Boston.<\/p>\n<p><em>Cette ann&eacute;e Nashville, non content d&rsquo;avoir piqu&eacute; Jack White et ses potes &agrave; D&eacute;troit, en a profit&eacute; pour &eacute;galement les &eacute;liminer au premier tour, pendant que Chicago se faisait sortir par Phoenix d&egrave;s le premier tour aussi. Pas de jaloux, donc, et Los Angeles a pu en profiter pour niquer tout le monde en se qualifiant &agrave; l&rsquo;arrache pour  les s&eacute;ries avant de d&eacute;gager sans mal et dans l&rsquo;ordre le 1<sup>er<\/sup>, le 2<sup>e<\/sup> puis le 3<sup>e<\/sup> de la conf&eacute;rence et finalement <a href=\"http:\/\/www.nhl.com\/ice\/recap.htm?id=2011030416\">New Jersey cette nuit-m&ecirc;me<\/a> pour gagner le premier championnat de leur histoire et oublier leur finale perdue en 1993 contre les tra&icirc;tres et les faux-jetons.<\/em><\/p>\n<p>&nbsp;<\/p>\n<p style=\"text-align:left\">Il y a huit ans, je petit-d\u00e9jeunais avec des cookies Pepperidge Farm<sup>&trade;<\/sup> au milieu d&rsquo;un bureau quelque part \u00e0 Pontiac.<\/p>\n<p style=\"text-align:right\">Il y a sept ans, je petit-d\u00e9jeunais avec des cookies Hello<sup>&reg;<\/sup> de Lu<sup>&trade;<\/sup> au milieu d&rsquo;un bureau quelque part \u00e0 \u00c9vry.<\/p>\n<p style=\"text-align:left\">Il y a six ans, je petit-d\u00e9jeunais avec des Prince<sup>&trade;<\/sup> chocolat au milieu d&rsquo;un bureau quelque part \u00e0 Clamart parce qu&rsquo;on \u00e9tait lundi.<\/p>\n<p style=\"text-align:right\">Il y a cinq ans, je petit-d\u00e9jeunais avec un Panier<sup>&reg;<\/sup> de Yoplait<sup>&trade;<\/sup> au milieu de toujours le m\u00eame patin de bureau. Je me s\u00e9dentarisais un peu trop, l\u00e0.<\/p>\n<p style=\"text-align:left\">Il y a quatre ans, je petit-d&eacute;jeunais avec des tartines beurr&eacute;es au milieu d&rsquo;encore le m&ecirc;me !@#$ de bureau, au secours quelqu&rsquo;un, mais personne ne vint.<\/p>\n<p style=\"text-align:right\">Il y a trois ans, je petit-d&eacute;jeunais tard avec un sandwich au milieu d&rsquo;un bureau dont je n&rsquo;osai m&ecirc;me pas avouer l&#8217;emplacement.<\/p>\n<p style=\"text-align:left\">Il y a deux ans, je petit-d&eacute;jeunais avec un caf&eacute; au milieu d&rsquo;un endroit qui n&rsquo;&eacute;tait pas un bureau, parce que c&rsquo;&eacute;tait samedi.<\/p>\n<p style=\"text-align:right\">Il y a un an, je petit-d&eacute;jeunais avec un autre caf&eacute; au milieu du m&ecirc;me endroit qui n&rsquo;&eacute;tait pas un bureau, parce que c&rsquo;&eacute;tait dimanche.<\/p>\n<p><em>Aujourd&rsquo;hui, je petit-d&eacute;jeune avec des cookies Pepperidge Farm<sup>&trade;<\/sup> Sausalito<sup>&reg;<\/sup> (qui sont pas les meilleurs Pepperidge Farm<sup>&trade;<\/sup> mais il ne me reste que &ccedil;a) au milieu d&rsquo;un bureau quelque part dans le XIII<sup>e<\/sup> arrondissement de Paris.<\/em><\/p>\n<p>&nbsp;<\/p>\n<p style=\"text-align:left\">Il y a huit ans, j&rsquo;allais voir Franz Ferdinand au Majestic Theater de D\u00e9troit.<\/p>\n<p style=\"text-align:right\">Il y a sept ans, j&rsquo;allais voir Ghinzu \u00e0 l&rsquo;Olympia de Paris.<\/p>\n<p style=\"text-align:left\">Il y a six ans, j&rsquo;allais voir si j&rsquo;allais voir Guillemots \u00e0 la Boule Noire de Paris ce soir-l\u00e0 ou bien, pour ne finalement pas y aller.<\/p>\n<p style=\"text-align:right\">Il y a cinq ans et un jour, les White Stripes au Z\u00e9nith de Paris. Les deux jours suivants, Mademoiselle K \u00e0 l&rsquo;\u00c9lys\u00e9e-Montmartre de Paris puis au Trabendo de Paris. Y&rsquo;avait pas \u00e0 dire, on avait pas des vies faciles. Et je passais beaucoup trop de temps \u00e0 Paris.<\/p>\n<p style=\"text-align:left\">Il y a quatre ans, j&rsquo;allais voir Supergrass &agrave; l&rsquo;&Eacute;lys&eacute;e-Montmartre de Paris, qui comme son nom l&rsquo;indiquait, &eacute;tait toujours &agrave; Paris, donc moi aussi.<\/p>\n<p style=\"text-align:right\">Il y a trois ans, j&rsquo;allais peut-&ecirc;tre voir Elmer Food Beat toujours dans le m&ecirc;me &Eacute;lys&eacute;e-Montmartre de Paris, parce qu&rsquo;un photographe de rock et de roll  a rat&eacute; sa vie si, &agrave; 50 ans, il n&rsquo;a jamais photographi&eacute; de chanteur bedonnant en zlip kangourou. Et j&rsquo;y allai. Ma vie fut sauv&eacute;e ce soir-l&agrave;.<\/p>\n<p style=\"text-align:left\">Il y a deux ans, apr&egrave;s &ecirc;tre all&eacute; la veille au Stade de France de Saint-Denis, juste &agrave; c&ocirc;t&eacute; de Paris, avec plein de gens, voir Muse se produire, je r&eacute;allais le resoir-m&ecirc;me au reStade de France de reSaint-Denis, rejuste &agrave; c&ocirc;t&eacute; de reParis, avec replein de gens, pour revoir reMuse se reproduire. Oh mon dieu. C&rsquo;&eacute;tait un pi&egrave;ge.<\/p>\n<p style=\"text-align:right\">Il y a un an, je n&rsquo;allais rien voir du tout dans aucune salle de Paris car on ne peut pas vivre des trucs int&eacute;ressants tous les ans non plus.<\/p>\n<p><em>Aujourd&rsquo;hui, je ne vais rien voir non plus dans aucune salle de Paris non plus, mais seulement parce que je le veux bien ou bien.<\/em><\/p>\n<p>&nbsp;<\/p>\n<p style=\"text-align:left\">Il y a huit ans, je m&rsquo;\u00e9veillais le matin au doux son de <em>Bonjour Le Monde&nbsp;!<\/em>, sur CBEF Windsor, avec Charles L\u00e9vesque et Maryse Tourette, dans ma voiture lanc\u00e9e \u00e0 vive lenteur sur Orchard Lake Road.<\/p>\n<p style=\"text-align:right\">Il y a sept ans, je m&rsquo;\u00e9veillai au doux son de Marylin Manson, dans mon RER D lanc\u00e9 \u00e0 vive lenteur sur RER D Trail.<\/p>\n<p style=\"text-align:left\">Il y a six ans, je m&rsquo;\u00e9veillais au doux son de Wayne Coyne introduisant son acoustique de <em>Thank You Jack White (For the Fiber-Optic Jesus  That You Gave Me)<\/em><sup>2<\/sup> par \u00ab\u00a0Always read the instructions before plugging in a gift from Jack White.\u00a0\u00bb<\/p>\n<p style=\"text-align:right\">Il y a cinq ans, je m&rsquo;\u00e9veillais doucement au doux son de <em>Que de la radio<\/em> sur <a href=\"http:\/\/www.couleur3.ch\" target=\"_blank\">la 3<\/a>, en b\u00e9nissant une fois de plus le ciel pour avoir invent\u00e9 la Suisse. <\/p>\n<p style=\"text-align:left\">Il y a quatre ans, je m&rsquo;&eacute;veillais doucement au doux son de la douce voix d&rsquo;&Eacute;milie Gasc-Milesi visitant le mus&eacute;e d&rsquo;ethnographie de G&rsquo;n&egrave;ve, avant d&rsquo;envoyer Beck chanter <em>Cellphone&rsquo;s Dead<\/em>, un titre pas entendu depuis pfioulala-&ccedil;a-nous-rajeunissait-pas, toujours dans <em>Que de la radio<\/em> et toujours sur la <a href=\"http:\/\/www.couleur3.ch\">3<\/a>, c&rsquo;&eacute;tait dingue.<\/p>\n<p style=\"text-align:right\">Il y a trois ans, je ne m&rsquo;&eacute;veillais plus car il &eacute;tait tard, mais au son de toujours-la-m&ecirc;me-<a href=\"http:\/\/www.couleur3.ch\">3<\/a> qui passait une version jazzy &agrave; la guitare de <em>Pump Up the Jam<\/em>, reprise par The Lost Fingers, qui sonnait super bizarre, subitement je me demandai si je m&rsquo;&eacute;tait vraiment &eacute;veill&eacute; ce matin.<\/p>\n<p style=\"text-align:left\">Il y a deux ans, je m&rsquo;&eacute;veillais au doux son de la rediff&rsquo; de la <a href=\"http:\/\/www.rsr.ch\/#\/couleur3\/programmes\/2-0-en-cabine\/?date=11-06-2010\">premi&egrave;re de 2-0 en cabine<\/a>, la principale attraction de la coupe du monde de foute qu&rsquo;<a href=\"http:\/\/www.facebook.com\/cabineC3\">on &eacute;tait tous fans<\/a> et que j&rsquo;avais pas pu &eacute;couter la veille pour cause de Muse. Ignacio Chollet, &eacute;pouse-moi.<\/p>\n<p style=\"text-align:right\">Il y a un an, je m&rsquo;&eacute;veillais au doux son d&rsquo;<em><a href=\"http:\/\/www.rsr.ch\/#\/couleur3\/programmes\/au-milieu-du-village-dominical\/?date=12-06-2011\">Au milieu du village, promenade dominicale<\/a><\/em>, la compilation hebdomadaire du monument de bon go&ucirc;t et de sociologie qu&rsquo;&eacute;tait <em><a href=\"http:\/\/www.rsr.ch\/#\/couleur3\/programmes\/au-milieu-du-village\/2276086-au-milieu-du-village.html\">Au milieu du village<\/a><\/em>, ce qui montrait bien que je change rarement de cr&egrave;merie radiophonique.<\/p>\n<p><em>Aujourd&rsquo;hui, je m&rsquo;&eacute;veille au doux son de <\/em>Plata O Plomo<em> de Soulfly dans <\/em>Que de la radio, <em>sur la <a href=\"http:\/\/www.couleur3.ch\">3<\/a> et ce pour la derni&egrave;re ann&eacute;e, vu que le Dujany se casse &agrave; la fin de la saison pour aller voir ailleurs s&rsquo;il y est, mais seulement apr&egrave;s qu&rsquo;il aura finit d&rsquo;imiter Max Cavalera dans le poste.<\/em><\/p>\n<p>&nbsp;<\/p>\n<p style=\"text-align:left\">Il y a huit ans, il faisait beau.<\/p>\n<p style=\"text-align:right\">Il y a sept ans, il faisait beau aussi.<\/p>\n<p style=\"text-align:left\">Il y a six ans  il faisait beau et surtout chaud, j&rsquo;\u00e9tais d\u00e9j\u00e0 liqu\u00e9fi\u00e9 alors qu&rsquo;il n&rsquo;\u00e9tait que 10h et \u00e7a, \u00e7a su\u00e7ait grave.<\/p>\n<p style=\"text-align:right\">Il y a cinq ans  il faisait gris, ce qui su&ccedil;ait un peu moins.<\/p>\n<p style=\"text-align:left\">Il y a quatre ans il faisait gris aussi, ce qui me faisait r&eacute;aliser que mon histoire se r&eacute;p&eacute;tait un peu trop, ces temps-l&agrave;.<\/p>\n<p style=\"text-align:right\">Il y a trois ans, il faisait carr&eacute;ment moche. &Ccedil;a devenait une tradition.<\/p>\n<p style=\"text-align:left\">Il y a deux ans, il faisait moche aussi. Je croyais qu&rsquo;on m&rsquo;en voulait personnellement.<\/p>\n<p style=\"text-align:right\">Il y a un an, GLORIA ALLELU&Iuml;A il faisait enfin beau, dis donc.<\/p>\n<p><em>Aujourd&rsquo;hui il refait remoche. &iexcl;Caramba! Encore rat&eacute;.<\/em><\/p>\n<p>&nbsp;<\/p>\n<p style=\"text-align:left\">Il y a huit ans, nous \u00e9tions le 12 juin.<\/p>\n<p style=\"text-align:right\">Il y a sept ans, nous \u00e9tions le 12 et un jour, ce qui signifiait que j&rsquo;\u00e9tais en retard.<\/p>\n<p style=\"text-align:left\">Il y a six ans, nous \u00e9tions le 12 juin, ce qui voulait dire que je sais retenir les le\u00e7ons du pass\u00e9.<\/p>\n<p style=\"text-align:right\">Il y a cinq ans, nous &eacute;tions encore le 12 juin, et je n&rsquo;avais r\u00e9alis\u00e9 que 5 minutes auparavant que le 12 juin, c&rsquo;\u00e9tait il y a cinq ans.<\/p>\n<p style=\"text-align:left\">Il y a quatre ans nous &eacute;tions, c&rsquo;est fou &ccedil;a, le 12 juin.<\/p>\n<p style=\"text-align:right\">Il y a trois ans nous &eacute;tions, gr&acirc;ce &agrave; l&rsquo;implacable r&eacute;gularit&eacute; cyclique super-pr&eacute;visible du calendrier gr&eacute;gorien, deviniez quoi&nbsp;? Le 12 juin.<\/p>\n<p style=\"text-align:left\">Il y a deux ans, nous &eacute;tions justement un il y a deux ans qui tombait un 12 juin. Mais pas le m&ecirc;me que les autres.<\/p>\n<p style=\"text-align:right\">Il y a un an, nous &eacute;tions la veille du 13 juin et donc le 12. C&rsquo;&eacute;tait &eacute;patant.<\/p>\n<p><em>Aujourd&rsquo;hui, nous sommes encore le 12 juin, je crois.<\/em><\/p>\n<p>&nbsp;<\/p>\n<p style=\"text-align:right\">Nom de d&rsquo;l&agrave;, huit ans.<\/p>\n<div id=\"bandeson\">\n<p><img decoding=\"async\" src=\"https:\/\/www.wallendorff.com\/belogue\/photo\/pochettes\/m\/mcgrath_eamon-young_c.jpg\" align=\"left\" \/><a href=\"http:\/\/www.myspace.com\/eamonmcgrath\">Eamon McGrath<\/a> &ndash; <a style=\"font-weight:normal\" id=\"lienmp3\" href=\"https:\/\/www.wallendorff.com\/belogue\/media\/20120612.mp3\"><em>Instrument of My Release<\/em><\/a>\n        <\/p>\n<\/p><\/div>\n<p>_____<\/p>\n<div id=\"bas_note\">\n<p><sup>1<\/sup> Et trois ans plus tard, je me d&eacute;cidais enfin &agrave; vous expliquer <a href=\"https:\/\/www.wallendorff.com\/belogue\/photo\/2010\/06\/20100612-01.jpg\">pourquoi<\/a>.<\/p>\n<p><sup>2<\/sup> Que je conseille au passage toujours toujours toujours autant pour les commentaires qu&rsquo;il fait tout au long du morceau. Il est chez le bel\u00f6gue mort de <a href=\"http:\/\/vox.skynetblogs.be\">Vox<\/a>.<\/p>\n<\/p><\/div>\n","protected":false},"excerpt":{"rendered":"<p>Route de Thonon, Collonge-Bellerive, 27 mai. Il y a huit ans, les Pistons de D\u00e9troit \u00e9taient en finale NBA. Il y a sept ans, les Pistons de D\u00e9troit \u00e9taient encore en finale NBA. Il y a six ans, les Pistons de D\u00e9troit \u00e9taient en vacances apr\u00e8s s&rsquo;\u00eatre fait vider comme des nazes en sept manches&hellip;<\/p>\n","protected":false},"author":1,"featured_media":25876,"comment_status":"open","ping_status":"open","sticky":false,"template":"","format":"standard","meta":{"_acf_changed":false,"ngg_post_thumbnail":0,"jetpack_post_was_ever_published":false,"_jetpack_newsletter_access":"","_jetpack_dont_email_post_to_subs":false,"_jetpack_newsletter_tier_id":0,"_jetpack_memberships_contains_paywalled_content":false,"_jetpack_memberships_contains_paid_content":false,"footnotes":"","jetpack_publicize_message":"","jetpack_publicize_feature_enabled":true,"jetpack_social_post_already_shared":false,"jetpack_social_options":{"image_generator_settings":{"template":"highway","default_image_id":0,"font":"","enabled":false},"version":2}},"categories":[3],"tags":[10131,2615,10975,5938,10246,11022,5939,5940,10426,793,10104,10103,5937,170,10886],"class_list":["post-17698","post","type-post","status-publish","format-standard","has-post-thumbnail","hentry","category-dpc","tag-anniversaire","tag-eos-5d-mark-ii","tag-canton-de-geneve","tag-collonge-bellerive","tag-contre-jour","tag-coucher-de-soleil","tag-eamon-mcgrath","tag-instrument-of-my-release","tag-montagne","tag-orange","tag-panneau","tag-route","tag-route-de-thonon","tag-sigma-70-300-mm-f4-56-dg-apo-macro","tag-suisse"],"acf":[],"geo":{"latitude":46.2467957,"longitude":6.2121677,"description":"V\u00e9senaz, Canton de Gen\u00e8ve, 1222, CH"},"jetpack_publicize_connections":[],"jetpack_featured_media_url":"https:\/\/www.wallendorff.com\/belogue\/wp-content\/uploads\/2015\/04\/201206121.jpg","jetpack_shortlink":"https:\/\/wp.me\/p3b35P-4Bs","jetpack_sharing_enabled":true,"jetpack-related-posts":[{"id":21133,"url":"https:\/\/www.wallendorff.com\/belogue\/2007\/06\/12\/trois\/","url_meta":{"origin":17698,"position":0},"title":"Trois.","author":"dpc","date":"12 juin 2007","format":false,"excerpt":"Il y a trois ans, les Pistons de D\u00e9troit \u00e9taient en finale NBA. Il y a deux ans, les Pistons de D\u00e9troit \u00e9taient encore en finale NBA. Il y a un an, les Pistons de D\u00e9troit \u00e9taient en vacances apr\u00e8s s'\u00eatre fait vider comme des nazes en 6 manches de\u2026","rel":"","context":"Dans &quot;DPC&quot;","block_context":{"text":"DPC","link":"https:\/\/www.wallendorff.com\/belogue\/category\/dpc\/"},"img":{"alt_text":"","src":"","width":0,"height":0},"classes":[]},{"id":172,"url":"https:\/\/www.wallendorff.com\/belogue\/2006\/06\/12\/l-emu-rond-des-zoos-raye\/","url_meta":{"origin":17698,"position":1},"title":"L&rsquo;&eacute;mu rond des zoos raye&sup1;.","author":"dpc","date":"12 juin 2006","format":false,"excerpt":"Rue des Panoyaux, Paris, 28 mai. Il y a deux ans, les Pistons de D\u00e9troit \u00e9taient en finale NBA. Il y a un an, les Pistons de D\u00e9troit \u00e9taient encore en finale NBA. Aujourd'hui, les Pistons de D\u00e9troit sont en vacances apr\u00e8s s'\u00eatre fait vider comme des nazes en 6\u2026","rel":"","context":"Dans &quot;DPC&quot;","block_context":{"text":"DPC","link":"https:\/\/www.wallendorff.com\/belogue\/category\/dpc\/"},"img":{"alt_text":"","src":"https:\/\/i0.wp.com\/www.wallendorff.com\/belogue\/wp-content\/uploads\/2015\/04\/200606121.jpg?resize=350%2C200&ssl=1","width":350,"height":200},"classes":[]},{"id":1248,"url":"https:\/\/www.wallendorff.com\/belogue\/2008\/06\/12\/le-pied-o-la-vieille-m-oint-cher\/","url_meta":{"origin":17698,"position":2},"title":"Le pied o\u00f9 la vieille m&rsquo;oint cher\u00b9.","author":"dpc","date":"12 juin 2008","format":false,"excerpt":"Rue Saint-Rustique, Paris, 12 avril. TV on the Radio \u2013 Blind Il y a quatre ans, les Pistons de D\u00e9troit \u00e9taient en finale NBA. Il y a trois ans, les Pistons de D\u00e9troit \u00e9taient encore en finale NBA. Il y a deux ans, les Pistons de D\u00e9troit \u00e9taient en vacances\u2026","rel":"","context":"Dans &quot;DPC&quot;","block_context":{"text":"DPC","link":"https:\/\/www.wallendorff.com\/belogue\/category\/dpc\/"},"img":{"alt_text":"","src":"https:\/\/i0.wp.com\/www.wallendorff.com\/belogue\/wp-content\/uploads\/2015\/04\/200806121.jpg?resize=350%2C200&ssl=1","width":350,"height":200},"classes":[]},{"id":12868,"url":"https:\/\/www.wallendorff.com\/belogue\/2011\/06\/12\/direction-linfini\/","url_meta":{"origin":17698,"position":3},"title":"Direction l&rsquo;infini.","author":"dpc","date":"12 juin 2011","format":false,"excerpt":"Rue Bonaparte, Paris, 11 juin. Il y a sept ans, les Pistons de D\u00e9troit \u00e9taient en finale NBA. Il y a six ans, les Pistons de D\u00e9troit \u00e9taient encore en finale NBA. Il y a cinq ans, les Pistons de D\u00e9troit \u00e9taient en vacances apr\u00e8s s'\u00eatre fait vider comme des\u2026","rel":"","context":"Dans &quot;DPC&quot;","block_context":{"text":"DPC","link":"https:\/\/www.wallendorff.com\/belogue\/category\/dpc\/"},"img":{"alt_text":"","src":"https:\/\/i0.wp.com\/www.wallendorff.com\/belogue\/wp-content\/uploads\/2015\/04\/201106121.jpg?resize=350%2C200&ssl=1","width":350,"height":200},"classes":[]},{"id":7677,"url":"https:\/\/www.wallendorff.com\/belogue\/2010\/06\/12\/six\/","url_meta":{"origin":17698,"position":4},"title":"668 the neighbour of the beast.","author":"dpc","date":"12 juin 2010","format":false,"excerpt":"Rue Michel-le-Comte, Paris, 8 mai. Non mais l\u00e0 c'est plut\u00f4t une mobylette qu'un escalier, donc \u00e7a compte pas. Hum. Ah et puis\u00a0: Il y a six ans, les Pistons de D\u00e9troit \u00e9taient en finale NBA. Il y a cinq ans, les Pistons de D\u00e9troit \u00e9taient encore en finale NBA. Il\u2026","rel":"","context":"Dans &quot;DPC&quot;","block_context":{"text":"DPC","link":"https:\/\/www.wallendorff.com\/belogue\/category\/dpc\/"},"img":{"alt_text":"","src":"https:\/\/i0.wp.com\/www.wallendorff.com\/belogue\/wp-content\/uploads\/2015\/04\/201006121.jpg?resize=350%2C200&ssl=1","width":350,"height":200},"classes":[]},{"id":4287,"url":"https:\/\/www.wallendorff.com\/belogue\/2009\/06\/12\/me-nuisant-plus-bele-que-vaux-je-hourds\/","url_meta":{"origin":17698,"position":5},"title":"Me nuisant plus, b\u00eale que vaux-je hourds.","author":"dpc","date":"12 juin 2009","format":false,"excerpt":"Pla\u00e8te Mars, Paris, 11 juin. \u00a0 Oasis \u2013 Cigarettes & Alcohol Il y a cinq ans, les Pistons de D\u00e9troit \u00e9taient en finale NBA. Il y a quatre ans, les Pistons de D\u00e9troit \u00e9taient encore en finale NBA. Il y a trois ans, les Pistons de D\u00e9troit \u00e9taient en vacances\u2026","rel":"","context":"Dans &quot;Portraits&quot;","block_context":{"text":"Portraits","link":"https:\/\/www.wallendorff.com\/belogue\/category\/portraits\/"},"img":{"alt_text":"","src":"https:\/\/i0.wp.com\/www.wallendorff.com\/belogue\/wp-content\/uploads\/2015\/04\/20090612-121.jpg?resize=350%2C200&ssl=1","width":350,"height":200,"srcset":"https:\/\/i0.wp.com\/www.wallendorff.com\/belogue\/wp-content\/uploads\/2015\/04\/20090612-121.jpg?resize=350%2C200&ssl=1 1x, https:\/\/i0.wp.com\/www.wallendorff.com\/belogue\/wp-content\/uploads\/2015\/04\/20090612-121.jpg?resize=525%2C300&ssl=1 1.5x, https:\/\/i0.wp.com\/www.wallendorff.com\/belogue\/wp-content\/uploads\/2015\/04\/20090612-121.jpg?resize=700%2C400&ssl=1 2x"},"classes":[]}],"_links":{"self":[{"href":"https:\/\/www.wallendorff.com\/belogue\/wp-json\/wp\/v2\/posts\/17698","targetHints":{"allow":["GET"]}}],"collection":[{"href":"https:\/\/www.wallendorff.com\/belogue\/wp-json\/wp\/v2\/posts"}],"about":[{"href":"https:\/\/www.wallendorff.com\/belogue\/wp-json\/wp\/v2\/types\/post"}],"author":[{"embeddable":true,"href":"https:\/\/www.wallendorff.com\/belogue\/wp-json\/wp\/v2\/users\/1"}],"replies":[{"embeddable":true,"href":"https:\/\/www.wallendorff.com\/belogue\/wp-json\/wp\/v2\/comments?post=17698"}],"version-history":[{"count":11,"href":"https:\/\/www.wallendorff.com\/belogue\/wp-json\/wp\/v2\/posts\/17698\/revisions"}],"predecessor-version":[{"id":17709,"href":"https:\/\/www.wallendorff.com\/belogue\/wp-json\/wp\/v2\/posts\/17698\/revisions\/17709"}],"wp:featuredmedia":[{"embeddable":true,"href":"https:\/\/www.wallendorff.com\/belogue\/wp-json\/wp\/v2\/media\/25876"}],"wp:attachment":[{"href":"https:\/\/www.wallendorff.com\/belogue\/wp-json\/wp\/v2\/media?parent=17698"}],"wp:term":[{"taxonomy":"category","embeddable":true,"href":"https:\/\/www.wallendorff.com\/belogue\/wp-json\/wp\/v2\/categories?post=17698"},{"taxonomy":"post_tag","embeddable":true,"href":"https:\/\/www.wallendorff.com\/belogue\/wp-json\/wp\/v2\/tags?post=17698"}],"curies":[{"name":"wp","href":"https:\/\/api.w.org\/{rel}","templated":true}]}}