{"id":17596,"date":"2012-06-05T11:15:42","date_gmt":"2012-06-05T09:15:42","guid":{"rendered":"http:\/\/www.po-L.com\/belogue\/?p=17596"},"modified":"2012-06-05T11:18:51","modified_gmt":"2012-06-05T09:18:51","slug":"walcourt","status":"publish","type":"post","link":"https:\/\/www.wallendorff.com\/belogue\/2012\/06\/05\/walcourt\/","title":{"rendered":"Walcourt."},"content":{"rendered":"\n<div id=\"photo\">\n<p><img decoding=\"async\" src=\"https:\/\/www.wallendorff.com\/belogue\/photo\/2012\/06\/20120605.jpg\"><br \/>\nChapelle de Walcourt, Givet, 20 avril.<\/p>\n<\/p><\/div>\n<p>B&acirc;tie au XVII<sup>e<\/sup>, reb&acirc;tie au XVIII<sup>e<\/sup>, orthodoxe quand les Russes s&rsquo;installent pour trois ans apr&egrave;s Waterloo, cimeti&egrave;re militaire et temple protestant sous l&rsquo;occupation allemande (celle dont on ne parle jamais, celle de 14-18), puis abandonn&eacute;e et restaur&eacute;e en 2007-2008. <a href=\"http:\/\/www.architectedupatrimoine.com\/wp-content\/gallery\/wallcourt\/GIVET 2003-small.jpg\">Ses ruines<\/a> m&rsquo;impressionnaient beaucoup quand j&rsquo;&eacute;tais gamin. Alors photo.<\/p>\n<div id=\"bandeson\">\n<p><img decoding=\"async\" src=\"https:\/\/www.wallendorff.com\/belogue\/photo\/pochettes\/h\/harvey_pj-let_england_shake.jpg\" align=\"left\" \/><a href=\"http:\/\/www.pjharvey.net\/\">PJ Harvey<\/a> &ndash; <a style=\"font-weight:normal\" id=\"lienmp3\" href=\"http:\/\/www.youtube.com\/watch?v=Lnv-K9TSDAo\"><em>The Glorious Land<\/em><\/a><\/p>\n<\/p><\/div>\n","protected":false},"excerpt":{"rendered":"<p>Chapelle de Walcourt, Givet, 20 avril. B&acirc;tie au XVIIe, reb&acirc;tie au XVIIIe, orthodoxe quand les Russes s&rsquo;installent pour trois ans apr&egrave;s Waterloo, cimeti&egrave;re militaire et temple protestant sous l&rsquo;occupation allemande (celle dont on ne parle jamais, celle de 14-18), puis abandonn&eacute;e et restaur&eacute;e en 2007-2008. Ses ruines m&rsquo;impressionnaient beaucoup quand j&rsquo;&eacute;tais gamin. Alors photo. PJ&hellip;<\/p>\n","protected":false},"author":1,"featured_media":25864,"comment_status":"open","ping_status":"open","sticky":false,"template":"","format":"standard","meta":{"_acf_changed":false,"ngg_post_thumbnail":0,"jetpack_post_was_ever_published":false,"_jetpack_newsletter_access":"","_jetpack_dont_email_post_to_subs":false,"_jetpack_newsletter_tier_id":0,"_jetpack_memberships_contains_paywalled_content":false,"_jetpack_memberships_contains_paid_content":false,"footnotes":"","jetpack_publicize_message":"","jetpack_publicize_feature_enabled":true,"jetpack_social_post_already_shared":false,"jetpack_social_options":{"image_generator_settings":{"template":"highway","default_image_id":0,"font":"","enabled":false},"version":2}},"categories":[3],"tags":[10255,2571,2615,10254,10788,5902,10144,10344,5906,10238,10120,10253,5450,143,10599,10180,10592,5903,5904],"class_list":["post-17596","post","type-post","status-publish","format-standard","has-post-thumbnail","hentry","category-dpc","tag-ardenne","tag-ef-16-35-mm-f28l-ii-usm","tag-eos-5d-mark-ii","tag-champagne-ardenne","tag-chapelle","tag-chapelle-de-walcourt","tag-ciel","tag-croix","tag-cross","tag-eglise","tag-france","tag-givet","tag-let-england-shake","tag-noir-et-blanc","tag-nuage","tag-pj-harvey","tag-pose-longue","tag-route-de-philippeville","tag-the-glorious-land"],"acf":[],"geo":{"latitude":50.1439056,"longitude":4.806272,"description":"Givet, Champagne-Ardenne, 08600, FR"},"jetpack_publicize_connections":[],"jetpack_featured_media_url":"https:\/\/www.wallendorff.com\/belogue\/wp-content\/uploads\/2015\/04\/201206051.jpg","jetpack_shortlink":"https:\/\/wp.me\/s3b35P-walcourt","jetpack_sharing_enabled":true,"jetpack-related-posts":[{"id":4435,"url":"https:\/\/www.wallendorff.com\/belogue\/2009\/08\/03\/imperfect-day-eglise\/","url_meta":{"origin":17596,"position":0},"title":"Imperfect day, \u00c9glise.","author":"dpc","date":"3 ao\u00fbt 2009","format":false,"excerpt":"Kirk in the Hills, Bloomfield Hills, 4 mai. PJ Harvey \u2013 Broken Harp","rel":"","context":"Dans &quot;DPC&quot;","block_context":{"text":"DPC","link":"https:\/\/www.wallendorff.com\/belogue\/category\/dpc\/"},"img":{"alt_text":"","src":"https:\/\/i0.wp.com\/www.wallendorff.com\/belogue\/wp-content\/uploads\/2015\/04\/200908031.jpg?resize=350%2C200&ssl=1","width":350,"height":200},"classes":[]},{"id":5250,"url":"https:\/\/www.wallendorff.com\/belogue\/2009\/12\/07\/armoires-et-blanc\/","url_meta":{"origin":17596,"position":1},"title":"Armoires [et blanc].","author":"dpc","date":"7 d\u00e9cembre 2009","format":false,"excerpt":"Chapelle expiatoire, Paris, 20 septembre. \u00a0PJ Harvey \u2013 Send His Love to Me","rel":"","context":"Dans &quot;DPC&quot;","block_context":{"text":"DPC","link":"https:\/\/www.wallendorff.com\/belogue\/category\/dpc\/"},"img":{"alt_text":"","src":"https:\/\/i0.wp.com\/www.wallendorff.com\/belogue\/wp-content\/uploads\/2015\/04\/200912071.jpg?resize=350%2C200&ssl=1","width":350,"height":200},"classes":[]},{"id":127158,"url":"https:\/\/www.wallendorff.com\/belogue\/2024\/01\/15\/cube-beni\/","url_meta":{"origin":17596,"position":2},"title":"Cube b\u00e9ni.","author":"dpc","date":"15 janvier 2024","format":false,"excerpt":"Chapelle de Walcourt, Givet, 18 novembre 2023.","rel":"","context":"Dans &quot;DPC&quot;","block_context":{"text":"DPC","link":"https:\/\/www.wallendorff.com\/belogue\/category\/dpc\/"},"img":{"alt_text":"","src":"https:\/\/i0.wp.com\/www.wallendorff.com\/belogue\/wp-content\/uploads\/2024\/01\/20240115.jpg?resize=350%2C200&ssl=1","width":350,"height":200,"srcset":"https:\/\/i0.wp.com\/www.wallendorff.com\/belogue\/wp-content\/uploads\/2024\/01\/20240115.jpg?resize=350%2C200&ssl=1 1x, https:\/\/i0.wp.com\/www.wallendorff.com\/belogue\/wp-content\/uploads\/2024\/01\/20240115.jpg?resize=525%2C300&ssl=1 1.5x, https:\/\/i0.wp.com\/www.wallendorff.com\/belogue\/wp-content\/uploads\/2024\/01\/20240115.jpg?resize=700%2C400&ssl=1 2x"},"classes":[]},{"id":1235,"url":"https:\/\/www.wallendorff.com\/belogue\/2008\/05\/26\/celle-dense-dca-noir\/","url_meta":{"origin":17596,"position":3},"title":"Celle \u00e0 dense d\u00e9ca noir.","author":"dpc","date":"26 mai 2008","format":false,"excerpt":"High street, Stonehouse, 3 avril. [Chut.] \u00a0PJ Harvey \u2013 White Chalk","rel":"","context":"Dans &quot;DPC&quot;","block_context":{"text":"DPC","link":"https:\/\/www.wallendorff.com\/belogue\/category\/dpc\/"},"img":{"alt_text":"","src":"https:\/\/i0.wp.com\/www.wallendorff.com\/belogue\/wp-content\/uploads\/2015\/04\/200805261.jpg?resize=350%2C200&ssl=1","width":350,"height":200},"classes":[]},{"id":11904,"url":"https:\/\/www.wallendorff.com\/belogue\/2011\/01\/19\/poney-blanc-et-blanc-poney\/","url_meta":{"origin":17596,"position":4},"title":"Poney blanc et blanc poney.","author":"dpc","date":"19 janvier 2011","format":false,"excerpt":"Rue Estivant de Braux, Givet, 5 d\u00e9cembre 2010. \u00a0Matt Pond PA \u2013 Snow Day","rel":"","context":"Dans &quot;DPC&quot;","block_context":{"text":"DPC","link":"https:\/\/www.wallendorff.com\/belogue\/category\/dpc\/"},"img":{"alt_text":"","src":"https:\/\/i0.wp.com\/www.wallendorff.com\/belogue\/wp-content\/uploads\/2015\/04\/201101191.jpg?resize=350%2C200&ssl=1","width":350,"height":200},"classes":[]},{"id":30651,"url":"https:\/\/www.wallendorff.com\/belogue\/2016\/03\/31\/mars-2016\/","url_meta":{"origin":17596,"position":5},"title":"Mars 2016.","author":"dpc","date":"31 mars 2016","format":false,"excerpt":"Un concert, une soir\u00e9e \u00ab\u00a0vin et litt\u00e9rature sanitaire\u00a0\u00bb, un week-end enneig\u00e9, un concert, un Alhambra \u00e0 l'envers, une coulisse, un concert, une place vide, des chaises, des cadres, un grand nid, un d\u00e9m\u00e9nagement, une vue imprenable, un anniversaire, un num\u00e9ro, une fen\u00eatre, un spectacle, un vernissage, un concert, un train,\u2026","rel":"","context":"Dans &quot;Blog-note&quot;","block_context":{"text":"Blog-note","link":"https:\/\/www.wallendorff.com\/belogue\/category\/blog-note\/"},"img":{"alt_text":"","src":"https:\/\/i0.wp.com\/www.wallendorff.com\/belogue\/wp-content\/uploads\/2016\/04\/20160417-67.jpg?resize=350%2C200&ssl=1","width":350,"height":200,"srcset":"https:\/\/i0.wp.com\/www.wallendorff.com\/belogue\/wp-content\/uploads\/2016\/04\/20160417-67.jpg?resize=350%2C200&ssl=1 1x, https:\/\/i0.wp.com\/www.wallendorff.com\/belogue\/wp-content\/uploads\/2016\/04\/20160417-67.jpg?resize=525%2C300&ssl=1 1.5x, https:\/\/i0.wp.com\/www.wallendorff.com\/belogue\/wp-content\/uploads\/2016\/04\/20160417-67.jpg?resize=700%2C400&ssl=1 2x"},"classes":[]}],"_links":{"self":[{"href":"https:\/\/www.wallendorff.com\/belogue\/wp-json\/wp\/v2\/posts\/17596","targetHints":{"allow":["GET"]}}],"collection":[{"href":"https:\/\/www.wallendorff.com\/belogue\/wp-json\/wp\/v2\/posts"}],"about":[{"href":"https:\/\/www.wallendorff.com\/belogue\/wp-json\/wp\/v2\/types\/post"}],"author":[{"embeddable":true,"href":"https:\/\/www.wallendorff.com\/belogue\/wp-json\/wp\/v2\/users\/1"}],"replies":[{"embeddable":true,"href":"https:\/\/www.wallendorff.com\/belogue\/wp-json\/wp\/v2\/comments?post=17596"}],"version-history":[{"count":8,"href":"https:\/\/www.wallendorff.com\/belogue\/wp-json\/wp\/v2\/posts\/17596\/revisions"}],"predecessor-version":[{"id":17604,"href":"https:\/\/www.wallendorff.com\/belogue\/wp-json\/wp\/v2\/posts\/17596\/revisions\/17604"}],"wp:featuredmedia":[{"embeddable":true,"href":"https:\/\/www.wallendorff.com\/belogue\/wp-json\/wp\/v2\/media\/25864"}],"wp:attachment":[{"href":"https:\/\/www.wallendorff.com\/belogue\/wp-json\/wp\/v2\/media?parent=17596"}],"wp:term":[{"taxonomy":"category","embeddable":true,"href":"https:\/\/www.wallendorff.com\/belogue\/wp-json\/wp\/v2\/categories?post=17596"},{"taxonomy":"post_tag","embeddable":true,"href":"https:\/\/www.wallendorff.com\/belogue\/wp-json\/wp\/v2\/tags?post=17596"}],"curies":[{"name":"wp","href":"https:\/\/api.w.org\/{rel}","templated":true}]}}