{"id":175,"date":"2006-06-17T22:53:12","date_gmt":"2006-06-17T22:53:12","guid":{"rendered":"http:\/\/www.po-l.com\/wordpress\/?p=175"},"modified":"2012-04-23T11:02:33","modified_gmt":"2012-04-23T09:02:33","slug":"t-as-ras","status":"publish","type":"post","link":"https:\/\/www.wallendorff.com\/belogue\/2006\/06\/17\/t-as-ras\/","title":{"rendered":"T&rsquo;as R&Agrave;S."},"content":{"rendered":"<div id=\"photo\">\n<p><img decoding=\"async\" src=\"http:\/\/www.po-L.com\/belogue\/photo\/2006\/06\/20060617.jpg\"><br \/>\nla Maroquinerie, Paris, 8 juin.<\/p>\n<\/div>\n<p style=\"text-align:right\">Et donc &ccedil;a, c&rsquo;est ce qu&rsquo;on voit quand on finit son blanc cul-sec &agrave; la Maroquinerie.<\/p>\n<p style=\"text-align:right\">[Et s&rsquo;il pleut, on s&rsquo;en fout plein les yeux]<\/p>\n<p style=\"text-align:right\">Et euuuh&#8230;<\/p>\n<p style=\"text-align:right\">Ben rien.<\/p>\n<div id=\"bandeson\">\n<p><img decoding=\"async\" src=\"https:\/\/www.wallendorff.com\/belogue\/photo\/pochettes\/g\/grates_the-gravity_wont_get_you_high.jpg\" align=\"left\" \/>&nbsp;<a href=\"http:\/\/www.thegrates.com\/\">The Grates<\/a> &mdash; <em>Howl<\/em><\/p>\n<\/p><\/div>\n","protected":false},"excerpt":{"rendered":"<p>la Maroquinerie, Paris, 8 juin. Et donc &ccedil;a, c&rsquo;est ce qu&rsquo;on voit quand on finit son blanc cul-sec &agrave; la Maroquinerie. [Et s&rsquo;il pleut, on s&rsquo;en fout plein les yeux] Et euuuh&#8230; Ben rien. &nbsp;The Grates &mdash; Howl<\/p>\n","protected":false},"author":1,"featured_media":24110,"comment_status":"open","ping_status":"open","sticky":false,"template":"","format":"standard","meta":{"_acf_changed":false,"ngg_post_thumbnail":0,"jetpack_post_was_ever_published":false,"_jetpack_newsletter_access":"","_jetpack_dont_email_post_to_subs":false,"_jetpack_newsletter_tier_id":0,"_jetpack_memberships_contains_paywalled_content":false,"_jetpack_memberships_contains_paid_content":false,"footnotes":"","jetpack_publicize_message":"","jetpack_publicize_feature_enabled":true,"jetpack_social_post_already_shared":false,"jetpack_social_options":{"image_generator_settings":{"template":"highway","default_image_id":0,"font":"","enabled":false},"version":2}},"categories":[3],"tags":[10216,10169,737,142,132,10144,10120,1642,10121,10290,10098,1641],"class_list":["post-175","post","type-post","status-publish","format-standard","has-post-thumbnail","hentry","category-dpc","tag-10216","tag-biere","tag-bleu","tag-ef-s-10-22-mm-f35-45-usm","tag-eos-20d","tag-ciel","tag-france","tag-howl","tag-ile-de-france","tag-la-maroquinerie","tag-paris","tag-the-grates"],"acf":[],"geo":{"latitude":48.8685608,"longitude":2.3919244,"description":"18-26 Rue Boyer, 75020 Paris, France"},"jetpack_publicize_connections":[],"jetpack_featured_media_url":"https:\/\/www.wallendorff.com\/belogue\/wp-content\/uploads\/2015\/04\/200606171.jpg","jetpack_shortlink":"https:\/\/wp.me\/p3b35P-2P","jetpack_sharing_enabled":true,"jetpack-related-posts":[{"id":9658,"url":"https:\/\/www.wallendorff.com\/belogue\/2010\/10\/14\/shout-out-louds-baden-baden-la-maroquinerie\/","url_meta":{"origin":175,"position":0},"title":"Shout Out Louds + Baden Baden @ la Maroquinerie, Paris.","author":"dpc","date":"14 octobre 2010","format":false,"excerpt":"Mon dernier live su\u00e9dois avait d\u00e9\u00e7u, celui-l\u00e0 m'a agr\u00e9ablement surpris. Je m'attendais \u00e0 une soir\u00e9e tranquille, lov\u00e9e dans les morceaux p\u00e9p\u00e8res de leur trois bons albums (Howl Howl Gaff Gaff, 2005, Our Ill Wills, 2007 et Work, 2010) mais non, les Shout Out Louds montent leur compos un niveau au-dessus,\u2026","rel":"","context":"Dans &quot;Alive&quot;","block_context":{"text":"Alive","link":"https:\/\/www.wallendorff.com\/belogue\/category\/alive\/"},"img":{"alt_text":"","src":"https:\/\/i0.wp.com\/www.wallendorff.com\/belogue\/wp-content\/uploads\/2015\/04\/201010141.jpg?resize=350%2C200&ssl=1","width":350,"height":200,"srcset":"https:\/\/i0.wp.com\/www.wallendorff.com\/belogue\/wp-content\/uploads\/2015\/04\/201010141.jpg?resize=350%2C200&ssl=1 1x, https:\/\/i0.wp.com\/www.wallendorff.com\/belogue\/wp-content\/uploads\/2015\/04\/201010141.jpg?resize=525%2C300&ssl=1 1.5x, https:\/\/i0.wp.com\/www.wallendorff.com\/belogue\/wp-content\/uploads\/2015\/04\/201010141.jpg?resize=700%2C400&ssl=1 2x"},"classes":[]},{"id":641,"url":"https:\/\/www.wallendorff.com\/belogue\/2006\/08\/20\/previously-unreleased-41\/","url_meta":{"origin":175,"position":1},"title":"Previously Unreleased #41\u00b9.","author":"dpc","date":"20 ao\u00fbt 2006","format":false,"excerpt":"Secret Machines, la Maroquinerie, Paris, 30 mai. \u00a0Black Rebel Motorcycle Club \u2013 Promise _____ 1 Concept chouettissime from chez presque-ma-voisine.","rel":"","context":"Dans &quot;Previously unreleased&quot;","block_context":{"text":"Previously unreleased","link":"https:\/\/www.wallendorff.com\/belogue\/category\/previously-unreleased\/"},"img":{"alt_text":"","src":"https:\/\/i0.wp.com\/www.wallendorff.com\/belogue\/wp-content\/uploads\/2015\/04\/200608201.jpg?resize=350%2C200&ssl=1","width":350,"height":200},"classes":[]},{"id":135244,"url":"https:\/\/www.wallendorff.com\/belogue\/2026\/02\/10\/die-spitz-la-maroquinerie-paris-9-decembre-2026\/","url_meta":{"origin":175,"position":2},"title":"Die Spitz @ la Maroquinerie, Paris, 9 f\u00e9vrier 2026.","author":"dpc","date":"10 f\u00e9vrier 2026","format":false,"excerpt":"Die Spitz @ la Maroquinerie, Paris, 08\/02\/2026 Die Spitz @ la Maroquinerie, Paris, 08\/02\/2026 Die Spitz @ la Maroquinerie, Paris, 08\/02\/2026 Die Spitz @ la Maroquinerie, Paris, 08\/02\/2026 Die Spitz @ la Maroquinerie, Paris, 08\/02\/2026 Die Spitz @ la Maroquinerie, Paris, 08\/02\/2026 Die Spitz @ la Maroquinerie, Paris, 08\/02\/2026 Die\u2026","rel":"","context":"Dans &quot;Alive&quot;","block_context":{"text":"Alive","link":"https:\/\/www.wallendorff.com\/belogue\/category\/alive\/"},"img":{"alt_text":"","src":"https:\/\/i0.wp.com\/www.wallendorff.com\/belogue\/wp-content\/uploads\/2026\/02\/20260210-16.jpg?resize=350%2C200&ssl=1","width":350,"height":200,"srcset":"https:\/\/i0.wp.com\/www.wallendorff.com\/belogue\/wp-content\/uploads\/2026\/02\/20260210-16.jpg?resize=350%2C200&ssl=1 1x, https:\/\/i0.wp.com\/www.wallendorff.com\/belogue\/wp-content\/uploads\/2026\/02\/20260210-16.jpg?resize=525%2C300&ssl=1 1.5x, https:\/\/i0.wp.com\/www.wallendorff.com\/belogue\/wp-content\/uploads\/2026\/02\/20260210-16.jpg?resize=700%2C400&ssl=1 2x, https:\/\/i0.wp.com\/www.wallendorff.com\/belogue\/wp-content\/uploads\/2026\/02\/20260210-16.jpg?resize=1050%2C600&ssl=1 3x"},"classes":[]},{"id":20919,"url":"https:\/\/www.wallendorff.com\/belogue\/2013\/05\/14\/the-raveonettes-la-maroquinerie-paris-12-mai\/","url_meta":{"origin":175,"position":3},"title":"The Raveonettes @ la Maroquinerie, Paris, 12 mai.","author":"dpc","date":"14 mai 2013","format":false,"excerpt":"TwilightThe Raveonettes \u00a0","rel":"","context":"Dans &quot;Alive&quot;","block_context":{"text":"Alive","link":"https:\/\/www.wallendorff.com\/belogue\/category\/alive\/"},"img":{"alt_text":"","src":"https:\/\/i0.wp.com\/www.wallendorff.com\/belogue\/wp-content\/uploads\/2015\/04\/20130514.jpg?resize=350%2C200&ssl=1","width":350,"height":200,"srcset":"https:\/\/i0.wp.com\/www.wallendorff.com\/belogue\/wp-content\/uploads\/2015\/04\/20130514.jpg?resize=350%2C200&ssl=1 1x, https:\/\/i0.wp.com\/www.wallendorff.com\/belogue\/wp-content\/uploads\/2015\/04\/20130514.jpg?resize=525%2C300&ssl=1 1.5x, https:\/\/i0.wp.com\/www.wallendorff.com\/belogue\/wp-content\/uploads\/2015\/04\/20130514.jpg?resize=700%2C400&ssl=1 2x"},"classes":[]},{"id":4316,"url":"https:\/\/www.wallendorff.com\/belogue\/2009\/06\/21\/championnat-de-france-dair-guitar-2009-la-maroquinerie-paris\/","url_meta":{"origin":175,"position":4},"title":"Championnat de France d&rsquo;Air Guitar 2009 @ la Maroquinerie, Paris.","author":"dpc","date":"21 juin 2009","format":false,"excerpt":"\u00a0 The Mooney Suzuki \u2013 Primitive Condition Et on f\u00e9licite chaudement Gunther Love et ses sauts p\u00e9rilleux de la mort, champions de France 2009.","rel":"","context":"Dans &quot;Alive&quot;","block_context":{"text":"Alive","link":"https:\/\/www.wallendorff.com\/belogue\/category\/alive\/"},"img":{"alt_text":"","src":"https:\/\/i0.wp.com\/www.wallendorff.com\/belogue\/wp-content\/uploads\/2015\/04\/200906211.jpg?resize=350%2C200&ssl=1","width":350,"height":200,"srcset":"https:\/\/i0.wp.com\/www.wallendorff.com\/belogue\/wp-content\/uploads\/2015\/04\/200906211.jpg?resize=350%2C200&ssl=1 1x, https:\/\/i0.wp.com\/www.wallendorff.com\/belogue\/wp-content\/uploads\/2015\/04\/200906211.jpg?resize=525%2C300&ssl=1 1.5x, https:\/\/i0.wp.com\/www.wallendorff.com\/belogue\/wp-content\/uploads\/2015\/04\/200906211.jpg?resize=700%2C400&ssl=1 2x"},"classes":[]},{"id":169,"url":"https:\/\/www.wallendorff.com\/belogue\/2006\/06\/09\/asyl-la-maroquinerie-paris-8-juin\/","url_meta":{"origin":175,"position":5},"title":"Asyl @ la Maroquinerie, Paris, 8 juin.","author":"dpc","date":"9 juin 2006","format":false,"excerpt":"(Je commence \u00e0 me demander si j'y habite pas, en fait, \u00e0 la Maroquinerie.) \u00a0Brian Jonestown Massacre \u2014 Cause, I Love Her","rel":"","context":"Dans &quot;Alive&quot;","block_context":{"text":"Alive","link":"https:\/\/www.wallendorff.com\/belogue\/category\/alive\/"},"img":{"alt_text":"","src":"https:\/\/i0.wp.com\/www.wallendorff.com\/belogue\/wp-content\/uploads\/2015\/04\/200606091.jpg?resize=350%2C200&ssl=1","width":350,"height":200,"srcset":"https:\/\/i0.wp.com\/www.wallendorff.com\/belogue\/wp-content\/uploads\/2015\/04\/200606091.jpg?resize=350%2C200&ssl=1 1x, https:\/\/i0.wp.com\/www.wallendorff.com\/belogue\/wp-content\/uploads\/2015\/04\/200606091.jpg?resize=525%2C300&ssl=1 1.5x, https:\/\/i0.wp.com\/www.wallendorff.com\/belogue\/wp-content\/uploads\/2015\/04\/200606091.jpg?resize=700%2C400&ssl=1 2x"},"classes":[]}],"_links":{"self":[{"href":"https:\/\/www.wallendorff.com\/belogue\/wp-json\/wp\/v2\/posts\/175","targetHints":{"allow":["GET"]}}],"collection":[{"href":"https:\/\/www.wallendorff.com\/belogue\/wp-json\/wp\/v2\/posts"}],"about":[{"href":"https:\/\/www.wallendorff.com\/belogue\/wp-json\/wp\/v2\/types\/post"}],"author":[{"embeddable":true,"href":"https:\/\/www.wallendorff.com\/belogue\/wp-json\/wp\/v2\/users\/1"}],"replies":[{"embeddable":true,"href":"https:\/\/www.wallendorff.com\/belogue\/wp-json\/wp\/v2\/comments?post=175"}],"version-history":[{"count":1,"href":"https:\/\/www.wallendorff.com\/belogue\/wp-json\/wp\/v2\/posts\/175\/revisions"}],"predecessor-version":[{"id":16993,"href":"https:\/\/www.wallendorff.com\/belogue\/wp-json\/wp\/v2\/posts\/175\/revisions\/16993"}],"wp:featuredmedia":[{"embeddable":true,"href":"https:\/\/www.wallendorff.com\/belogue\/wp-json\/wp\/v2\/media\/24110"}],"wp:attachment":[{"href":"https:\/\/www.wallendorff.com\/belogue\/wp-json\/wp\/v2\/media?parent=175"}],"wp:term":[{"taxonomy":"category","embeddable":true,"href":"https:\/\/www.wallendorff.com\/belogue\/wp-json\/wp\/v2\/categories?post=175"},{"taxonomy":"post_tag","embeddable":true,"href":"https:\/\/www.wallendorff.com\/belogue\/wp-json\/wp\/v2\/tags?post=175"}],"curies":[{"name":"wp","href":"https:\/\/api.w.org\/{rel}","templated":true}]}}