{"id":17432,"date":"2012-05-25T09:35:14","date_gmt":"2012-05-25T07:35:14","guid":{"rendered":"http:\/\/www.po-L.com\/belogue\/?p=17432"},"modified":"2012-05-29T19:27:33","modified_gmt":"2012-05-29T17:27:33","slug":"we-never-leave-we-lift-we-conquer","status":"publish","type":"post","link":"https:\/\/www.wallendorff.com\/belogue\/2012\/05\/25\/we-never-leave-we-lift-we-conquer\/","title":{"rendered":"We never leave, we lift, we conquer."},"content":{"rendered":"\n<div id=\"photo\">\n<p><img decoding=\"async\" src=\"https:\/\/www.wallendorff.com\/belogue\/photo\/2012\/05\/20120525.jpg\"><br \/>\nRue des Changes, Chartres, 7 avril.<\/p>\n<\/p><\/div>\n<div id=\"bandeson\">\n<p><img decoding=\"async\" src=\"https:\/\/www.wallendorff.com\/belogue\/photo\/pochettes\/b\/buoy_dana-summer_bodies.jpg\" align=\"left\" \/><a href=\"http:\/\/danabuoy.tumblr.com\/\">Dana Buoy<\/a> &ndash; <em>Call to Be<\/em><br \/>\n[youtube]http:\/\/www.youtube.com\/watch?v=rZy1Coz0usM[\/youtube]<\/p>\n<\/p><\/div>\n","protected":false},"excerpt":{"rendered":"<p>Rue des Changes, Chartres, 7 avril. Dana Buoy &ndash; Call to Be [youtube]http:\/\/www.youtube.com\/watch?v=rZy1Coz0usM[\/youtube]<\/p>\n","protected":false},"author":1,"featured_media":26329,"comment_status":"open","ping_status":"open","sticky":false,"template":"","format":"standard","meta":{"_acf_changed":false,"ngg_post_thumbnail":0,"jetpack_post_was_ever_published":false,"_jetpack_newsletter_access":"","_jetpack_dont_email_post_to_subs":false,"_jetpack_newsletter_tier_id":0,"_jetpack_memberships_contains_paywalled_content":false,"_jetpack_memberships_contains_paid_content":false,"footnotes":"","jetpack_publicize_message":"","jetpack_publicize_feature_enabled":true,"jetpack_social_post_already_shared":false,"jetpack_social_options":{"image_generator_settings":{"template":"highway","default_image_id":0,"font":"","enabled":false},"version":2}},"categories":[3],"tags":[5875,2571,2615,10304,5866,5874,10210,11028,10307,10120,143,5873],"class_list":["post-17432","post","type-post","status-publish","format-standard","has-post-thumbnail","hentry","category-dpc","tag-call-to-be","tag-ef-16-35-mm-f28l-ii-usm","tag-eos-5d-mark-ii","tag-centre","tag-chartres","tag-dana-buoy","tag-escalier","tag-eure-et-loir","tag-fenetre","tag-france","tag-noir-et-blanc","tag-rue-des-changes"],"acf":[],"geo":{"latitude":48.4459991,"longitude":1.4888701,"description":"7-21 Rue des Changes, 28000 Chartres, France"},"jetpack_publicize_connections":[],"jetpack_featured_media_url":"https:\/\/www.wallendorff.com\/belogue\/wp-content\/uploads\/2015\/04\/201205251.jpg","jetpack_shortlink":"https:\/\/wp.me\/p3b35P-4xa","jetpack_sharing_enabled":true,"jetpack-related-posts":[{"id":17414,"url":"https:\/\/www.wallendorff.com\/belogue\/2012\/05\/26\/chartres-attack\/","url_meta":{"origin":17432,"position":0},"title":"Chartres attack.","author":"dpc","date":"26 mai 2012","format":false,"excerpt":"Chartres, 7 avril. Jack White \u2013 Weep Themselves to Sleep [youtube]http:\/\/www.youtube.com\/watch?v=SS1fkobUPfA[\/youtube]","rel":"","context":"Dans &quot;DPC&quot;","block_context":{"text":"DPC","link":"https:\/\/www.wallendorff.com\/belogue\/category\/dpc\/"},"img":{"alt_text":"","src":"https:\/\/i0.wp.com\/www.wallendorff.com\/belogue\/wp-content\/uploads\/2015\/04\/201205261.jpg?resize=350%2C200&ssl=1","width":350,"height":200,"srcset":"https:\/\/i0.wp.com\/www.wallendorff.com\/belogue\/wp-content\/uploads\/2015\/04\/201205261.jpg?resize=350%2C200&ssl=1 1x, https:\/\/i0.wp.com\/www.wallendorff.com\/belogue\/wp-content\/uploads\/2015\/04\/201205261.jpg?resize=525%2C300&ssl=1 1.5x"},"classes":[]},{"id":19178,"url":"https:\/\/www.wallendorff.com\/belogue\/2012\/10\/04\/bajina-bata-belgrade\/","url_meta":{"origin":17432,"position":1},"title":"Bajina Ba&scaron;ta &#8211; Belgrade.","author":"dpc","date":"4 octobre 2012","format":false,"excerpt":"Kilom\u00e8tres 521 \u00e0 832, 30 juillet. \u00c9tape 1 | \u00c9tape 2 | \u00c9tape 4 | \u00c9tape 5 | \u00c9tape 6 | \u00c9tape 7 Dana Buoy \u2013 Call to Be \u00a0","rel":"","context":"Dans &quot;DPC&quot;","block_context":{"text":"DPC","link":"https:\/\/www.wallendorff.com\/belogue\/category\/dpc\/"},"img":{"alt_text":"","src":"https:\/\/i0.wp.com\/www.wallendorff.com\/belogue\/wp-content\/uploads\/2015\/04\/201210041.jpg?resize=350%2C200&ssl=1","width":350,"height":200,"srcset":"https:\/\/i0.wp.com\/www.wallendorff.com\/belogue\/wp-content\/uploads\/2015\/04\/201210041.jpg?resize=350%2C200&ssl=1 1x, https:\/\/i0.wp.com\/www.wallendorff.com\/belogue\/wp-content\/uploads\/2015\/04\/201210041.jpg?resize=525%2C300&ssl=1 1.5x, https:\/\/i0.wp.com\/www.wallendorff.com\/belogue\/wp-content\/uploads\/2015\/04\/201210041.jpg?resize=700%2C400&ssl=1 2x"},"classes":[]},{"id":22926,"url":"https:\/\/www.wallendorff.com\/belogue\/2014\/06\/08\/top-10-des-plus-belles-cathedrales-de-la-decennie\/","url_meta":{"origin":17432,"position":2},"title":"Top 10 des plus belles cath\u00e9drales de la d\u00e9cennie.","author":"dpc","date":"8 juin 2014","format":false,"excerpt":"Dix ans \u00e0 faire le tour de toutes les cath\u00e9drales du monde entier et bien les regarder sous toutes les coutures pour \u00e9tablir le classement d\u00e9finitif et impartial des plus jolies cath\u00e9drales de l'univers. No 10 ex-\u00e6quo\u00a0: La cath\u00e9drale Notre-Dame de Chartres du 7 avril 2012... Chartres Attack. \u00a0 ...\u2026","rel":"","context":"Dans &quot;DPC&quot;","block_context":{"text":"DPC","link":"https:\/\/www.wallendorff.com\/belogue\/category\/dpc\/"},"img":{"alt_text":"","src":"https:\/\/i0.wp.com\/www.wallendorff.com\/belogue\/wp-content\/uploads\/2015\/04\/201310243.jpg?resize=350%2C200&ssl=1","width":350,"height":200,"srcset":"https:\/\/i0.wp.com\/www.wallendorff.com\/belogue\/wp-content\/uploads\/2015\/04\/201310243.jpg?resize=350%2C200&ssl=1 1x, https:\/\/i0.wp.com\/www.wallendorff.com\/belogue\/wp-content\/uploads\/2015\/04\/201310243.jpg?resize=525%2C300&ssl=1 1.5x, https:\/\/i0.wp.com\/www.wallendorff.com\/belogue\/wp-content\/uploads\/2015\/04\/201310243.jpg?resize=700%2C400&ssl=1 2x"},"classes":[]},{"id":131269,"url":"https:\/\/www.wallendorff.com\/belogue\/2024\/11\/30\/novembre-2024\/","url_meta":{"origin":17432,"position":3},"title":"Novembre 2024.","author":"dpc","date":"30 novembre 2024","format":false,"excerpt":"Un menu, un nours, un cimeti\u00e8re, un lever de soleil, un quai de RER, un balcon, une toilette, une publicit\u00e9, un gradin, une toilette, un v\u00e9lo, un concert, un extincteur, un train, une gare, un panneau, une cath\u00e9drale, un pont-canal, une for\u00eat, une \u00e9glise, une vierge, un ch\u00e2teau de jour,\u2026","rel":"","context":"Dans &quot;Blog-note&quot;","block_context":{"text":"Blog-note","link":"https:\/\/www.wallendorff.com\/belogue\/category\/blog-note\/"},"img":{"alt_text":"","src":"https:\/\/i0.wp.com\/www.wallendorff.com\/belogue\/wp-content\/uploads\/2024\/12\/20241207-56.jpg?resize=350%2C200&ssl=1","width":350,"height":200,"srcset":"https:\/\/i0.wp.com\/www.wallendorff.com\/belogue\/wp-content\/uploads\/2024\/12\/20241207-56.jpg?resize=350%2C200&ssl=1 1x, https:\/\/i0.wp.com\/www.wallendorff.com\/belogue\/wp-content\/uploads\/2024\/12\/20241207-56.jpg?resize=525%2C300&ssl=1 1.5x, https:\/\/i0.wp.com\/www.wallendorff.com\/belogue\/wp-content\/uploads\/2024\/12\/20241207-56.jpg?resize=700%2C400&ssl=1 2x, https:\/\/i0.wp.com\/www.wallendorff.com\/belogue\/wp-content\/uploads\/2024\/12\/20241207-56.jpg?resize=1050%2C600&ssl=1 3x"},"classes":[]},{"id":131991,"url":"https:\/\/www.wallendorff.com\/belogue\/2025\/03\/26\/metz-de-noel\/","url_meta":{"origin":17432,"position":4},"title":"Metz de No\u00ebl.","author":"dpc","date":"26 mars 2025","format":false,"excerpt":"","rel":"","context":"Dans &quot;DPC&quot;","block_context":{"text":"DPC","link":"https:\/\/www.wallendorff.com\/belogue\/category\/dpc\/"},"img":{"alt_text":"","src":"https:\/\/i0.wp.com\/www.wallendorff.com\/belogue\/wp-content\/uploads\/2025\/03\/20250326-04.jpg?resize=350%2C200&ssl=1","width":350,"height":200,"srcset":"https:\/\/i0.wp.com\/www.wallendorff.com\/belogue\/wp-content\/uploads\/2025\/03\/20250326-04.jpg?resize=350%2C200&ssl=1 1x, https:\/\/i0.wp.com\/www.wallendorff.com\/belogue\/wp-content\/uploads\/2025\/03\/20250326-04.jpg?resize=525%2C300&ssl=1 1.5x, https:\/\/i0.wp.com\/www.wallendorff.com\/belogue\/wp-content\/uploads\/2025\/03\/20250326-04.jpg?resize=700%2C400&ssl=1 2x"},"classes":[]},{"id":13920,"url":"https:\/\/www.wallendorff.com\/belogue\/2011\/10\/25\/the-joy-formidable-le-nouveau-casino-paris\/","url_meta":{"origin":17432,"position":5},"title":"The Joy Formidable @ le Nouveau Casino, Paris.","author":"dpc","date":"25 octobre 2011","format":false,"excerpt":"A Heavy Abacus | The Magnifying Glass | Austere | Ostrich | G Light | Cradle | Buoy | While the Flies | Whirring || 9669 | The Everchanging Spectrum of a Lie Meilleur nouveau groupe de l'ann\u00e9e, vous dis-je. The Joy Formidable \u2013 Cradle [youtube]http:\/\/www.youtube.com\/watch?v=W66yhfMb4d0[\/youtube] \u00a0","rel":"","context":"Dans &quot;Alive&quot;","block_context":{"text":"Alive","link":"https:\/\/www.wallendorff.com\/belogue\/category\/alive\/"},"img":{"alt_text":"","src":"https:\/\/i0.wp.com\/www.wallendorff.com\/belogue\/wp-content\/uploads\/2015\/04\/201110251.jpg?resize=350%2C200&ssl=1","width":350,"height":200,"srcset":"https:\/\/i0.wp.com\/www.wallendorff.com\/belogue\/wp-content\/uploads\/2015\/04\/201110251.jpg?resize=350%2C200&ssl=1 1x, https:\/\/i0.wp.com\/www.wallendorff.com\/belogue\/wp-content\/uploads\/2015\/04\/201110251.jpg?resize=525%2C300&ssl=1 1.5x, https:\/\/i0.wp.com\/www.wallendorff.com\/belogue\/wp-content\/uploads\/2015\/04\/201110251.jpg?resize=700%2C400&ssl=1 2x"},"classes":[]}],"_links":{"self":[{"href":"https:\/\/www.wallendorff.com\/belogue\/wp-json\/wp\/v2\/posts\/17432","targetHints":{"allow":["GET"]}}],"collection":[{"href":"https:\/\/www.wallendorff.com\/belogue\/wp-json\/wp\/v2\/posts"}],"about":[{"href":"https:\/\/www.wallendorff.com\/belogue\/wp-json\/wp\/v2\/types\/post"}],"author":[{"embeddable":true,"href":"https:\/\/www.wallendorff.com\/belogue\/wp-json\/wp\/v2\/users\/1"}],"replies":[{"embeddable":true,"href":"https:\/\/www.wallendorff.com\/belogue\/wp-json\/wp\/v2\/comments?post=17432"}],"version-history":[{"count":6,"href":"https:\/\/www.wallendorff.com\/belogue\/wp-json\/wp\/v2\/posts\/17432\/revisions"}],"predecessor-version":[{"id":17467,"href":"https:\/\/www.wallendorff.com\/belogue\/wp-json\/wp\/v2\/posts\/17432\/revisions\/17467"}],"wp:featuredmedia":[{"embeddable":true,"href":"https:\/\/www.wallendorff.com\/belogue\/wp-json\/wp\/v2\/media\/26329"}],"wp:attachment":[{"href":"https:\/\/www.wallendorff.com\/belogue\/wp-json\/wp\/v2\/media?parent=17432"}],"wp:term":[{"taxonomy":"category","embeddable":true,"href":"https:\/\/www.wallendorff.com\/belogue\/wp-json\/wp\/v2\/categories?post=17432"},{"taxonomy":"post_tag","embeddable":true,"href":"https:\/\/www.wallendorff.com\/belogue\/wp-json\/wp\/v2\/tags?post=17432"}],"curies":[{"name":"wp","href":"https:\/\/api.w.org\/{rel}","templated":true}]}}