{"id":174,"date":"2006-06-16T23:01:33","date_gmt":"2006-06-16T23:01:33","guid":{"rendered":"http:\/\/www.po-l.com\/wordpress\/?p=174"},"modified":"2012-04-20T09:59:29","modified_gmt":"2012-04-20T07:59:29","slug":"all-is-quiet-now","status":"publish","type":"post","link":"https:\/\/www.wallendorff.com\/belogue\/2006\/06\/16\/all-is-quiet-now\/","title":{"rendered":"All is quiet now."},"content":{"rendered":"\n<div id=\"photo\">\n<p><img decoding=\"async\" src=\"http:\/\/www.po-L.com\/belogue\/photo\/2006\/06\/20060616.jpg\"\/><br \/>\n            Jardin des Tuileries, Paris, 5 juin.<\/p>\n<\/p><\/div>\n<p>Je ne sais pas pourquoi &ccedil;a remarche<sup>1<\/sup>, mais &ccedil;a remarche.<\/p>\n<div id=\"bandeson\">\n<p><img decoding=\"async\" src=\"https:\/\/www.wallendorff.com\/belogue\/photo\/pochettes\/k\/kweller_ben-on_my_way.jpg\" align=\"left\" \/>&nbsp;<a href=\"http:\/\/www.benkweller.com\/\">Ben Kweller<\/a> &ndash; <em>Down<\/em><\/p>\n<\/div>\n<p>_____<\/p>\n<div id=\"bas_note\">\n<p><sup>1<\/sup> Tout comme je ne sais pas pourquoi &ccedil;a ne marchait plus, d&rsquo;ailleurs.<\/p>\n<\/p><\/div>\n","protected":false},"excerpt":{"rendered":"<p>Jardin des Tuileries, Paris, 5 juin. Je ne sais pas pourquoi &ccedil;a remarche1, mais &ccedil;a remarche. &nbsp;Ben Kweller &ndash; Down _____ 1 Tout comme je ne sais pas pourquoi &ccedil;a ne marchait plus, d&rsquo;ailleurs.<\/p>\n","protected":false},"author":1,"featured_media":24109,"comment_status":"open","ping_status":"open","sticky":false,"template":"","format":"standard","meta":{"_acf_changed":false,"ngg_post_thumbnail":0,"jetpack_post_was_ever_published":false,"_jetpack_newsletter_access":"","_jetpack_dont_email_post_to_subs":false,"_jetpack_newsletter_tier_id":0,"_jetpack_memberships_contains_paywalled_content":false,"_jetpack_memberships_contains_paid_content":false,"footnotes":"","jetpack_publicize_message":"","jetpack_publicize_feature_enabled":true,"jetpack_social_post_already_shared":false,"jetpack_social_options":{"image_generator_settings":{"template":"highway","default_image_id":0,"font":"","enabled":false},"version":2}},"categories":[3],"tags":[10182,544,132,1640,10340,10120,10121,10299,143,10098,10272,170],"class_list":["post-174","post","type-post","status-publish","format-standard","has-post-thumbnail","hentry","category-dpc","tag-10182","tag-ben-kweller","tag-eos-20d","tag-down","tag-fille","tag-france","tag-ile-de-france","tag-jardin-des-tuileries","tag-noir-et-blanc","tag-paris","tag-portrait","tag-sigma-70-300-mm-f4-56-dg-apo-macro"],"acf":[],"geo":{"latitude":48.8640366,"longitude":2.3273849,"description":null},"jetpack_publicize_connections":[],"jetpack_featured_media_url":"https:\/\/www.wallendorff.com\/belogue\/wp-content\/uploads\/2015\/04\/200606161.jpg","jetpack_shortlink":"https:\/\/wp.me\/p3b35P-2O","jetpack_sharing_enabled":true,"jetpack-related-posts":[{"id":322,"url":"https:\/\/www.wallendorff.com\/belogue\/2005\/07\/08\/maybe-jasper-does-the-aspro\/","url_meta":{"origin":174,"position":0},"title":"&quot;Maybe Jasper does the Aspro&reg;&quot;.","author":"dpc","date":"8 juillet 2005","format":false,"excerpt":"Jardin des Tuileries, Paris, 17 juin. J'ai oubli\u00e9 mes lunettes. Dans 5 minutes, le mal de cr\u00e2ne va commencer \u00e0 m'envahir sournoisement. Ma journ\u00e9e sera un calvaire, et comme je ne suis pas myope, la douleur ne m'emp\u00eachera pas de voir ma chef1. Je lance un appel d\u00e9sesp\u00e9r\u00e9. Envoyez-moi des\u2026","rel":"","context":"Dans &quot;DPC&quot;","block_context":{"text":"DPC","link":"https:\/\/www.wallendorff.com\/belogue\/category\/dpc\/"},"img":{"alt_text":"","src":"https:\/\/i0.wp.com\/www.wallendorff.com\/belogue\/wp-content\/uploads\/2015\/04\/20050708.jpg?resize=350%2C200&ssl=1","width":350,"height":200},"classes":[]},{"id":201,"url":"https:\/\/www.wallendorff.com\/belogue\/2006\/01\/10\/gros-rhume-dans-l-abri\/","url_meta":{"origin":174,"position":1},"title":"Gros rhume dans l&rsquo;abri.","author":"dpc","date":"10 janvier 2006","format":false,"excerpt":"Jardin des Tuileries, Paris, 5 janvier, 18h45. \u201cTin Tin tin tin Tin tin tin tin tiiiiiiiiiiin\u201d [C'est frustrant, de passer une heure \u00e0 chercher des paroles et de ne pas les trouver.] \u00a0The Warlocks \u2013 Inside Outside","rel":"","context":"Dans &quot;DPC&quot;","block_context":{"text":"DPC","link":"https:\/\/www.wallendorff.com\/belogue\/category\/dpc\/"},"img":{"alt_text":"","src":"https:\/\/i0.wp.com\/www.wallendorff.com\/belogue\/wp-content\/uploads\/2015\/04\/200601101.jpg?resize=350%2C200&ssl=1","width":350,"height":200},"classes":[]},{"id":783,"url":"https:\/\/www.wallendorff.com\/belogue\/2006\/09\/08\/ben-kweller-la-fleche-d-or-paris\/","url_meta":{"origin":174,"position":2},"title":"Ben Kweller @ la Fl\u00e8che d&rsquo;Or, Paris.","author":"dpc","date":"8 septembre 2006","format":false,"excerpt":"Ben, c'est un gars sympa et sa coupe de cheveux est coule. Et sa veste en jean, aussi. Quand il d\u00e9barque, Ben, qu'il dit bonjour Paris avec sa voix qu'on dirait un peu celle de Garth et son visage poupin, Ben, on l'aime. Il est tout seul sur sc\u00e8ne, Ben.\u2026","rel":"","context":"Dans &quot;Alive&quot;","block_context":{"text":"Alive","link":"https:\/\/www.wallendorff.com\/belogue\/category\/alive\/"},"img":{"alt_text":"","src":"https:\/\/i0.wp.com\/www.wallendorff.com\/belogue\/wp-content\/uploads\/2015\/04\/200609081.jpg?resize=350%2C200&ssl=1","width":350,"height":200,"srcset":"https:\/\/i0.wp.com\/www.wallendorff.com\/belogue\/wp-content\/uploads\/2015\/04\/200609081.jpg?resize=350%2C200&ssl=1 1x, https:\/\/i0.wp.com\/www.wallendorff.com\/belogue\/wp-content\/uploads\/2015\/04\/200609081.jpg?resize=525%2C300&ssl=1 1.5x, https:\/\/i0.wp.com\/www.wallendorff.com\/belogue\/wp-content\/uploads\/2015\/04\/200609081.jpg?resize=700%2C400&ssl=1 2x"},"classes":[]},{"id":1007,"url":"https:\/\/www.wallendorff.com\/belogue\/2007\/08\/02\/previously-unreleased-62\/","url_meta":{"origin":174,"position":3},"title":"Previously unreleased #62\u00b9.","author":"dpc","date":"2 ao\u00fbt 2007","format":false,"excerpt":"Ben Kweller [sans Pierre Guimard], le Trabendo, Paris, 6 novembre 2006. Je voulais me trouver un Everyday Should Be a Holiday, \u00f4de \u00e0 la gloire de l'\u00e9picurisme latente vautr\u00e9 dans lequel je serais bien mieux que l\u00e0, maintenant, tout de suite, c'est quand les vacances berdel\u00a0?, mais le Internet n'est\u2026","rel":"","context":"Dans &quot;Previously unreleased&quot;","block_context":{"text":"Previously unreleased","link":"https:\/\/www.wallendorff.com\/belogue\/category\/previously-unreleased\/"},"img":{"alt_text":"","src":"https:\/\/i0.wp.com\/www.wallendorff.com\/belogue\/wp-content\/uploads\/2015\/04\/200708021.jpg?resize=350%2C200&ssl=1","width":350,"height":200},"classes":[]},{"id":827,"url":"https:\/\/www.wallendorff.com\/belogue\/2006\/11\/14\/razorlight-le-nouveau-casino-paris\/","url_meta":{"origin":174,"position":4},"title":"Razorlight @ le Nouveau Casino, Paris.","author":"dpc","date":"14 novembre 2006","format":false,"excerpt":"Oui, c'\u00e9tait chouette. \u00c0 la bourre suite \u00e0 la fin tardive de leur passage au Grand journal de Canal, Razorlight saute directement du taxi sur la sc\u00e8ne du Nouveau Casino, attaque sur le simple, In The Morning, puis encha\u00eene des titres de ses deux albums. Johnny Borrell, pantalon blanc et\u2026","rel":"","context":"Dans &quot;Alive&quot;","block_context":{"text":"Alive","link":"https:\/\/www.wallendorff.com\/belogue\/category\/alive\/"},"img":{"alt_text":"","src":"https:\/\/i0.wp.com\/www.wallendorff.com\/belogue\/wp-content\/uploads\/2015\/04\/200611141.jpg?resize=350%2C200&ssl=1","width":350,"height":200},"classes":[]},{"id":21612,"url":"https:\/\/www.wallendorff.com\/belogue\/2013\/09\/17\/la-roue-quest-a-nu\/","url_meta":{"origin":174,"position":5},"title":"La roue [qu&rsquo;est \u00e0 nu].","author":"dpc","date":"17 septembre 2013","format":false,"excerpt":"Jardin des Tuileries, Paris, 14 ao\u00fbt. MercyTV on the Radio \u00a0","rel":"","context":"Dans &quot;DPC&quot;","block_context":{"text":"DPC","link":"https:\/\/www.wallendorff.com\/belogue\/category\/dpc\/"},"img":{"alt_text":"","src":"https:\/\/i0.wp.com\/www.wallendorff.com\/belogue\/wp-content\/uploads\/2015\/04\/201309171.jpg?resize=350%2C200&ssl=1","width":350,"height":200},"classes":[]}],"_links":{"self":[{"href":"https:\/\/www.wallendorff.com\/belogue\/wp-json\/wp\/v2\/posts\/174","targetHints":{"allow":["GET"]}}],"collection":[{"href":"https:\/\/www.wallendorff.com\/belogue\/wp-json\/wp\/v2\/posts"}],"about":[{"href":"https:\/\/www.wallendorff.com\/belogue\/wp-json\/wp\/v2\/types\/post"}],"author":[{"embeddable":true,"href":"https:\/\/www.wallendorff.com\/belogue\/wp-json\/wp\/v2\/users\/1"}],"replies":[{"embeddable":true,"href":"https:\/\/www.wallendorff.com\/belogue\/wp-json\/wp\/v2\/comments?post=174"}],"version-history":[{"count":1,"href":"https:\/\/www.wallendorff.com\/belogue\/wp-json\/wp\/v2\/posts\/174\/revisions"}],"predecessor-version":[{"id":16974,"href":"https:\/\/www.wallendorff.com\/belogue\/wp-json\/wp\/v2\/posts\/174\/revisions\/16974"}],"wp:featuredmedia":[{"embeddable":true,"href":"https:\/\/www.wallendorff.com\/belogue\/wp-json\/wp\/v2\/media\/24109"}],"wp:attachment":[{"href":"https:\/\/www.wallendorff.com\/belogue\/wp-json\/wp\/v2\/media?parent=174"}],"wp:term":[{"taxonomy":"category","embeddable":true,"href":"https:\/\/www.wallendorff.com\/belogue\/wp-json\/wp\/v2\/categories?post=174"},{"taxonomy":"post_tag","embeddable":true,"href":"https:\/\/www.wallendorff.com\/belogue\/wp-json\/wp\/v2\/tags?post=174"}],"curies":[{"name":"wp","href":"https:\/\/api.w.org\/{rel}","templated":true}]}}