{"id":17338,"date":"2012-05-19T12:00:19","date_gmt":"2012-05-19T10:00:19","guid":{"rendered":"http:\/\/www.po-L.com\/belogue\/?p=17338"},"modified":"2012-05-20T11:51:16","modified_gmt":"2012-05-20T09:51:16","slug":"heurs-bleus","status":"publish","type":"post","link":"https:\/\/www.wallendorff.com\/belogue\/2012\/05\/19\/heurs-bleus\/","title":{"rendered":"Heurs bleus"},"content":{"rendered":"\n<div id=\"photo\">\n<p><img decoding=\"async\" src=\"https:\/\/www.wallendorff.com\/belogue\/photo\/2012\/05\/20120518.jpg\"><br \/>\nRue Lamarck, Paris, 4 avril.<\/p>\n<\/p><\/div>\n<p style=\"text-align:right\">J&rsquo;ai un truc avec les fen&ecirc;tres allum&eacute;es au cr&eacute;puscule.<\/p>\n<div id=\"bandeson\">\n<p><img decoding=\"async\" src=\"https:\/\/www.wallendorff.com\/belogue\/photo\/pochettes\/v\/vedder_eddie-water_on_the_road.jpg\" align=\"left\" \/><a href=\"http:\/\/www.tenclub.net\">Eddie Vedder<\/a> &ndash; <em>The Canyon<\/em><br \/>\n        [youtube]http:\/\/www.youtube.com\/watch?v=BfjZ_6oSiJs[\/youtube]<\/p>\n<\/p><\/div>\n","protected":false},"excerpt":{"rendered":"<p>Rue Lamarck, Paris, 4 avril. J&rsquo;ai un truc avec les fen&ecirc;tres allum&eacute;es au cr&eacute;puscule. Eddie Vedder &ndash; The Canyon [youtube]http:\/\/www.youtube.com\/watch?v=BfjZ_6oSiJs[\/youtube]<\/p>\n","protected":false},"author":1,"featured_media":26325,"comment_status":"open","ping_status":"open","sticky":false,"template":"","format":"standard","meta":{"_acf_changed":false,"ngg_post_thumbnail":0,"jetpack_post_was_ever_published":false,"_jetpack_newsletter_access":"","_jetpack_dont_email_post_to_subs":false,"_jetpack_newsletter_tier_id":0,"_jetpack_memberships_contains_paywalled_content":false,"_jetpack_memberships_contains_paid_content":false,"footnotes":"","jetpack_publicize_message":"","jetpack_publicize_feature_enabled":true,"jetpack_social_post_already_shared":false,"jetpack_social_options":{"image_generator_settings":{"template":"highway","default_image_id":0,"font":"","enabled":false},"version":2}},"categories":[3],"tags":[10143,11027,737,2615,10326,2422,10330,10307,10120,10121,10646,10142,10884,10098,5742,170,5858,10808],"class_list":["post-17338","post","type-post","status-publish","format-standard","has-post-thumbnail","hentry","category-dpc","tag-10143","tag-banlieue","tag-bleu","tag-eos-5d-mark-ii","tag-crepuscule","tag-diptyque","tag-eddie-vedder","tag-fenetre","tag-france","tag-ile-de-france","tag-immeuble","tag-montmartre","tag-oiseau","tag-paris","tag-rue-lamarck","tag-sigma-70-300-mm-f4-56-dg-apo-macro","tag-the-canyon","tag-ville"],"acf":[],"geo":{"latitude":48.8889427,"longitude":2.3438323,"description":"36 Rue Lamarck, 75018 Paris, France"},"jetpack_publicize_connections":[],"jetpack_featured_media_url":"https:\/\/www.wallendorff.com\/belogue\/wp-content\/uploads\/2015\/04\/201205181.jpg","jetpack_shortlink":"https:\/\/wp.me\/p3b35P-4vE","jetpack_sharing_enabled":true,"jetpack-related-posts":[{"id":7668,"url":"https:\/\/www.wallendorff.com\/belogue\/2010\/06\/10\/pis-a-prismes-21\/","url_meta":{"origin":17338,"position":0},"title":"Pis \u00e0 prismes #21.","author":"dpc","date":"10 juin 2010","format":false,"excerpt":"Jardins Atlantique, Paris, 26 avril. Je sais que cela n'int\u00e9ressera personne mais JOIE PUTAIN \u00c0 part \u00e7a, rien. \u00a0Eddie Vedder \u2013 No More","rel":"","context":"Dans &quot;Pis \u00e0 prismes&quot;","block_context":{"text":"Pis \u00e0 prismes","link":"https:\/\/www.wallendorff.com\/belogue\/category\/pis-a-prismes\/"},"img":{"alt_text":"","src":"https:\/\/i0.wp.com\/www.wallendorff.com\/belogue\/wp-content\/uploads\/2015\/04\/201006101.jpg?resize=350%2C200&ssl=1","width":350,"height":200},"classes":[]},{"id":13091,"url":"https:\/\/www.wallendorff.com\/belogue\/2011\/08\/11\/man-on-the-mourn-ii\/","url_meta":{"origin":17338,"position":1},"title":"Man on the mourn [II].","author":"dpc","date":"11 ao\u00fbt 2011","format":false,"excerpt":"Rue Oberkampf, Paris, 6 juillet. \u00a0Eddie Vedder \u2013 Girl from the North Country (Bob Dylan cover) (live)","rel":"","context":"Dans &quot;DPC&quot;","block_context":{"text":"DPC","link":"https:\/\/www.wallendorff.com\/belogue\/category\/dpc\/"},"img":{"alt_text":"","src":"https:\/\/i0.wp.com\/www.wallendorff.com\/belogue\/wp-content\/uploads\/2015\/04\/201108111.jpg?resize=350%2C200&ssl=1","width":350,"height":200,"srcset":"https:\/\/i0.wp.com\/www.wallendorff.com\/belogue\/wp-content\/uploads\/2015\/04\/201108111.jpg?resize=350%2C200&ssl=1 1x, https:\/\/i0.wp.com\/www.wallendorff.com\/belogue\/wp-content\/uploads\/2015\/04\/201108111.jpg?resize=525%2C300&ssl=1 1.5x, https:\/\/i0.wp.com\/www.wallendorff.com\/belogue\/wp-content\/uploads\/2015\/04\/201108111.jpg?resize=700%2C400&ssl=1 2x"},"classes":[]},{"id":1227,"url":"https:\/\/www.wallendorff.com\/belogue\/2008\/05\/15\/fous-comme-les-soirs\/","url_meta":{"origin":17338,"position":2},"title":"Fous comme les soirs.","author":"dpc","date":"15 mai 2008","format":false,"excerpt":"Akershus park, Oslo, 1er avril. \u00c7a me fait penser que j'ai oubli\u00e9 de faire de la pub pour ce fin accordeur de bande-son. Allez-y, il m\u00e9rite. \u00a0Eddie Vedder \u2013 The Wolf","rel":"","context":"Dans &quot;DPC&quot;","block_context":{"text":"DPC","link":"https:\/\/www.wallendorff.com\/belogue\/category\/dpc\/"},"img":{"alt_text":"","src":"https:\/\/i0.wp.com\/www.wallendorff.com\/belogue\/wp-content\/uploads\/2015\/04\/200805151.jpg?resize=350%2C200&ssl=1","width":350,"height":200,"srcset":"https:\/\/i0.wp.com\/www.wallendorff.com\/belogue\/wp-content\/uploads\/2015\/04\/200805151.jpg?resize=350%2C200&ssl=1 1x, https:\/\/i0.wp.com\/www.wallendorff.com\/belogue\/wp-content\/uploads\/2015\/04\/200805151.jpg?resize=525%2C300&ssl=1 1.5x, https:\/\/i0.wp.com\/www.wallendorff.com\/belogue\/wp-content\/uploads\/2015\/04\/200805151.jpg?resize=700%2C400&ssl=1 2x"},"classes":[]},{"id":50991,"url":"https:\/\/www.wallendorff.com\/belogue\/2022\/02\/28\/fevrier-2022\/","url_meta":{"origin":17338,"position":3},"title":"F\u00e9vrier 2022.","author":"dpc","date":"28 f\u00e9vrier 2022","format":false,"excerpt":"Des oreilles, un m\u00e9tro, un ours, une table, un ap\u00e9ro, un sac \u00e0 nain, un spectacle, un resto, un coucher de soleil, une photo, un escalier, un m\u00e9tro, une poup\u00e9e, un pont, une sieste, un graffiti, un rebord de fen\u00eatre, un bisou, un coup de fil, une ombre, un massage,\u2026","rel":"","context":"Dans &quot;Blog-note&quot;","block_context":{"text":"Blog-note","link":"https:\/\/www.wallendorff.com\/belogue\/category\/blog-note\/"},"img":{"alt_text":"","src":"https:\/\/i0.wp.com\/www.wallendorff.com\/belogue\/wp-content\/uploads\/2022\/03\/20220314-62.jpg?resize=350%2C200&ssl=1","width":350,"height":200,"srcset":"https:\/\/i0.wp.com\/www.wallendorff.com\/belogue\/wp-content\/uploads\/2022\/03\/20220314-62.jpg?resize=350%2C200&ssl=1 1x, https:\/\/i0.wp.com\/www.wallendorff.com\/belogue\/wp-content\/uploads\/2022\/03\/20220314-62.jpg?resize=525%2C300&ssl=1 1.5x, https:\/\/i0.wp.com\/www.wallendorff.com\/belogue\/wp-content\/uploads\/2022\/03\/20220314-62.jpg?resize=700%2C400&ssl=1 2x, https:\/\/i0.wp.com\/www.wallendorff.com\/belogue\/wp-content\/uploads\/2022\/03\/20220314-62.jpg?resize=1050%2C600&ssl=1 3x"},"classes":[]},{"id":16968,"url":"https:\/\/www.wallendorff.com\/belogue\/2012\/04\/19\/three-door-dawn\/","url_meta":{"origin":17338,"position":4},"title":"Three-door dawn.","author":"dpc","date":"19 avril 2012","format":false,"excerpt":"Rue Lamarck, Paris, 1er mars. Muse \u2013 Uno [youtube]http:\/\/www.youtube.com\/watch?v=svP5Rqn12VY[\/youtube]","rel":"","context":"Dans &quot;DPC&quot;","block_context":{"text":"DPC","link":"https:\/\/www.wallendorff.com\/belogue\/category\/dpc\/"},"img":{"alt_text":"","src":"https:\/\/i0.wp.com\/www.wallendorff.com\/belogue\/wp-content\/uploads\/2015\/04\/201204191.jpg?resize=350%2C200&ssl=1","width":350,"height":200,"srcset":"https:\/\/i0.wp.com\/www.wallendorff.com\/belogue\/wp-content\/uploads\/2015\/04\/201204191.jpg?resize=350%2C200&ssl=1 1x, https:\/\/i0.wp.com\/www.wallendorff.com\/belogue\/wp-content\/uploads\/2015\/04\/201204191.jpg?resize=525%2C300&ssl=1 1.5x"},"classes":[]},{"id":17151,"url":"https:\/\/www.wallendorff.com\/belogue\/2012\/05\/02\/1er-mai\/","url_meta":{"origin":17338,"position":5},"title":"1er mai.","author":"dpc","date":"2 mai 2012","format":false,"excerpt":"Rue Lamarck, Paris. Charli XCX \u2013 I'll Never Know [youtube]http:\/\/www.youtube.com\/watch?v=xBmQ9ZReJ_Q[\/youtube]","rel":"","context":"Dans &quot;DPC&quot;","block_context":{"text":"DPC","link":"https:\/\/www.wallendorff.com\/belogue\/category\/dpc\/"},"img":{"alt_text":"","src":"https:\/\/i0.wp.com\/www.wallendorff.com\/belogue\/wp-content\/uploads\/2015\/04\/201205021.jpg?resize=350%2C200&ssl=1","width":350,"height":200},"classes":[]}],"_links":{"self":[{"href":"https:\/\/www.wallendorff.com\/belogue\/wp-json\/wp\/v2\/posts\/17338","targetHints":{"allow":["GET"]}}],"collection":[{"href":"https:\/\/www.wallendorff.com\/belogue\/wp-json\/wp\/v2\/posts"}],"about":[{"href":"https:\/\/www.wallendorff.com\/belogue\/wp-json\/wp\/v2\/types\/post"}],"author":[{"embeddable":true,"href":"https:\/\/www.wallendorff.com\/belogue\/wp-json\/wp\/v2\/users\/1"}],"replies":[{"embeddable":true,"href":"https:\/\/www.wallendorff.com\/belogue\/wp-json\/wp\/v2\/comments?post=17338"}],"version-history":[{"count":7,"href":"https:\/\/www.wallendorff.com\/belogue\/wp-json\/wp\/v2\/posts\/17338\/revisions"}],"predecessor-version":[{"id":17345,"href":"https:\/\/www.wallendorff.com\/belogue\/wp-json\/wp\/v2\/posts\/17338\/revisions\/17345"}],"wp:featuredmedia":[{"embeddable":true,"href":"https:\/\/www.wallendorff.com\/belogue\/wp-json\/wp\/v2\/media\/26325"}],"wp:attachment":[{"href":"https:\/\/www.wallendorff.com\/belogue\/wp-json\/wp\/v2\/media?parent=17338"}],"wp:term":[{"taxonomy":"category","embeddable":true,"href":"https:\/\/www.wallendorff.com\/belogue\/wp-json\/wp\/v2\/categories?post=17338"},{"taxonomy":"post_tag","embeddable":true,"href":"https:\/\/www.wallendorff.com\/belogue\/wp-json\/wp\/v2\/tags?post=17338"}],"curies":[{"name":"wp","href":"https:\/\/api.w.org\/{rel}","templated":true}]}}