{"id":173,"date":"2006-06-14T22:37:03","date_gmt":"2006-06-14T22:37:03","guid":{"rendered":"http:\/\/www.po-l.com\/wordpress\/?p=173"},"modified":"2018-05-23T08:08:28","modified_gmt":"2018-05-23T06:08:28","slug":"gris-age","status":"publish","type":"post","link":"https:\/\/www.wallendorff.com\/belogue\/2006\/06\/14\/gris-age\/","title":{"rendered":"Gris &acirc;ge."},"content":{"rendered":"<div id=\"photo\">\n<p><img decoding=\"async\" src=\"http:\/\/www.po-L.com\/belogue\/photo\/2006\/06\/20060614.jpg\" \/><br \/>\nPyramide du Louvre, 5 juin.<\/p>\n<\/div>\n<p>Je suis toujours vivant. j&rsquo;ai post&eacute; des trucs mais pas ici, je me suis envoy&eacute; 6 concerts de Radiohead sans bouger de <a href=\"http:\/\/www.lders.nl\">l&agrave;<\/a>, j&rsquo;ai trouv&eacute; des bouts de nouveau Muse <a href=\"http:\/\/elbo.ws\/artist\/Muse\/\" >pas trop loin<\/a>, j&rsquo;ai pris des photos d&rsquo;une escouade de jambons dont le chef &eacute;tait tellement content qu&rsquo;il m&rsquo;a rebaptis&eacute; Nicolas, alors m&ecirc;me que le vin, moi je le bois, je le vends pas. Vivant, quoi.<\/p>\n<p>Un album viral c&rsquo;est un album qui ne fait pas effet de suite, qui ne te <em>blow<\/em> pas le <em>mind<\/em> &agrave; la premi&egrave;re &eacute;coute, tu vois. Un album viral, c&rsquo;est un album que t&rsquo;&eacute;coutes une fois parce que tu te sens oblig&eacute;, une deuxi&egrave;me fois pour &ecirc;tre s&ucirc;r, une troisi&egrave;me fois parce que dans ta t&ecirc;te, l&agrave;, une br&ecirc;che s&rsquo;est ouverte, qu&rsquo;un titre s&rsquo;y est insinu&eacute;, et ainsi de suite, jusqu&rsquo;&agrave; l&rsquo;impr&eacute;gnation totale.<\/p>\n<p style=\"text-align:right\">Thom Yorke, <em>The Eraser<\/em>, premi&egrave;re &eacute;tape franchie.<\/p>\n<p style=\"text-align:right\">On a br&egrave;che.<\/p>\n<div id=\"bandeson\">\n<p><img decoding=\"async\" src=\"https:\/\/www.wallendorff.com\/belogue\/photo\/pochettes\/y\/yorke_thom-the_eraser.jpg\" align=\"left\" \/>&nbsp;<a href=\"http:\/\/www.theeraser.net\/\">Thom Yorke<\/a> &ndash; <em>Harrowdown Hill<\/em><\/p>\n<\/div>\n","protected":false},"excerpt":{"rendered":"<p>Pyramide du Louvre, 5 juin. Je suis toujours vivant. j&rsquo;ai post&eacute; des trucs mais pas ici, je me suis envoy&eacute; 6 concerts de Radiohead sans bouger de l&agrave;, j&rsquo;ai trouv&eacute; des bouts de nouveau Muse pas trop loin, j&rsquo;ai pris des photos d&rsquo;une escouade de jambons dont le chef &eacute;tait tellement content qu&rsquo;il m&rsquo;a rebaptis&eacute;&hellip;<\/p>\n","protected":false},"author":1,"featured_media":24108,"comment_status":"open","ping_status":"open","sticky":false,"template":"","format":"standard","meta":{"_acf_changed":false,"ngg_post_thumbnail":0,"jetpack_post_was_ever_published":false,"_jetpack_newsletter_access":"","_jetpack_dont_email_post_to_subs":false,"_jetpack_newsletter_tier_id":0,"_jetpack_memberships_contains_paywalled_content":false,"_jetpack_memberships_contains_paid_content":false,"footnotes":"","jetpack_publicize_message":"","jetpack_publicize_feature_enabled":true,"jetpack_social_post_already_shared":false,"jetpack_social_options":{"image_generator_settings":{"template":"highway","default_image_id":0,"font":"","enabled":false},"version":2}},"categories":[3],"tags":[10182,132,10120,4218,10121,143,11237,10098,916,173,1638,1637],"class_list":["post-173","post","type-post","status-publish","format-standard","has-post-thumbnail","hentry","category-dpc","tag-10182","tag-eos-20d","tag-france","tag-harrowdown-hill","tag-ile-de-france","tag-noir-et-blanc","tag-palais-du-louvre","tag-paris","tag-pyramide-du-louvre","tag-sigma-28-70-mm-f28-dg-ex","tag-the-eraser","tag-thom-yorke"],"acf":[],"geo":{"latitude":48.8608971,"longitude":2.3363435,"description":null},"jetpack_publicize_connections":[],"jetpack_featured_media_url":"https:\/\/www.wallendorff.com\/belogue\/wp-content\/uploads\/2015\/04\/200606141.jpg","jetpack_shortlink":"https:\/\/wp.me\/p3b35P-2N","jetpack_sharing_enabled":true,"jetpack-related-posts":[{"id":429,"url":"https:\/\/www.wallendorff.com\/belogue\/2005\/03\/26\/camps-des-labres\/","url_meta":{"origin":173,"position":0},"title":"Camps des labres\u00b9.","author":"dpc","date":"26 mars 2005","format":false,"excerpt":"Le Louvre, Paris, 22 mars. \u00a0Pearl Jam \u2013 Better Man _____ 1 Bien s\u00fbr que si, \u00e7a existe, un labre. C'est un \u00ab\u00a0poisson marin \u00e0 dentition double et l\u00e8vres \u00e9paisses2, aux couleurs vives (en particulier le m\u00e2le), comestible mais peu estim\u00e9, vivant dans les eaux peu profondes des c\u00f4tes rocheuses.\u00a0\u00bb\u2026","rel":"","context":"Dans &quot;DPC&quot;","block_context":{"text":"DPC","link":"https:\/\/www.wallendorff.com\/belogue\/category\/dpc\/"},"img":{"alt_text":"","src":"https:\/\/i0.wp.com\/www.wallendorff.com\/belogue\/wp-content\/uploads\/2015\/04\/20050326-011.jpg?resize=350%2C200&ssl=1","width":350,"height":200},"classes":[]},{"id":40,"url":"https:\/\/www.wallendorff.com\/belogue\/2005\/10\/26\/l-ivre-et-son-tas-d-os-missiles\/","url_meta":{"origin":173,"position":1},"title":"L&rsquo;ivre et son tas d&rsquo;os-missiles.","author":"dpc","date":"26 octobre 2005","format":false,"excerpt":"J'ai rien \u00e0 raconter. D'un c\u00f4t\u00e9 \u00e7a tombe bien, note, parce que ce bel\u00f6gue est quand m\u00eame un photo-bel\u00f6gue, \u00e0 la base. N'emp\u00eache que. J'ai m\u00eame pas de trucs de fran\u00e7ais sur lesquels d\u00e9blat\u00e9rer. Pourtant j\u2019aime bien d\u00e9blat\u00e9rer sur des trucs de fran\u00e7ais. Ce genre de truc qui n'int\u00e9resse que\u2026","rel":"","context":"Dans &quot;DPC&quot;","block_context":{"text":"DPC","link":"https:\/\/www.wallendorff.com\/belogue\/category\/dpc\/"},"img":{"alt_text":"","src":"https:\/\/i0.wp.com\/www.wallendorff.com\/belogue\/wp-content\/uploads\/2015\/04\/200510261.jpg?resize=350%2C200&ssl=1","width":350,"height":200},"classes":[]},{"id":131666,"url":"https:\/\/www.wallendorff.com\/belogue\/2025\/01\/29\/en-2024-2-2\/","url_meta":{"origin":173,"position":2},"title":"En 2024 [2\/2].","author":"dpc","date":"29 janvier 2025","format":false,"excerpt":"En 2024, j'ai parcouru 6 047 km dans Paris, soit encore plus qu'en 2023, en restant rive nord autant que possible car la rive sud est b\u00e2tie sur un cimeti\u00e8re indien. L\u00e0 aussi j'ai trop pris la voiture, mais j'avais une bonne excuse (pour \u00e9viter toute question trop personnelle disons\u2026","rel":"","context":"Dans &quot;DPC&quot;","block_context":{"text":"DPC","link":"https:\/\/www.wallendorff.com\/belogue\/category\/dpc\/"},"img":{"alt_text":"","src":"https:\/\/i0.wp.com\/www.wallendorff.com\/belogue\/wp-content\/uploads\/2025\/01\/20250127-06.jpg?resize=350%2C200&ssl=1","width":350,"height":200,"srcset":"https:\/\/i0.wp.com\/www.wallendorff.com\/belogue\/wp-content\/uploads\/2025\/01\/20250127-06.jpg?resize=350%2C200&ssl=1 1x, https:\/\/i0.wp.com\/www.wallendorff.com\/belogue\/wp-content\/uploads\/2025\/01\/20250127-06.jpg?resize=525%2C300&ssl=1 1.5x, https:\/\/i0.wp.com\/www.wallendorff.com\/belogue\/wp-content\/uploads\/2025\/01\/20250127-06.jpg?resize=700%2C400&ssl=1 2x, https:\/\/i0.wp.com\/www.wallendorff.com\/belogue\/wp-content\/uploads\/2025\/01\/20250127-06.jpg?resize=1050%2C600&ssl=1 3x"},"classes":[]},{"id":132422,"url":"https:\/\/www.wallendorff.com\/belogue\/2025\/06\/12\/jaunes-dombres\/","url_meta":{"origin":173,"position":3},"title":"Jaunes d&rsquo;ombres.","author":"dpc","date":"12 juin 2025","format":false,"excerpt":"Tour Montparnasse, Paris, 18 avril 2024.Merci \u00e0 Lala mais pas \u00e0 Leffe\u00ae ni Twinuts\u00ae car j'ai sottement oubli\u00e9 de faire les commissions. Et \u00e0 part \u00e7a... Il y a vingt-et-un ans, les Pistons de D\u00e9troit \u00e9taient en finale NBA. Il y a vingt ans, les Pistons de D\u00e9troit \u00e9taient encore\u2026","rel":"","context":"Dans &quot;DPC&quot;","block_context":{"text":"DPC","link":"https:\/\/www.wallendorff.com\/belogue\/category\/dpc\/"},"img":{"alt_text":"","src":"https:\/\/i0.wp.com\/www.wallendorff.com\/belogue\/wp-content\/uploads\/2025\/06\/20250612-08.jpg?resize=350%2C200&ssl=1","width":350,"height":200,"srcset":"https:\/\/i0.wp.com\/www.wallendorff.com\/belogue\/wp-content\/uploads\/2025\/06\/20250612-08.jpg?resize=350%2C200&ssl=1 1x, https:\/\/i0.wp.com\/www.wallendorff.com\/belogue\/wp-content\/uploads\/2025\/06\/20250612-08.jpg?resize=525%2C300&ssl=1 1.5x, https:\/\/i0.wp.com\/www.wallendorff.com\/belogue\/wp-content\/uploads\/2025\/06\/20250612-08.jpg?resize=700%2C400&ssl=1 2x, https:\/\/i0.wp.com\/www.wallendorff.com\/belogue\/wp-content\/uploads\/2025\/06\/20250612-08.jpg?resize=1050%2C600&ssl=1 3x"},"classes":[]},{"id":425,"url":"https:\/\/www.wallendorff.com\/belogue\/2005\/03\/29\/saoule-epave-hait-la-plage\/","url_meta":{"origin":173,"position":4},"title":"Saoule &eacute;pave hait la plage.","author":"dpc","date":"29 mars 2005","format":false,"excerpt":"Palais du Louvre, Paris, 22 mars. [Et l\u00e0, tu la regardes, la photo, et tu te demandes pourquoi tu n'as pas boug\u00e9 tes grosses fesses de juste 2 tous petits m\u00e8tres \u00e0 gauche pour que le gros b\u00eate r\u00e9verb\u00e8re ne soit pas devant le pavillon d'en face.] [Enfin bon, c'est\u2026","rel":"","context":"Dans &quot;DPC&quot;","block_context":{"text":"DPC","link":"https:\/\/www.wallendorff.com\/belogue\/category\/dpc\/"},"img":{"alt_text":"","src":"https:\/\/i0.wp.com\/www.wallendorff.com\/belogue\/wp-content\/uploads\/2015\/04\/20050329-011.jpg?resize=350%2C200&ssl=1","width":350,"height":200},"classes":[]},{"id":130417,"url":"https:\/\/www.wallendorff.com\/belogue\/2024\/08\/29\/there-we-were-now-here-we-are\/","url_meta":{"origin":173,"position":5},"title":"There we were, now here we are.","author":"dpc","date":"29 ao\u00fbt 2024","format":false,"excerpt":"Rock en Seine, Domaine national de Saint-Cloud, 28 ao\u00fbt 2009.J\u2019ai photographi\u00e9 ces trois jeunes filles du premier rang du public de Rock en Seine le 28 ao\u00fbt 2009 \u00e0 21 h 59 min 41 s, juste avant le concert d\u2019Oasis, juste avant l\u2019annonce de la plus fameuse baston-\u00e0-coups-de-guitares-en- loges\u00b9 de\u2026","rel":"","context":"Dans &quot;Alive&quot;","block_context":{"text":"Alive","link":"https:\/\/www.wallendorff.com\/belogue\/category\/alive\/"},"img":{"alt_text":"","src":"https:\/\/i0.wp.com\/www.wallendorff.com\/belogue\/wp-content\/uploads\/2024\/08\/20240829-01.jpg?resize=350%2C200&ssl=1","width":350,"height":200,"srcset":"https:\/\/i0.wp.com\/www.wallendorff.com\/belogue\/wp-content\/uploads\/2024\/08\/20240829-01.jpg?resize=350%2C200&ssl=1 1x, https:\/\/i0.wp.com\/www.wallendorff.com\/belogue\/wp-content\/uploads\/2024\/08\/20240829-01.jpg?resize=525%2C300&ssl=1 1.5x, https:\/\/i0.wp.com\/www.wallendorff.com\/belogue\/wp-content\/uploads\/2024\/08\/20240829-01.jpg?resize=700%2C400&ssl=1 2x, https:\/\/i0.wp.com\/www.wallendorff.com\/belogue\/wp-content\/uploads\/2024\/08\/20240829-01.jpg?resize=1050%2C600&ssl=1 3x"},"classes":[]}],"_links":{"self":[{"href":"https:\/\/www.wallendorff.com\/belogue\/wp-json\/wp\/v2\/posts\/173","targetHints":{"allow":["GET"]}}],"collection":[{"href":"https:\/\/www.wallendorff.com\/belogue\/wp-json\/wp\/v2\/posts"}],"about":[{"href":"https:\/\/www.wallendorff.com\/belogue\/wp-json\/wp\/v2\/types\/post"}],"author":[{"embeddable":true,"href":"https:\/\/www.wallendorff.com\/belogue\/wp-json\/wp\/v2\/users\/1"}],"replies":[{"embeddable":true,"href":"https:\/\/www.wallendorff.com\/belogue\/wp-json\/wp\/v2\/comments?post=173"}],"version-history":[{"count":1,"href":"https:\/\/www.wallendorff.com\/belogue\/wp-json\/wp\/v2\/posts\/173\/revisions"}],"predecessor-version":[{"id":35943,"href":"https:\/\/www.wallendorff.com\/belogue\/wp-json\/wp\/v2\/posts\/173\/revisions\/35943"}],"wp:featuredmedia":[{"embeddable":true,"href":"https:\/\/www.wallendorff.com\/belogue\/wp-json\/wp\/v2\/media\/24108"}],"wp:attachment":[{"href":"https:\/\/www.wallendorff.com\/belogue\/wp-json\/wp\/v2\/media?parent=173"}],"wp:term":[{"taxonomy":"category","embeddable":true,"href":"https:\/\/www.wallendorff.com\/belogue\/wp-json\/wp\/v2\/categories?post=173"},{"taxonomy":"post_tag","embeddable":true,"href":"https:\/\/www.wallendorff.com\/belogue\/wp-json\/wp\/v2\/tags?post=173"}],"curies":[{"name":"wp","href":"https:\/\/api.w.org\/{rel}","templated":true}]}}