{"id":17085,"date":"2012-04-30T11:49:28","date_gmt":"2012-04-30T09:49:28","guid":{"rendered":"http:\/\/www.po-L.com\/belogue\/?p=17085"},"modified":"2012-06-19T10:36:03","modified_gmt":"2012-06-19T08:36:03","slug":"the-dandy-warhols-lolympia-paris","status":"publish","type":"post","link":"https:\/\/www.wallendorff.com\/belogue\/2012\/04\/30\/the-dandy-warhols-lolympia-paris\/","title":{"rendered":"The Dandy Warhols @ l&rsquo;Olympia, Paris."},"content":{"rendered":"\n<div id=\"photo\">\n<p><img decoding=\"async\" src=\"https:\/\/www.wallendorff.com\/belogue\/photo\/2012\/04\/20120430.jpg\"><\/p>\n<\/p><\/div>\n<div id=\"setlist\">\n<p><em>Mohammed<\/em> | <em>We Used to Be Friends<\/em> | <em>Not If You Were the Last Junky on Earth<\/em> | <em>I Love You<\/em> | <em>Rest Your Head<\/em> | <em>Good Morning<\/em> | <em>The Last High<\/em> | <em>I Am Free<\/em> | <em>Enjoy Yourself<\/em> | <em>Sad Vacation<\/em> | <em>Well They&rsquo;re Gone<\/em> | <em>Everyday Should Be a Holiday <\/em> | <em>The Autumn Carnival<\/em> | <em>Bohemian Like You<\/em> | <em>Get Off<\/em> | <em>Horse Pills<\/em> | <em>Wasp in the Lotus<\/em> | <em>Godless<\/em> | <em>Country Leaver<\/em> || <em>Pete International Airport<\/em> | <em>Boys Better<\/em><\/p>\n<\/p><\/div>\n<p style=\"text-align:right\">9 ans, 10 mois et 7 jours plus tard.<\/p>\n<p style=\"text-align:right\">Et &ccedil;a valait l&rsquo;attente.<\/p>\n<div id=\"bandeson\">\n<p><img decoding=\"async\" src=\"https:\/\/www.wallendorff.com\/belogue\/photo\/pochettes\/d\/dandy_warhols_the-thirteen_tales_from_urban_bohemia.jpg\" align=\"left\" \/><a href=\"http:\/\/www.dandywarhols.com\/\">The Dandy Warhols<\/a> &ndash; <em>Horse Pills<\/em><br \/>\n        [youtube]http:\/\/www.youtube.com\/watch?v=MU97l7dLFOg[\/youtube]<\/p>\n<\/p><\/div>ngg_shortcode_0_placeholder","protected":false},"excerpt":{"rendered":"<p>Mohammed | We Used to Be Friends | Not If You Were the Last Junky on Earth | I Love You | Rest Your Head | Good Morning | The Last High | I Am Free | Enjoy Yourself | Sad Vacation | Well They&rsquo;re Gone | Everyday Should Be a Holiday | The Autumn&hellip;<\/p>\n","protected":false},"author":1,"featured_media":26316,"comment_status":"open","ping_status":"open","sticky":false,"template":"","format":"standard","meta":{"_acf_changed":false,"ngg_post_thumbnail":0,"jetpack_post_was_ever_published":false,"_jetpack_newsletter_access":"","_jetpack_dont_email_post_to_subs":false,"_jetpack_newsletter_tier_id":0,"_jetpack_memberships_contains_paywalled_content":false,"_jetpack_memberships_contains_paid_content":false,"footnotes":"","jetpack_publicize_message":"","jetpack_publicize_feature_enabled":true,"jetpack_social_post_already_shared":false,"jetpack_social_options":{"image_generator_settings":{"template":"highway","default_image_id":0,"font":"","enabled":false},"version":2}},"categories":[7],"tags":[10951,10223,10084,2571,196,2615,10120,5790,10121,10434,143,10098,10179],"class_list":["post-17085","post","type-post","status-publish","format-standard","has-post-thumbnail","hentry","category-alive","tag-10951","tag-10223","tag-alive","tag-ef-16-35-mm-f28l-ii-usm","tag-ef-28-70-mm-f28l-usm","tag-eos-5d-mark-ii","tag-france","tag-horse-pills","tag-ile-de-france","tag-lolympia","tag-noir-et-blanc","tag-paris","tag-the-dandy-warhols"],"acf":[],"geo":{"latitude":48.8703232,"longitude":2.3282957,"description":"2-16 Rue de Caumartin, 75009 Paris, France"},"jetpack_publicize_connections":[],"jetpack_featured_media_url":"https:\/\/www.wallendorff.com\/belogue\/wp-content\/uploads\/2015\/04\/201204301.jpg","jetpack_shortlink":"https:\/\/wp.me\/p3b35P-4rz","jetpack_sharing_enabled":true,"jetpack-related-posts":[{"id":4224,"url":"https:\/\/www.wallendorff.com\/belogue\/2009\/05\/26\/kasabian-le-trabendo-paris\/","url_meta":{"origin":17085,"position":0},"title":"Kasabian @ le Trabendo, Paris.","author":"dpc","date":"26 mai 2009","format":false,"excerpt":"The Dandy Warhols \u2013 The Legend of the Last of the Outlaw Truckers AKA The Ballad of Sheriff Shorty","rel":"","context":"Dans &quot;Alive&quot;","block_context":{"text":"Alive","link":"https:\/\/www.wallendorff.com\/belogue\/category\/alive\/"},"img":{"alt_text":"","src":"https:\/\/i0.wp.com\/www.wallendorff.com\/belogue\/wp-content\/uploads\/2015\/04\/200905261.jpg?resize=350%2C200&ssl=1","width":350,"height":200,"srcset":"https:\/\/i0.wp.com\/www.wallendorff.com\/belogue\/wp-content\/uploads\/2015\/04\/200905261.jpg?resize=350%2C200&ssl=1 1x, https:\/\/i0.wp.com\/www.wallendorff.com\/belogue\/wp-content\/uploads\/2015\/04\/200905261.jpg?resize=525%2C300&ssl=1 1.5x, https:\/\/i0.wp.com\/www.wallendorff.com\/belogue\/wp-content\/uploads\/2015\/04\/200905261.jpg?resize=700%2C400&ssl=1 2x"},"classes":[]},{"id":19671,"url":"https:\/\/www.wallendorff.com\/belogue\/2012\/11\/30\/the-dandy-warhols-le-trianon-paris\/","url_meta":{"origin":17085,"position":1},"title":"The Dandy Warhols @ le Trianon, Paris.","author":"dpc","date":"30 novembre 2012","format":false,"excerpt":"Be In | We Used to Be Friends | Shakin' | Enjoy Yourself | Not If You Were the Last Junkie on Earth | I Love You | The Last High | Autumn Carnival | Godless | Holding Me Up | Well They're Gone | Everyday Should Be a Holiday\u2026","rel":"","context":"Dans &quot;Alive&quot;","block_context":{"text":"Alive","link":"https:\/\/www.wallendorff.com\/belogue\/category\/alive\/"},"img":{"alt_text":"","src":"https:\/\/i0.wp.com\/www.wallendorff.com\/belogue\/wp-content\/uploads\/2015\/04\/201211301.jpg?resize=350%2C200&ssl=1","width":350,"height":200,"srcset":"https:\/\/i0.wp.com\/www.wallendorff.com\/belogue\/wp-content\/uploads\/2015\/04\/201211301.jpg?resize=350%2C200&ssl=1 1x, https:\/\/i0.wp.com\/www.wallendorff.com\/belogue\/wp-content\/uploads\/2015\/04\/201211301.jpg?resize=525%2C300&ssl=1 1.5x, https:\/\/i0.wp.com\/www.wallendorff.com\/belogue\/wp-content\/uploads\/2015\/04\/201211301.jpg?resize=700%2C400&ssl=1 2x"},"classes":[]},{"id":1221,"url":"https:\/\/www.wallendorff.com\/belogue\/2008\/05\/06\/killerpilze-ilis-paris-3-4-fvrier\/","url_meta":{"origin":17085,"position":2},"title":"KillerPilze + Ilis, Paris, 3-4 f\u00e9vrier.","author":"dpc","date":"6 mai 2008","format":false,"excerpt":"Le Trabendo, 3 f\u00e9vrier. Le Bataclan, 4 f\u00e9vrier Ilis KillerPilze Histoire de raviver nos mots-cl\u00e9s. Remettons-nous de cette d\u00e9bauche germano-rocko-graphique gr\u00e2ce aux Dandy Warhols, leur salutaire nouvel album \u00e0 para\u00eetre dans 13 jours et le MP3 cadeau qu'ils offrent sur leur site. Joie. \u00a0The Dandy Warhols \u2013 The World the\u2026","rel":"","context":"Dans &quot;Alive&quot;","block_context":{"text":"Alive","link":"https:\/\/www.wallendorff.com\/belogue\/category\/alive\/"},"img":{"alt_text":"","src":"https:\/\/i0.wp.com\/www.wallendorff.com\/belogue\/wp-content\/uploads\/2015\/04\/200805061.jpg?resize=350%2C200&ssl=1","width":350,"height":200,"srcset":"https:\/\/i0.wp.com\/www.wallendorff.com\/belogue\/wp-content\/uploads\/2015\/04\/200805061.jpg?resize=350%2C200&ssl=1 1x, https:\/\/i0.wp.com\/www.wallendorff.com\/belogue\/wp-content\/uploads\/2015\/04\/200805061.jpg?resize=525%2C300&ssl=1 1.5x, https:\/\/i0.wp.com\/www.wallendorff.com\/belogue\/wp-content\/uploads\/2015\/04\/200805061.jpg?resize=700%2C400&ssl=1 2x"},"classes":[]},{"id":30853,"url":"https:\/\/www.wallendorff.com\/belogue\/2016\/05\/11\/the-dandy-warhols-le-trianon-paris-2\/","url_meta":{"origin":17085,"position":3},"title":"The Dandy Warhols @ le Trianon, Paris.","author":"dpc","date":"11 mai 2016","format":false,"excerpt":"","rel":"","context":"Dans &quot;Alive&quot;","block_context":{"text":"Alive","link":"https:\/\/www.wallendorff.com\/belogue\/category\/alive\/"},"img":{"alt_text":"","src":"https:\/\/i0.wp.com\/www.wallendorff.com\/belogue\/wp-content\/uploads\/2016\/05\/20160511-13-1.jpg?resize=350%2C200&ssl=1","width":350,"height":200,"srcset":"https:\/\/i0.wp.com\/www.wallendorff.com\/belogue\/wp-content\/uploads\/2016\/05\/20160511-13-1.jpg?resize=350%2C200&ssl=1 1x, https:\/\/i0.wp.com\/www.wallendorff.com\/belogue\/wp-content\/uploads\/2016\/05\/20160511-13-1.jpg?resize=525%2C300&ssl=1 1.5x, https:\/\/i0.wp.com\/www.wallendorff.com\/belogue\/wp-content\/uploads\/2016\/05\/20160511-13-1.jpg?resize=700%2C400&ssl=1 2x"},"classes":[]},{"id":127632,"url":"https:\/\/www.wallendorff.com\/belogue\/2024\/03\/27\/pixies-lolympia-paris-26-mars-2024\/","url_meta":{"origin":17085,"position":4},"title":"Pixies @ l&rsquo;Olympia, Paris, 26 mars 2024.","author":"dpc","date":"27 mars 2024","format":false,"excerpt":"Pixies @ l\u2019Olympia, Paris, 26\/03\/2024 Pixies @ l\u2019Olympia, Paris, 26\/03\/2024 Pixies @ l\u2019Olympia, Paris, 26\/03\/2024 Pixies @ l\u2019Olympia, Paris, 26\/03\/2024 Pixies @ l\u2019Olympia, Paris, 26\/03\/2024 Pixies @ l\u2019Olympia, Paris, 26\/03\/2024 Pixies @ l\u2019Olympia, Paris, 26\/03\/2024 Pixies @ l\u2019Olympia, Paris, 26\/03\/2024 Pixies @ l\u2019Olympia, Paris, 26\/03\/2024 Pixies @ l\u2019Olympia, Paris, 26\/03\/2024\u2026","rel":"","context":"Dans &quot;Alive&quot;","block_context":{"text":"Alive","link":"https:\/\/www.wallendorff.com\/belogue\/category\/alive\/"},"img":{"alt_text":"","src":"https:\/\/i0.wp.com\/www.wallendorff.com\/belogue\/wp-content\/uploads\/2024\/03\/20240327-22.jpg?resize=350%2C200&ssl=1","width":350,"height":200,"srcset":"https:\/\/i0.wp.com\/www.wallendorff.com\/belogue\/wp-content\/uploads\/2024\/03\/20240327-22.jpg?resize=350%2C200&ssl=1 1x, https:\/\/i0.wp.com\/www.wallendorff.com\/belogue\/wp-content\/uploads\/2024\/03\/20240327-22.jpg?resize=525%2C300&ssl=1 1.5x, https:\/\/i0.wp.com\/www.wallendorff.com\/belogue\/wp-content\/uploads\/2024\/03\/20240327-22.jpg?resize=700%2C400&ssl=1 2x, https:\/\/i0.wp.com\/www.wallendorff.com\/belogue\/wp-content\/uploads\/2024\/03\/20240327-22.jpg?resize=1050%2C600&ssl=1 3x"},"classes":[]},{"id":130484,"url":"https:\/\/www.wallendorff.com\/belogue\/2024\/09\/03\/bleachers-lolympia-paris-2-septembre-2024\/","url_meta":{"origin":17085,"position":5},"title":"Bleachers @ l&rsquo;Olympia, Paris, 2 septembre 2024","author":"dpc","date":"3 septembre 2024","format":false,"excerpt":"Bleachers @ l\u2019OLympia, Paris, 02\/09\/2024 Bleachers @ l\u2019OLympia, Paris, 02\/09\/2024 Bleachers @ l\u2019OLympia, Paris, 02\/09\/2024 Bleachers @ l\u2019OLympia, Paris, 02\/09\/2024 Bleachers @ l\u2019OLympia, Paris, 02\/09\/2024 Bleachers @ l\u2019OLympia, Paris, 02\/09\/2024 Bleachers @ l\u2019OLympia, Paris, 02\/09\/2024 Bleachers @ l\u2019OLympia, Paris, 02\/09\/2024 Bleachers @ l\u2019OLympia, Paris, 02\/09\/2024 Bleachers @ l\u2019OLympia, Paris, 02\/09\/2024\u2026","rel":"","context":"Dans &quot;Alive&quot;","block_context":{"text":"Alive","link":"https:\/\/www.wallendorff.com\/belogue\/category\/alive\/"},"img":{"alt_text":"","src":"https:\/\/i0.wp.com\/www.wallendorff.com\/belogue\/wp-content\/uploads\/2024\/09\/20240903-21.jpg?resize=350%2C200&ssl=1","width":350,"height":200,"srcset":"https:\/\/i0.wp.com\/www.wallendorff.com\/belogue\/wp-content\/uploads\/2024\/09\/20240903-21.jpg?resize=350%2C200&ssl=1 1x, https:\/\/i0.wp.com\/www.wallendorff.com\/belogue\/wp-content\/uploads\/2024\/09\/20240903-21.jpg?resize=525%2C300&ssl=1 1.5x, https:\/\/i0.wp.com\/www.wallendorff.com\/belogue\/wp-content\/uploads\/2024\/09\/20240903-21.jpg?resize=700%2C400&ssl=1 2x, https:\/\/i0.wp.com\/www.wallendorff.com\/belogue\/wp-content\/uploads\/2024\/09\/20240903-21.jpg?resize=1050%2C600&ssl=1 3x"},"classes":[]}],"_links":{"self":[{"href":"https:\/\/www.wallendorff.com\/belogue\/wp-json\/wp\/v2\/posts\/17085","targetHints":{"allow":["GET"]}}],"collection":[{"href":"https:\/\/www.wallendorff.com\/belogue\/wp-json\/wp\/v2\/posts"}],"about":[{"href":"https:\/\/www.wallendorff.com\/belogue\/wp-json\/wp\/v2\/types\/post"}],"author":[{"embeddable":true,"href":"https:\/\/www.wallendorff.com\/belogue\/wp-json\/wp\/v2\/users\/1"}],"replies":[{"embeddable":true,"href":"https:\/\/www.wallendorff.com\/belogue\/wp-json\/wp\/v2\/comments?post=17085"}],"version-history":[{"count":8,"href":"https:\/\/www.wallendorff.com\/belogue\/wp-json\/wp\/v2\/posts\/17085\/revisions"}],"predecessor-version":[{"id":17823,"href":"https:\/\/www.wallendorff.com\/belogue\/wp-json\/wp\/v2\/posts\/17085\/revisions\/17823"}],"wp:featuredmedia":[{"embeddable":true,"href":"https:\/\/www.wallendorff.com\/belogue\/wp-json\/wp\/v2\/media\/26316"}],"wp:attachment":[{"href":"https:\/\/www.wallendorff.com\/belogue\/wp-json\/wp\/v2\/media?parent=17085"}],"wp:term":[{"taxonomy":"category","embeddable":true,"href":"https:\/\/www.wallendorff.com\/belogue\/wp-json\/wp\/v2\/categories?post=17085"},{"taxonomy":"post_tag","embeddable":true,"href":"https:\/\/www.wallendorff.com\/belogue\/wp-json\/wp\/v2\/tags?post=17085"}],"curies":[{"name":"wp","href":"https:\/\/api.w.org\/{rel}","templated":true}]}}