{"id":17056,"date":"2012-04-26T10:56:15","date_gmt":"2012-04-26T08:56:15","guid":{"rendered":"http:\/\/www.po-L.com\/belogue\/?p=17056"},"modified":"2019-06-19T11:00:11","modified_gmt":"2019-06-19T09:00:11","slug":"shooting-doggies-4","status":"publish","type":"post","link":"https:\/\/www.wallendorff.com\/belogue\/2012\/04\/26\/shooting-doggies-4\/","title":{"rendered":"Shooting doggies #4."},"content":{"rendered":"\n<div id=\"photo\">\n<p><img decoding=\"async\" src=\"https:\/\/www.wallendorff.com\/belogue\/photo\/2012\/04\/20120426.jpg\"><br \/>\nCaf&eacute; Tournon, Paris, 18 avril.<\/p>\n<\/p><\/div>\n<p style=\"text-align:right\">&Ccedil;a y est, c&rsquo;est officiellement une <a href=\"https:\/\/www.wallendorff.com\/belogue\/category\/shooting-doggies\/\">s&eacute;rie<\/a>.<\/p>\n<p>Bon et comme 1\/ je fais pas dans le kawa&iuml; souvent et que 2\/ je suis un gars sympa, je vous en mets une deuxi&egrave;me.<\/p>\n<div id=\"photo2\">\n<p><img decoding=\"async\" src=\"https:\/\/www.wallendorff.com\/belogue\/photo\/2012\/04\/20120426-01.jpg\"><\/p>\n<\/p><\/div>\n<p style=\"text-align:right\">Mais c&rsquo;est bien parce que c&rsquo;est vous.<\/p>\n<div id=\"bandeson\">\n<p><img decoding=\"async\" src=\"https:\/\/www.wallendorff.com\/belogue\/photo\/pochettes\/a\/arctic_monkeys-r_u_mine.jpg\" align=\"left\" \/><a href=\"http:\/\/arcticmonkeys.com\/\">Arctic Monkeys<\/a> &ndash; <em>R U Mine?<\/em><br \/>\n        [youtube]http:\/\/www.youtube.com\/watch?v=QOVGrTSaURg[\/youtube]<\/p>\n<\/p><\/div>\n","protected":false},"excerpt":{"rendered":"<p>Caf&eacute; Tournon, Paris, 18 avril. &Ccedil;a y est, c&rsquo;est officiellement une s&eacute;rie. Bon et comme 1\/ je fais pas dans le kawa&iuml; souvent et que 2\/ je suis un gars sympa, je vous en mets une deuxi&egrave;me. Mais c&rsquo;est bien parce que c&rsquo;est vous. Arctic Monkeys &ndash; R U Mine? [youtube]http:\/\/www.youtube.com\/watch?v=QOVGrTSaURg[\/youtube]<\/p>\n","protected":false},"author":1,"featured_media":26317,"comment_status":"open","ping_status":"open","sticky":false,"template":"","format":"standard","meta":{"_acf_changed":false,"ngg_post_thumbnail":0,"jetpack_post_was_ever_published":false,"_jetpack_newsletter_access":"","_jetpack_dont_email_post_to_subs":false,"_jetpack_newsletter_tier_id":0,"_jetpack_memberships_contains_paywalled_content":false,"_jetpack_memberships_contains_paid_content":false,"footnotes":"","jetpack_publicize_message":"","jetpack_publicize_feature_enabled":true,"jetpack_social_post_already_shared":false,"jetpack_social_options":{"image_generator_settings":{"template":"highway","default_image_id":0,"font":"","enabled":false},"version":2}},"categories":[5773],"tags":[10250,3253,10367,5783,2571,2615,10506,5775,10120,10121,10622,143,10098,5776,5777,10334],"class_list":["post-17056","post","type-post","status-publish","format-standard","has-post-thumbnail","hentry","category-shooting-doggies","tag-10250","tag-animal","tag-arctic-monkeys","tag-cafe-tournon","tag-ef-16-35-mm-f28l-ii-usm","tag-eos-5d-mark-ii","tag-chien","tag-chiot","tag-france","tag-ile-de-france","tag-main","tag-noir-et-blanc","tag-paris","tag-r-u-mine","tag-rue-de-tournon","tag-table"],"acf":[],"geo":{"latitude":48.8494034,"longitude":2.3371322,"description":"Paris 06 Luxembourg, \u00cele-de-France, 75263 CEDEX 06, FR"},"jetpack_publicize_connections":[],"jetpack_featured_media_url":"https:\/\/www.wallendorff.com\/belogue\/wp-content\/uploads\/2015\/04\/201204261.jpg","jetpack_shortlink":"https:\/\/wp.me\/p3b35P-4r6","jetpack_sharing_enabled":true,"jetpack-related-posts":[{"id":22886,"url":"https:\/\/www.wallendorff.com\/belogue\/2014\/06\/04\/10-ans-a-la-ferme\/","url_meta":{"origin":17056,"position":0},"title":"10 ans [\u00e0 la] ferme.","author":"dpc","date":"4 juin 2014","format":false,"excerpt":"10 ans de jappement, de meuglements, de caquettements, de b\u00ealements et de piaillement. D'abord avec des toutous, puis des chats, puis tout le reste de la ferme quand na\u00eet en 2011 notre tradition de la visite annuelle au salon de la meuh-meuh (et \u00e0 l'ap\u00e9ro des producteurs de brebis). 10\u2026","rel":"","context":"Dans &quot;DPC&quot;","block_context":{"text":"DPC","link":"https:\/\/www.wallendorff.com\/belogue\/category\/dpc\/"},"img":{"alt_text":"","src":"https:\/\/i0.wp.com\/www.wallendorff.com\/belogue\/wp-content\/uploads\/2015\/04\/201204262.jpg?resize=350%2C200&ssl=1","width":350,"height":200,"srcset":"https:\/\/i0.wp.com\/www.wallendorff.com\/belogue\/wp-content\/uploads\/2015\/04\/201204262.jpg?resize=350%2C200&ssl=1 1x, https:\/\/i0.wp.com\/www.wallendorff.com\/belogue\/wp-content\/uploads\/2015\/04\/201204262.jpg?resize=525%2C300&ssl=1 1.5x, https:\/\/i0.wp.com\/www.wallendorff.com\/belogue\/wp-content\/uploads\/2015\/04\/201204262.jpg?resize=700%2C400&ssl=1 2x"},"classes":[]},{"id":8541,"url":"https:\/\/www.wallendorff.com\/belogue\/2010\/09\/06\/shooting-doggies-3\/","url_meta":{"origin":17056,"position":1},"title":"Shooting doggies #3.","author":"dpc","date":"6 septembre 2010","format":false,"excerpt":"Loctudy, 23 juillet. Va peut-\u00eatre en faire une s\u00e9rie \u00e0 force. Si vous savez o\u00f9 trouver des cools chiens \u00e0 prendre en photo de pr\u00e8s pour leur faire une grooooosse truffe \u2015\u00a0ou des ragondins, voire des girafes mais attention j'ai qu'un petit escabeau\u00a0\u2015 faites signe, je suis preneur. \u00a0The White\u2026","rel":"","context":"Dans &quot;Shooting doggies&quot;","block_context":{"text":"Shooting doggies","link":"https:\/\/www.wallendorff.com\/belogue\/category\/shooting-doggies\/"},"img":{"alt_text":"","src":"https:\/\/i0.wp.com\/www.wallendorff.com\/belogue\/wp-content\/uploads\/2015\/04\/201009061.jpg?resize=350%2C200&ssl=1","width":350,"height":200,"srcset":"https:\/\/i0.wp.com\/www.wallendorff.com\/belogue\/wp-content\/uploads\/2015\/04\/201009061.jpg?resize=350%2C200&ssl=1 1x, https:\/\/i0.wp.com\/www.wallendorff.com\/belogue\/wp-content\/uploads\/2015\/04\/201009061.jpg?resize=525%2C300&ssl=1 1.5x"},"classes":[]},{"id":16309,"url":"https:\/\/www.wallendorff.com\/belogue\/2012\/03\/09\/and-the-horses-they-rode-in-on\/","url_meta":{"origin":17056,"position":2},"title":"And the horses they rode in on.","author":"dpc","date":"9 mars 2012","format":false,"excerpt":"Boulevard P\u00e9riph\u00e9rique, Paris, 21 janvier. Quand on a le vertige, le seul truc PIRE que de devoir grimper sur un bac \u00e0 fleurs bras tendus pour poser le fotoaparat sur le bo\u00eetier d'un transformateur \u00e9lectrique situ\u00e9 \u00e0 10\u00a0m au-dessus du p\u00e9riph' juste pour faire une pose longue pendant que ton\u2026","rel":"","context":"Dans &quot;DPC&quot;","block_context":{"text":"DPC","link":"https:\/\/www.wallendorff.com\/belogue\/category\/dpc\/"},"img":{"alt_text":"","src":"https:\/\/i0.wp.com\/www.wallendorff.com\/belogue\/wp-content\/uploads\/2015\/04\/201203091.jpg?resize=350%2C200&ssl=1","width":350,"height":200,"srcset":"https:\/\/i0.wp.com\/www.wallendorff.com\/belogue\/wp-content\/uploads\/2015\/04\/201203091.jpg?resize=350%2C200&ssl=1 1x, https:\/\/i0.wp.com\/www.wallendorff.com\/belogue\/wp-content\/uploads\/2015\/04\/201203091.jpg?resize=525%2C300&ssl=1 1.5x, https:\/\/i0.wp.com\/www.wallendorff.com\/belogue\/wp-content\/uploads\/2015\/04\/201203091.jpg?resize=700%2C400&ssl=1 2x"},"classes":[]},{"id":84,"url":"https:\/\/www.wallendorff.com\/belogue\/2006\/02\/21\/arctic-monkeys-lenoir-s-on-france-inter-yeah-baby-yeah-paris\/","url_meta":{"origin":17056,"position":3},"title":"Arctic Monkeys @ Lenoir&rsquo;s on France Inter yeah baby yeah, Paris.","author":"dpc","date":"21 f\u00e9vrier 2006","format":false,"excerpt":"\u00catre rock en 2006, c'est trouver que si Damon Albarn et Liam Gallagher s'\u00e9taient r\u00e9concili\u00e9s, ils auraient s\u00fbrement engendr\u00e9 Alex Turner, tant celui-ci \u00e0 la tronche de celui-l\u00e0 et surtout les postures de l'autre, c'est remonter la rue de Beauvilliers parce que le m\u00e9tro, c'est plus rock n'roll que le\u2026","rel":"","context":"Dans &quot;Alive&quot;","block_context":{"text":"Alive","link":"https:\/\/www.wallendorff.com\/belogue\/category\/alive\/"},"img":{"alt_text":"","src":"https:\/\/i0.wp.com\/www.wallendorff.com\/belogue\/wp-content\/uploads\/2015\/04\/200602211.jpg?resize=350%2C200&ssl=1","width":350,"height":200},"classes":[]},{"id":21380,"url":"https:\/\/www.wallendorff.com\/belogue\/2013\/08\/01\/paleo-festival-nyon-jour-2\/","url_meta":{"origin":17056,"position":4},"title":"Pal\u00e9o Festival 2013, Nyon &#8211; jour 2","author":"dpc","date":"1 ao\u00fbt 2013","format":false,"excerpt":"Quand Arctic Monkeys sont apparus, je les ai vus tous les mois\u00a0: une interview chez Radio France, la Black Session qui allait avec, un Trabendo, un Bataclan puis une deuxi\u00e8me interview derri\u00e8re la sc\u00e8ne du chapiteau des Eurock\u00e9ennes. Et puis plus rien, pour des raisons\u00a0de calendriers incompatibles et de quelques\u2026","rel":"","context":"Dans &quot;Alive&quot;","block_context":{"text":"Alive","link":"https:\/\/www.wallendorff.com\/belogue\/category\/alive\/"},"img":{"alt_text":"","src":"https:\/\/i0.wp.com\/www.wallendorff.com\/belogue\/wp-content\/uploads\/2015\/04\/201308011.jpg?resize=350%2C200&ssl=1","width":350,"height":200,"srcset":"https:\/\/i0.wp.com\/www.wallendorff.com\/belogue\/wp-content\/uploads\/2015\/04\/201308011.jpg?resize=350%2C200&ssl=1 1x, https:\/\/i0.wp.com\/www.wallendorff.com\/belogue\/wp-content\/uploads\/2015\/04\/201308011.jpg?resize=525%2C300&ssl=1 1.5x, https:\/\/i0.wp.com\/www.wallendorff.com\/belogue\/wp-content\/uploads\/2015\/04\/201308011.jpg?resize=700%2C400&ssl=1 2x"},"classes":[]},{"id":22159,"url":"https:\/\/www.wallendorff.com\/belogue\/2013\/12\/16\/placebo-toy-palais-omnisports-de-paris-bercy-paris-10-decembre\/","url_meta":{"origin":17056,"position":5},"title":"Placebo + Toy @ Palais omnisports de Paris-Bercy, Paris, 10 d\u00e9cembre.","author":"dpc","date":"16 d\u00e9cembre 2013","format":false,"excerpt":"Et l\u00e0 tu vas me dire, toi le lecteur assidu, toi qui suis ce bel\u00f6gue depuis des lustres, tu vas me dire \u00ab\u00a0saperlipopette, des photos de Placebo\u00a0? \u00c7a fait bigrement longtemps que l'on en a point vues ici, des photos de Placebo. Les derni\u00e8res ont facilement 7 ans. C'est \u00e0\u2026","rel":"","context":"Dans &quot;Alive&quot;","block_context":{"text":"Alive","link":"https:\/\/www.wallendorff.com\/belogue\/category\/alive\/"},"img":{"alt_text":"","src":"https:\/\/i0.wp.com\/www.wallendorff.com\/belogue\/wp-content\/uploads\/2015\/04\/201312161.jpg?resize=350%2C200&ssl=1","width":350,"height":200,"srcset":"https:\/\/i0.wp.com\/www.wallendorff.com\/belogue\/wp-content\/uploads\/2015\/04\/201312161.jpg?resize=350%2C200&ssl=1 1x, https:\/\/i0.wp.com\/www.wallendorff.com\/belogue\/wp-content\/uploads\/2015\/04\/201312161.jpg?resize=525%2C300&ssl=1 1.5x, https:\/\/i0.wp.com\/www.wallendorff.com\/belogue\/wp-content\/uploads\/2015\/04\/201312161.jpg?resize=700%2C400&ssl=1 2x"},"classes":[]}],"_links":{"self":[{"href":"https:\/\/www.wallendorff.com\/belogue\/wp-json\/wp\/v2\/posts\/17056","targetHints":{"allow":["GET"]}}],"collection":[{"href":"https:\/\/www.wallendorff.com\/belogue\/wp-json\/wp\/v2\/posts"}],"about":[{"href":"https:\/\/www.wallendorff.com\/belogue\/wp-json\/wp\/v2\/types\/post"}],"author":[{"embeddable":true,"href":"https:\/\/www.wallendorff.com\/belogue\/wp-json\/wp\/v2\/users\/1"}],"replies":[{"embeddable":true,"href":"https:\/\/www.wallendorff.com\/belogue\/wp-json\/wp\/v2\/comments?post=17056"}],"version-history":[{"count":11,"href":"https:\/\/www.wallendorff.com\/belogue\/wp-json\/wp\/v2\/posts\/17056\/revisions"}],"predecessor-version":[{"id":22873,"href":"https:\/\/www.wallendorff.com\/belogue\/wp-json\/wp\/v2\/posts\/17056\/revisions\/22873"}],"wp:featuredmedia":[{"embeddable":true,"href":"https:\/\/www.wallendorff.com\/belogue\/wp-json\/wp\/v2\/media\/26317"}],"wp:attachment":[{"href":"https:\/\/www.wallendorff.com\/belogue\/wp-json\/wp\/v2\/media?parent=17056"}],"wp:term":[{"taxonomy":"category","embeddable":true,"href":"https:\/\/www.wallendorff.com\/belogue\/wp-json\/wp\/v2\/categories?post=17056"},{"taxonomy":"post_tag","embeddable":true,"href":"https:\/\/www.wallendorff.com\/belogue\/wp-json\/wp\/v2\/tags?post=17056"}],"curies":[{"name":"wp","href":"https:\/\/api.w.org\/{rel}","templated":true}]}}