{"id":17030,"date":"2012-04-24T12:25:03","date_gmt":"2012-04-24T10:25:03","guid":{"rendered":"http:\/\/www.po-L.com\/belogue\/?p=17030"},"modified":"2012-04-24T12:27:02","modified_gmt":"2012-04-24T10:27:02","slug":"malle-a-partir","status":"publish","type":"post","link":"https:\/\/www.wallendorff.com\/belogue\/2012\/04\/24\/malle-a-partir\/","title":{"rendered":"Malle \u00e0 partir."},"content":{"rendered":"\n<div id=\"photo\">\n<p><img decoding=\"async\" src=\"https:\/\/www.wallendorff.com\/belogue\/photo\/2012\/04\/20120424.jpg\"><br \/>\nBoulevard de Strasbourg, Paris, 2 mars.<\/p>\n<\/p><\/div>\n<div id=\"bandeson\">\n<p><img decoding=\"async\" src=\"https:\/\/www.wallendorff.com\/belogue\/photo\/pochettes\/l\/lower_dens-brains.jpg\" align=\"left\" \/><a href=\"http:\/\/lowerdens.com\/\">Lower Dens<\/a> &ndash; <em>Brains<\/em><br \/>\n        [youtube]http:\/\/www.youtube.com\/watch?v=OyxzjF8IjE8[\/youtube]<\/p>\n<\/p><\/div>\n","protected":false},"excerpt":{"rendered":"<p>Boulevard de Strasbourg, Paris, 2 mars. Lower Dens &ndash; Brains [youtube]http:\/\/www.youtube.com\/watch?v=OyxzjF8IjE8[\/youtube]<\/p>\n","protected":false},"author":1,"featured_media":25792,"comment_status":"open","ping_status":"open","sticky":false,"template":"","format":"standard","meta":{"_acf_changed":false,"ngg_post_thumbnail":0,"jetpack_post_was_ever_published":false,"_jetpack_newsletter_access":"","_jetpack_dont_email_post_to_subs":false,"_jetpack_newsletter_tier_id":0,"_jetpack_memberships_contains_paywalled_content":false,"_jetpack_memberships_contains_paid_content":false,"footnotes":"","jetpack_publicize_message":"","jetpack_publicize_feature_enabled":true,"jetpack_social_post_already_shared":false,"jetpack_social_options":{"image_generator_settings":{"template":"highway","default_image_id":0,"font":"","enabled":false},"version":2}},"categories":[3],"tags":[10267,11015,5759,1438,2615,10340,10120,10121,5758,143,10098,10351,10191,10187],"class_list":["post-17030","post","type-post","status-publish","format-standard","has-post-thumbnail","hentry","category-dpc","tag-10267","tag-boulevard-de-strasbourg","tag-brains","tag-ef-50-mm-f14-usm","tag-eos-5d-mark-ii","tag-fille","tag-france","tag-ile-de-france","tag-lower-dens","tag-noir-et-blanc","tag-paris","tag-rue","tag-telephone","tag-valise"],"acf":[],"geo":{"latitude":48.8726654,"longitude":2.3563077,"description":"Paris 10 Entrep\u00f4t, \u00cele-de-France, 75471 CEDEX 10, FR"},"jetpack_publicize_connections":[],"jetpack_featured_media_url":"https:\/\/www.wallendorff.com\/belogue\/wp-content\/uploads\/2015\/04\/201204241.jpg","jetpack_shortlink":"https:\/\/wp.me\/p3b35P-4qG","jetpack_sharing_enabled":true,"jetpack-related-posts":[{"id":18894,"url":"https:\/\/www.wallendorff.com\/belogue\/2012\/09\/05\/poney\/","url_meta":{"origin":17030,"position":0},"title":"Poney.","author":"dpc","date":"5 septembre 2012","format":false,"excerpt":"Rue Pierre Charron, Paris, 24 juin. Lower Dens \u2013 Brains","rel":"","context":"Dans &quot;DPC&quot;","block_context":{"text":"DPC","link":"https:\/\/www.wallendorff.com\/belogue\/category\/dpc\/"},"img":{"alt_text":"","src":"https:\/\/i0.wp.com\/www.wallendorff.com\/belogue\/wp-content\/uploads\/2015\/04\/201209051.jpg?resize=350%2C200&ssl=1","width":350,"height":200,"srcset":"https:\/\/i0.wp.com\/www.wallendorff.com\/belogue\/wp-content\/uploads\/2015\/04\/201209051.jpg?resize=350%2C200&ssl=1 1x, https:\/\/i0.wp.com\/www.wallendorff.com\/belogue\/wp-content\/uploads\/2015\/04\/201209051.jpg?resize=525%2C300&ssl=1 1.5x, https:\/\/i0.wp.com\/www.wallendorff.com\/belogue\/wp-content\/uploads\/2015\/04\/201209051.jpg?resize=700%2C400&ssl=1 2x"},"classes":[]},{"id":16650,"url":"https:\/\/www.wallendorff.com\/belogue\/2012\/04\/02\/mlouche-du-cloche\/","url_meta":{"origin":17030,"position":1},"title":"M&rsquo;louche [du cloche].","author":"dpc","date":"2 avril 2012","format":false,"excerpt":"Grand Palais, Paris, 5 f\u00e9vrier. Tout \u00e7a pour dire qu'on la voyait de super-loin, la cath\u00e9drale de Strasbourg. The Men \u2013 Cube [youtube]http:\/\/www.youtube.com\/watch?v=T2AWtfL4H5I[\/youtube]","rel":"","context":"Dans &quot;DPC&quot;","block_context":{"text":"DPC","link":"https:\/\/www.wallendorff.com\/belogue\/category\/dpc\/"},"img":{"alt_text":"","src":"https:\/\/i0.wp.com\/www.wallendorff.com\/belogue\/wp-content\/uploads\/2015\/04\/201204021.jpg?resize=350%2C200&ssl=1","width":350,"height":200},"classes":[]},{"id":6303,"url":"https:\/\/www.wallendorff.com\/belogue\/2010\/01\/22\/tomorrow-wont-be-pretty\/","url_meta":{"origin":17030,"position":2},"title":"Tomorrow won&rsquo;t be pretty.","author":"dpc","date":"22 janvier 2010","format":false,"excerpt":"Place de la cath\u00e9drale, Strasbourg, 26 d\u00e9cembre 2009. \u00a0The National \u2013 Murder Me Rachael BLACK REBEL MOTORCYCLE CLUB","rel":"","context":"Dans &quot;DPC&quot;","block_context":{"text":"DPC","link":"https:\/\/www.wallendorff.com\/belogue\/category\/dpc\/"},"img":{"alt_text":"","src":"https:\/\/i0.wp.com\/www.wallendorff.com\/belogue\/wp-content\/uploads\/2015\/04\/201001221.jpg?resize=350%2C200&ssl=1","width":350,"height":200},"classes":[]},{"id":48423,"url":"https:\/\/www.wallendorff.com\/belogue\/2021\/05\/24\/mais-trop-bout-lode-au-dos\/","url_meta":{"origin":17030,"position":3},"title":"Mais trop bout l&rsquo;ode au dos.","author":"dpc","date":"24 mai 2021","format":false,"excerpt":"Boulevard Saint-Martin, Paris, 17 mars 2021. Oblivion Royal Blood","rel":"","context":"Dans &quot;DPC&quot;","block_context":{"text":"DPC","link":"https:\/\/www.wallendorff.com\/belogue\/category\/dpc\/"},"img":{"alt_text":"","src":"https:\/\/i0.wp.com\/www.wallendorff.com\/belogue\/wp-content\/uploads\/2021\/05\/20210525.jpg?resize=350%2C200&ssl=1","width":350,"height":200,"srcset":"https:\/\/i0.wp.com\/www.wallendorff.com\/belogue\/wp-content\/uploads\/2021\/05\/20210525.jpg?resize=350%2C200&ssl=1 1x, https:\/\/i0.wp.com\/www.wallendorff.com\/belogue\/wp-content\/uploads\/2021\/05\/20210525.jpg?resize=525%2C300&ssl=1 1.5x, https:\/\/i0.wp.com\/www.wallendorff.com\/belogue\/wp-content\/uploads\/2021\/05\/20210525.jpg?resize=700%2C400&ssl=1 2x, https:\/\/i0.wp.com\/www.wallendorff.com\/belogue\/wp-content\/uploads\/2021\/05\/20210525.jpg?resize=1050%2C600&ssl=1 3x"},"classes":[]},{"id":6352,"url":"https:\/\/www.wallendorff.com\/belogue\/2010\/01\/27\/neut-huit-nuits-inuites1\/","url_meta":{"origin":17030,"position":4},"title":"N&rsquo;eut huit nuits inuites1.","author":"dpc","date":"27 janvier 2010","format":false,"excerpt":"Rue des Moulins, Strasbourg, 26 d\u00e9cembre 2009. \u00a0The Decemberists \u2013 From My Own True Love (Lost at Sea) Bon. _____ 1 \u00c0 r\u00e9p\u00e9ter \u00e0 haute voix 22 fois de suite tous les matins devant sa glace pour avoir un beau sourire de star vendeuse de caf\u00e9.","rel":"","context":"Dans &quot;DPC&quot;","block_context":{"text":"DPC","link":"https:\/\/www.wallendorff.com\/belogue\/category\/dpc\/"},"img":{"alt_text":"","src":"https:\/\/i0.wp.com\/www.wallendorff.com\/belogue\/wp-content\/uploads\/2015\/04\/201001271.jpg?resize=350%2C200&ssl=1","width":350,"height":200},"classes":[]},{"id":6266,"url":"https:\/\/www.wallendorff.com\/belogue\/2010\/01\/21\/jai-encore-reve-dhell\/","url_meta":{"origin":17030,"position":5},"title":"[J&rsquo;ai encore r\u00eav\u00e9 d&rsquo;Hell.]","author":"dpc","date":"21 janvier 2010","format":false,"excerpt":"Cath\u00e9drale Notre-Dame, Strasbourg, 26 d\u00e9cembre 2009. \u00a0Japandroids \u2013 I Quit Girls","rel":"","context":"Dans &quot;DPC&quot;","block_context":{"text":"DPC","link":"https:\/\/www.wallendorff.com\/belogue\/category\/dpc\/"},"img":{"alt_text":"","src":"https:\/\/i0.wp.com\/www.wallendorff.com\/belogue\/wp-content\/uploads\/2015\/04\/201001211.jpg?resize=350%2C200&ssl=1","width":350,"height":200},"classes":[]}],"_links":{"self":[{"href":"https:\/\/www.wallendorff.com\/belogue\/wp-json\/wp\/v2\/posts\/17030","targetHints":{"allow":["GET"]}}],"collection":[{"href":"https:\/\/www.wallendorff.com\/belogue\/wp-json\/wp\/v2\/posts"}],"about":[{"href":"https:\/\/www.wallendorff.com\/belogue\/wp-json\/wp\/v2\/types\/post"}],"author":[{"embeddable":true,"href":"https:\/\/www.wallendorff.com\/belogue\/wp-json\/wp\/v2\/users\/1"}],"replies":[{"embeddable":true,"href":"https:\/\/www.wallendorff.com\/belogue\/wp-json\/wp\/v2\/comments?post=17030"}],"version-history":[{"count":5,"href":"https:\/\/www.wallendorff.com\/belogue\/wp-json\/wp\/v2\/posts\/17030\/revisions"}],"predecessor-version":[{"id":17035,"href":"https:\/\/www.wallendorff.com\/belogue\/wp-json\/wp\/v2\/posts\/17030\/revisions\/17035"}],"wp:featuredmedia":[{"embeddable":true,"href":"https:\/\/www.wallendorff.com\/belogue\/wp-json\/wp\/v2\/media\/25792"}],"wp:attachment":[{"href":"https:\/\/www.wallendorff.com\/belogue\/wp-json\/wp\/v2\/media?parent=17030"}],"wp:term":[{"taxonomy":"category","embeddable":true,"href":"https:\/\/www.wallendorff.com\/belogue\/wp-json\/wp\/v2\/categories?post=17030"},{"taxonomy":"post_tag","embeddable":true,"href":"https:\/\/www.wallendorff.com\/belogue\/wp-json\/wp\/v2\/tags?post=17030"}],"curies":[{"name":"wp","href":"https:\/\/api.w.org\/{rel}","templated":true}]}}