{"id":170,"date":"2006-06-10T18:09:26","date_gmt":"2006-06-10T18:09:26","guid":{"rendered":"http:\/\/www.po-l.com\/wordpress\/?p=170"},"modified":"2012-04-16T10:38:02","modified_gmt":"2012-04-16T08:38:02","slug":"keep-on-walking","status":"publish","type":"post","link":"https:\/\/www.wallendorff.com\/belogue\/2006\/06\/10\/keep-on-walking\/","title":{"rendered":"Keep on walking."},"content":{"rendered":"\n<div id=\"photo\">\n<p><img decoding=\"async\" src=\"http:\/\/www.po-L.com\/belogue\/photo\/2006\/06\/20060610.jpg\" \/><br \/>\n          Studios SFP, Bry\/Marne, 9 juin.<\/p>\n<\/p><\/div>\n<p style=\"text-align:right\">Et l&agrave;, en passant devant toi pour monter sur sc&egrave;ne, ils te <em>reconnaissent <\/em> et ils te font <em>signe bonjour<\/em>.<\/p>\n<p style=\"text-align:right\">Deux heures plus tard, tu te retrouves dans une loge &agrave; f&ecirc;ter un 27<sup>e<\/sup> anniversaire de chanteur, jouant de la fl&ucirc;te, &agrave; parler Belfort, fouteballe, Lester Bangs, Italie, Thom Yorke &agrave; Dijon et <a href=\"https:\/\/www.wallendorff.com\/belogue\/2004\/06\/25\/the-streets-st-andrew-s-hall\/\">concert-des-Streets-&agrave;-D&eacute;troit-le-jour-de-la-d&eacute;faite-de-l&rsquo;Angleterre<\/a>.<\/p>\n<p style=\"text-align:right\">Merci la vie, juste.<\/p>\n<div id=\"bandeson\">\n<p><img decoding=\"async\" src=\"https:\/\/www.wallendorff.com\/belogue\/photo\/pochettes\/o\/oasis-familiar_to_millions.jpg\" align=\"left\" \/>&nbsp;<a href=\"http:\/\/www.oasininet.com\/\">Oasis<\/a> &ndash; <em>Step Out<\/em> (live)<\/p>\n<\/div>\n","protected":false},"excerpt":{"rendered":"<p>Studios SFP, Bry\/Marne, 9 juin. Et l&agrave;, en passant devant toi pour monter sur sc&egrave;ne, ils te reconnaissent et ils te font signe bonjour. Deux heures plus tard, tu te retrouves dans une loge &agrave; f&ecirc;ter un 27e anniversaire de chanteur, jouant de la fl&ucirc;te, &agrave; parler Belfort, fouteballe, Lester Bangs, Italie, Thom Yorke &agrave;&hellip;<\/p>\n","protected":false},"author":1,"featured_media":24105,"comment_status":"open","ping_status":"open","sticky":false,"template":"","format":"standard","meta":{"_acf_changed":false,"ngg_post_thumbnail":0,"jetpack_post_was_ever_published":false,"_jetpack_newsletter_access":"","_jetpack_dont_email_post_to_subs":false,"_jetpack_newsletter_tier_id":0,"_jetpack_memberships_contains_paywalled_content":false,"_jetpack_memberships_contains_paid_content":false,"footnotes":"","jetpack_publicize_message":"","jetpack_publicize_feature_enabled":true,"jetpack_social_post_already_shared":false,"jetpack_social_options":{"image_generator_settings":{"template":"highway","default_image_id":0,"font":"","enabled":false},"version":2}},"categories":[3],"tags":[10215,1632,196,132,10120,10121,10090,408,10266,1633,1631],"class_list":["post-170","post","type-post","status-publish","format-standard","has-post-thumbnail","hentry","category-dpc","tag-backstage","tag-bry-sur-marne","tag-ef-28-70-mm-f28l-usm","tag-eos-20d","tag-france","tag-ile-de-france","tag-muse","tag-oasis","tag-seine-et-marne","tag-step-out","tag-studios-sfp"],"acf":[],"geo":{"latitude":48.8382111,"longitude":2.5375414,"description":null},"jetpack_publicize_connections":[],"jetpack_featured_media_url":"https:\/\/www.wallendorff.com\/belogue\/wp-content\/uploads\/2015\/04\/200606101.jpg","jetpack_shortlink":"https:\/\/wp.me\/p3b35P-2K","jetpack_sharing_enabled":true,"jetpack-related-posts":[{"id":630,"url":"https:\/\/www.wallendorff.com\/belogue\/2006\/08\/02\/previously-unreleased-39\/","url_meta":{"origin":170,"position":0},"title":"Previously unreleased #39&sup1;.","author":"dpc","date":"2 ao\u00fbt 2006","format":false,"excerpt":"Muse, la Musicale, Canal +, 9 juin. \u00a0Primal Scream \u2013 Dolls (Sweet Rock and Roll) _____ 1 Truc machin de l\u00e0 qu'il s'en vient.","rel":"","context":"Dans &quot;Previously unreleased&quot;","block_context":{"text":"Previously unreleased","link":"https:\/\/www.wallendorff.com\/belogue\/category\/previously-unreleased\/"},"img":{"alt_text":"","src":"https:\/\/i0.wp.com\/www.wallendorff.com\/belogue\/wp-content\/uploads\/2015\/04\/200608021.jpg?resize=350%2C200&ssl=1","width":350,"height":200},"classes":[]},{"id":394,"url":"https:\/\/www.wallendorff.com\/belogue\/2005\/04\/24\/peau-vide-en-pleine-vase\/","url_meta":{"origin":170,"position":1},"title":"Peau vide en pleine vase.","author":"dpc","date":"24 avril 2005","format":false,"excerpt":"Gare RER, Marne-la-Vall\u00e9e, 13 avril. Save me\u00a0from myself. \u00a0Turin Brakes \u2013 Underdog (Save Me)","rel":"","context":"Dans &quot;DPC&quot;","block_context":{"text":"DPC","link":"https:\/\/www.wallendorff.com\/belogue\/category\/dpc\/"},"img":{"alt_text":"","src":"https:\/\/i0.wp.com\/www.wallendorff.com\/belogue\/wp-content\/uploads\/2015\/04\/200504241.jpg?resize=350%2C200&ssl=1","width":350,"height":200},"classes":[]},{"id":7151,"url":"https:\/\/www.wallendorff.com\/belogue\/2010\/03\/08\/sois-brele-et-tes-toi\/","url_meta":{"origin":170,"position":2},"title":"Sois br\u00eale et t&rsquo;es toi.","author":"dpc","date":"8 mars 2010","format":false,"excerpt":"Disneyland Paris, Chessy, 18 janvier. \u00a0Black Rebel Motorcycle Club \u2013 Shadow's Keeper","rel":"","context":"Dans &quot;DPC&quot;","block_context":{"text":"DPC","link":"https:\/\/www.wallendorff.com\/belogue\/category\/dpc\/"},"img":{"alt_text":"","src":"https:\/\/i0.wp.com\/www.wallendorff.com\/belogue\/wp-content\/uploads\/2015\/04\/201003081.jpg?resize=350%2C200&ssl=1","width":350,"height":200},"classes":[]},{"id":272,"url":"https:\/\/www.wallendorff.com\/belogue\/2005\/11\/13\/petit-n-eut-age\/","url_meta":{"origin":170,"position":3},"title":"Petit n&rsquo;eut &acirc;ge.","author":"dpc","date":"13 novembre 2005","format":false,"excerpt":"Quais de Seine, Ivry, 1er novembre. \u00c0 ceux qui n'aiment pas la fum\u00e9e, j'offre une bouff\u00e9e d'Air. [Ah, ah, ah. Vais aller me coucher, moi.] \"All I need is a peace of this mind, Then I can celebrate.\" \u00a0Air \u2013 All I Need","rel":"","context":"Dans &quot;DPC&quot;","block_context":{"text":"DPC","link":"https:\/\/www.wallendorff.com\/belogue\/category\/dpc\/"},"img":{"alt_text":"","src":"https:\/\/i0.wp.com\/www.wallendorff.com\/belogue\/wp-content\/uploads\/2015\/04\/200511131.jpg?resize=350%2C200&ssl=1","width":350,"height":200},"classes":[]},{"id":21968,"url":"https:\/\/www.wallendorff.com\/belogue\/2013\/10\/31\/octobre-2013\/","url_meta":{"origin":170,"position":4},"title":"Octobre 2013.","author":"dpc","date":"31 octobre 2013","format":false,"excerpt":"Du Neuch\u00e2tel, des heures place de la Concorde, un vernissage et un anniversaire, un mus\u00e9e et un cimeti\u00e8re, une heure en ascenseur, des bi\u00e8res, deux grammes en une heure, trois kilom\u00e8tres \u00e0 pied, un a\u00e9roport, 92 optiques de phares, un autre vernissage et des tours de passe-passe, 600 kilom\u00e8tres, un\u2026","rel":"","context":"Dans &quot;Blog-note&quot;","block_context":{"text":"Blog-note","link":"https:\/\/www.wallendorff.com\/belogue\/category\/blog-note\/"},"img":{"alt_text":"","src":"https:\/\/i0.wp.com\/www.wallendorff.com\/belogue\/wp-content\/uploads\/2015\/04\/20131107-391.jpg?resize=350%2C200&ssl=1","width":350,"height":200,"srcset":"https:\/\/i0.wp.com\/www.wallendorff.com\/belogue\/wp-content\/uploads\/2015\/04\/20131107-391.jpg?resize=350%2C200&ssl=1 1x, https:\/\/i0.wp.com\/www.wallendorff.com\/belogue\/wp-content\/uploads\/2015\/04\/20131107-391.jpg?resize=525%2C300&ssl=1 1.5x, https:\/\/i0.wp.com\/www.wallendorff.com\/belogue\/wp-content\/uploads\/2015\/04\/20131107-391.jpg?resize=700%2C400&ssl=1 2x"},"classes":[]},{"id":135273,"url":"https:\/\/www.wallendorff.com\/belogue\/2026\/02\/12\/siege-28a-2\/","url_meta":{"origin":170,"position":5},"title":"Si\u00e8ge 28A.","author":"dpc","date":"12 f\u00e9vrier 2026","format":false,"excerpt":"","rel":"","context":"Dans &quot;DPC&quot;","block_context":{"text":"DPC","link":"https:\/\/www.wallendorff.com\/belogue\/category\/dpc\/"},"img":{"alt_text":"","src":"https:\/\/i0.wp.com\/www.wallendorff.com\/belogue\/wp-content\/uploads\/2026\/02\/20260212-02.jpg?resize=350%2C200&ssl=1","width":350,"height":200,"srcset":"https:\/\/i0.wp.com\/www.wallendorff.com\/belogue\/wp-content\/uploads\/2026\/02\/20260212-02.jpg?resize=350%2C200&ssl=1 1x, https:\/\/i0.wp.com\/www.wallendorff.com\/belogue\/wp-content\/uploads\/2026\/02\/20260212-02.jpg?resize=525%2C300&ssl=1 1.5x, https:\/\/i0.wp.com\/www.wallendorff.com\/belogue\/wp-content\/uploads\/2026\/02\/20260212-02.jpg?resize=700%2C400&ssl=1 2x, https:\/\/i0.wp.com\/www.wallendorff.com\/belogue\/wp-content\/uploads\/2026\/02\/20260212-02.jpg?resize=1050%2C600&ssl=1 3x"},"classes":[]}],"_links":{"self":[{"href":"https:\/\/www.wallendorff.com\/belogue\/wp-json\/wp\/v2\/posts\/170","targetHints":{"allow":["GET"]}}],"collection":[{"href":"https:\/\/www.wallendorff.com\/belogue\/wp-json\/wp\/v2\/posts"}],"about":[{"href":"https:\/\/www.wallendorff.com\/belogue\/wp-json\/wp\/v2\/types\/post"}],"author":[{"embeddable":true,"href":"https:\/\/www.wallendorff.com\/belogue\/wp-json\/wp\/v2\/users\/1"}],"replies":[{"embeddable":true,"href":"https:\/\/www.wallendorff.com\/belogue\/wp-json\/wp\/v2\/comments?post=170"}],"version-history":[{"count":1,"href":"https:\/\/www.wallendorff.com\/belogue\/wp-json\/wp\/v2\/posts\/170\/revisions"}],"predecessor-version":[{"id":16913,"href":"https:\/\/www.wallendorff.com\/belogue\/wp-json\/wp\/v2\/posts\/170\/revisions\/16913"}],"wp:featuredmedia":[{"embeddable":true,"href":"https:\/\/www.wallendorff.com\/belogue\/wp-json\/wp\/v2\/media\/24105"}],"wp:attachment":[{"href":"https:\/\/www.wallendorff.com\/belogue\/wp-json\/wp\/v2\/media?parent=170"}],"wp:term":[{"taxonomy":"category","embeddable":true,"href":"https:\/\/www.wallendorff.com\/belogue\/wp-json\/wp\/v2\/categories?post=170"},{"taxonomy":"post_tag","embeddable":true,"href":"https:\/\/www.wallendorff.com\/belogue\/wp-json\/wp\/v2\/tags?post=170"}],"curies":[{"name":"wp","href":"https:\/\/api.w.org\/{rel}","templated":true}]}}