{"id":17,"date":"2007-04-16T09:37:47","date_gmt":"2007-04-16T09:37:47","guid":{"rendered":"http:\/\/www.po-l.com\/wordpress\/?p=17"},"modified":"2012-02-21T10:37:32","modified_gmt":"2012-02-21T08:37:32","slug":"strier-c-est-decher","status":"publish","type":"post","link":"https:\/\/www.wallendorff.com\/belogue\/2007\/04\/16\/strier-c-est-decher\/","title":{"rendered":"Strier c&rsquo;est d\u00e8cher."},"content":{"rendered":"\n<div id=\"photo\">\n<p><img decoding=\"async\" src=\"https:\/\/www.wallendorff.com\/belogue\/photo\/2007\/04\/20070416.jpg\"\/><br \/>\n          Clamart MC, 3 avril.<\/p>\n<\/p><\/div>\n<p style=\"text-align:right\">Grr.<\/p>\n<div id=\"bandeson\">\n<p><img decoding=\"async\" src=\"https:\/\/www.wallendorff.com\/belogue\/photo\/pochettes\/m\/m_ward-post-war.jpg\" align=\"left\" \/>&nbsp;<a href=\"http:\/\/www.mwardmusic.com\/\">M. Ward<\/a> &ndash; <em>To Go Home<\/em><\/p>\n<\/p><\/div>\n","protected":false},"excerpt":{"rendered":"<p>Clamart MC, 3 avril. Grr. &nbsp;M. Ward &ndash; To Go Home<\/p>\n","protected":false},"author":1,"featured_media":23952,"comment_status":"open","ping_status":"open","sticky":false,"template":"","format":"standard","meta":{"_acf_changed":false,"ngg_post_thumbnail":0,"jetpack_post_was_ever_published":false,"_jetpack_newsletter_access":"","_jetpack_dont_email_post_to_subs":false,"_jetpack_newsletter_tier_id":0,"_jetpack_memberships_contains_paywalled_content":false,"_jetpack_memberships_contains_paid_content":false,"footnotes":"","jetpack_publicize_message":"","jetpack_publicize_feature_enabled":true,"jetpack_social_post_already_shared":false,"jetpack_social_options":{"image_generator_settings":{"template":"highway","default_image_id":0,"font":"","enabled":false},"version":2}},"categories":[3],"tags":[737,181,132,10120,10353,10121,1816,10436,1817],"class_list":["post-17","post","type-post","status-publish","format-standard","has-post-thumbnail","hentry","category-dpc","tag-bleu","tag-ef-70-200-mm-f28l-usm","tag-eos-20d","tag-france","tag-hauts-de-seine","tag-ile-de-france","tag-m-ward","tag-poubelle","tag-to-go-home"],"acf":[],"geo":null,"jetpack_publicize_connections":[],"jetpack_featured_media_url":"https:\/\/www.wallendorff.com\/belogue\/wp-content\/uploads\/2015\/04\/200704161.jpg","jetpack_shortlink":"https:\/\/wp.me\/p3b35P-h","jetpack_sharing_enabled":true,"jetpack-related-posts":[{"id":819,"url":"https:\/\/www.wallendorff.com\/belogue\/2006\/10\/31\/juste-deux-passages-1-2\/","url_meta":{"origin":17,"position":0},"title":"Juste deux passages [1\/2].","author":"dpc","date":"31 octobre 2006","format":false,"excerpt":"Impasse Saint Denis, Paris, 30 octobre. \u00a0M. Ward \u2013 To Go Home","rel":"","context":"Dans &quot;DPC&quot;","block_context":{"text":"DPC","link":"https:\/\/www.wallendorff.com\/belogue\/category\/dpc\/"},"img":{"alt_text":"","src":"https:\/\/i0.wp.com\/www.wallendorff.com\/belogue\/wp-content\/uploads\/2015\/04\/200610311.jpg?resize=350%2C200&ssl=1","width":350,"height":200},"classes":[]},{"id":936,"url":"https:\/\/www.wallendorff.com\/belogue\/2007\/04\/18\/entraidant-l-hallu-m-y-erre\/","url_meta":{"origin":17,"position":1},"title":"Entraidant l&rsquo;hallu m&rsquo;y erre.","author":"dpc","date":"18 avril 2007","format":false,"excerpt":"Pop Levi [fut clown Mir Couleurs dans une autre vie], la Maroquinerie, Paris, 13 avril. \u00a0The Ponys \u2013 Double Vision","rel":"","context":"Dans &quot;DPC&quot;","block_context":{"text":"DPC","link":"https:\/\/www.wallendorff.com\/belogue\/category\/dpc\/"},"img":{"alt_text":"","src":"https:\/\/i0.wp.com\/www.wallendorff.com\/belogue\/wp-content\/uploads\/2015\/04\/200704181.jpg?resize=350%2C200&ssl=1","width":350,"height":200},"classes":[]},{"id":7568,"url":"https:\/\/www.wallendorff.com\/belogue\/2010\/05\/21\/m\/","url_meta":{"origin":17,"position":2},"title":"|M|","author":"dpc","date":"21 mai 2010","format":false,"excerpt":"M\u00e9morial des Martyrs de la D\u00e9portation, Paris, 17 avril. \u00a0Woodpigeon \u2013 Empty-Hall Sing-Along","rel":"","context":"Dans &quot;DPC&quot;","block_context":{"text":"DPC","link":"https:\/\/www.wallendorff.com\/belogue\/category\/dpc\/"},"img":{"alt_text":"","src":"https:\/\/i0.wp.com\/www.wallendorff.com\/belogue\/wp-content\/uploads\/2015\/04\/201005211.jpg?resize=350%2C200&ssl=1","width":350,"height":200},"classes":[]},{"id":3631,"url":"https:\/\/www.wallendorff.com\/belogue\/2008\/11\/28\/jamais-dieu-sans-trois\/","url_meta":{"origin":17,"position":3},"title":"Jamais Dieu sans trois.","author":"dpc","date":"28 novembre 2008","format":false,"excerpt":"Cimeti\u00e8re du P\u00e8re-Lachaise, Paris, 9 novembre. Caesars \u2013 Winter Song","rel":"","context":"Dans &quot;DPC&quot;","block_context":{"text":"DPC","link":"https:\/\/www.wallendorff.com\/belogue\/category\/dpc\/"},"img":{"alt_text":"","src":"https:\/\/i0.wp.com\/www.wallendorff.com\/belogue\/wp-content\/uploads\/2015\/04\/200811281.jpg?resize=350%2C200&ssl=1","width":350,"height":200},"classes":[]},{"id":23504,"url":"https:\/\/www.wallendorff.com\/belogue\/2014\/10\/31\/kill-it-kid-les-etoiles-paris\/","url_meta":{"origin":17,"position":4},"title":"Kill It Kid @ les \u00c9toiles, Paris.","author":"dpc","date":"31 octobre 2014","format":false,"excerpt":"C'est le tout premier concert aux \u00c9toiles, la salle retap\u00e9e par Live Nation et r\u00e9ouverte apr\u00e8s plusieurs ann\u00e9es de travaux. L'endroit est joli, \u00e0 la crois\u00e9e des chemins entre le Nouveau Casino (pour la taille), l'Alhambra (pour la forme), le Silencio (pour la d\u00e9co du bar) et la Fl\u00e8che d'Or\u2026","rel":"","context":"Dans &quot;Alive&quot;","block_context":{"text":"Alive","link":"https:\/\/www.wallendorff.com\/belogue\/category\/alive\/"},"img":{"alt_text":"","src":"https:\/\/i0.wp.com\/www.wallendorff.com\/belogue\/wp-content\/uploads\/2015\/04\/201410311.jpg?resize=350%2C200&ssl=1","width":350,"height":200,"srcset":"https:\/\/i0.wp.com\/www.wallendorff.com\/belogue\/wp-content\/uploads\/2015\/04\/201410311.jpg?resize=350%2C200&ssl=1 1x, https:\/\/i0.wp.com\/www.wallendorff.com\/belogue\/wp-content\/uploads\/2015\/04\/201410311.jpg?resize=525%2C300&ssl=1 1.5x, https:\/\/i0.wp.com\/www.wallendorff.com\/belogue\/wp-content\/uploads\/2015\/04\/201410311.jpg?resize=700%2C400&ssl=1 2x"},"classes":[]},{"id":1242,"url":"https:\/\/www.wallendorff.com\/belogue\/2008\/06\/03\/heaven-m-encile\/","url_meta":{"origin":17,"position":5},"title":"Heaven m&rsquo;enci\u00e8le\u00b9.","author":"dpc","date":"3 juin 2008","format":false,"excerpt":"Paris, 2 juin. My version of Heaven includes free pizzas, CD giveaways and a naked graphic design girl w\/ glasses. But free naked CDs are still a good start. \u00a0Alphabeat \u2013 Digital Love (Daft Punk cover) (acoustic) _____ 1 Bien s\u00fbr que ce titre est nase mais \u00e0 force devenir\u2026","rel":"","context":"Dans &quot;DPC&quot;","block_context":{"text":"DPC","link":"https:\/\/www.wallendorff.com\/belogue\/category\/dpc\/"},"img":{"alt_text":"","src":"https:\/\/i0.wp.com\/www.wallendorff.com\/belogue\/wp-content\/uploads\/2015\/04\/200806031.jpg?resize=350%2C200&ssl=1","width":350,"height":200},"classes":[]}],"_links":{"self":[{"href":"https:\/\/www.wallendorff.com\/belogue\/wp-json\/wp\/v2\/posts\/17","targetHints":{"allow":["GET"]}}],"collection":[{"href":"https:\/\/www.wallendorff.com\/belogue\/wp-json\/wp\/v2\/posts"}],"about":[{"href":"https:\/\/www.wallendorff.com\/belogue\/wp-json\/wp\/v2\/types\/post"}],"author":[{"embeddable":true,"href":"https:\/\/www.wallendorff.com\/belogue\/wp-json\/wp\/v2\/users\/1"}],"replies":[{"embeddable":true,"href":"https:\/\/www.wallendorff.com\/belogue\/wp-json\/wp\/v2\/comments?post=17"}],"version-history":[{"count":1,"href":"https:\/\/www.wallendorff.com\/belogue\/wp-json\/wp\/v2\/posts\/17\/revisions"}],"predecessor-version":[{"id":15972,"href":"https:\/\/www.wallendorff.com\/belogue\/wp-json\/wp\/v2\/posts\/17\/revisions\/15972"}],"wp:featuredmedia":[{"embeddable":true,"href":"https:\/\/www.wallendorff.com\/belogue\/wp-json\/wp\/v2\/media\/23952"}],"wp:attachment":[{"href":"https:\/\/www.wallendorff.com\/belogue\/wp-json\/wp\/v2\/media?parent=17"}],"wp:term":[{"taxonomy":"category","embeddable":true,"href":"https:\/\/www.wallendorff.com\/belogue\/wp-json\/wp\/v2\/categories?post=17"},{"taxonomy":"post_tag","embeddable":true,"href":"https:\/\/www.wallendorff.com\/belogue\/wp-json\/wp\/v2\/tags?post=17"}],"curies":[{"name":"wp","href":"https:\/\/api.w.org\/{rel}","templated":true}]}}