{"id":16968,"date":"2012-04-19T12:54:50","date_gmt":"2012-04-19T10:54:50","guid":{"rendered":"http:\/\/www.po-L.com\/belogue\/?p=16968"},"modified":"2012-04-19T12:56:19","modified_gmt":"2012-04-19T10:56:19","slug":"three-door-dawn","status":"publish","type":"post","link":"https:\/\/www.wallendorff.com\/belogue\/2012\/04\/19\/three-door-dawn\/","title":{"rendered":"Three-door dawn."},"content":{"rendered":"\n<div id=\"photo\">\n<p><img decoding=\"async\" src=\"https:\/\/www.wallendorff.com\/belogue\/photo\/2012\/04\/20120419.jpg\"><br \/>\nRue Lamarck, Paris, 1<sup>er<\/sup> mars.<\/p>\n<\/p><\/div>\n<div id=\"bandeson\">\n<p><img decoding=\"async\" src=\"https:\/\/www.wallendorff.com\/belogue\/photo\/pochettes\/m\/muse-showbiz.jpg\" align=\"left\" \/><a href=\"http:\/\/www.muse.mu\/\">Muse<\/a> &ndash; <em>Uno<\/em><br \/>\n        [youtube]http:\/\/www.youtube.com\/watch?v=svP5Rqn12VY[\/youtube]<\/p>\n<\/p><\/div>\n","protected":false},"excerpt":{"rendered":"<p>Rue Lamarck, Paris, 1er mars. Muse &ndash; Uno [youtube]http:\/\/www.youtube.com\/watch?v=svP5Rqn12VY[\/youtube]<\/p>\n","protected":false},"author":1,"featured_media":26314,"comment_status":"open","ping_status":"open","sticky":false,"template":"","format":"standard","meta":{"_acf_changed":false,"ngg_post_thumbnail":0,"jetpack_post_was_ever_published":false,"_jetpack_newsletter_access":"","_jetpack_dont_email_post_to_subs":false,"_jetpack_newsletter_tier_id":0,"_jetpack_memberships_contains_paywalled_content":false,"_jetpack_memberships_contains_paid_content":false,"footnotes":"","jetpack_publicize_message":"","jetpack_publicize_feature_enabled":true,"jetpack_social_post_already_shared":false,"jetpack_social_options":{"image_generator_settings":{"template":"highway","default_image_id":0,"font":"","enabled":false},"version":2}},"categories":[3],"tags":[10143,2571,2615,1243,10120,10970,10121,782,5687,10480,10090,10147,10098,10305,10262,5742,5743],"class_list":["post-16968","post","type-post","status-publish","format-standard","has-post-thumbnail","hentry","category-dpc","tag-10143","tag-ef-16-35-mm-f28l-ii-usm","tag-eos-5d-mark-ii","tag-carre","tag-france","tag-hall","tag-ile-de-france","tag-jaune","tag-lobby","tag-miroir","tag-muse","tag-nuit","tag-paris","tag-porte","tag-reflet","tag-rue-lamarck","tag-uno"],"acf":[],"geo":{"latitude":48.8890343,"longitude":2.3430977,"description":"27 Rue Lamarck, 75018 Paris, France"},"jetpack_publicize_connections":[],"jetpack_featured_media_url":"https:\/\/www.wallendorff.com\/belogue\/wp-content\/uploads\/2015\/04\/201204191.jpg","jetpack_shortlink":"https:\/\/wp.me\/p3b35P-4pG","jetpack_sharing_enabled":true,"jetpack-related-posts":[{"id":17151,"url":"https:\/\/www.wallendorff.com\/belogue\/2012\/05\/02\/1er-mai\/","url_meta":{"origin":16968,"position":0},"title":"1er mai.","author":"dpc","date":"2 mai 2012","format":false,"excerpt":"Rue Lamarck, Paris. Charli XCX \u2013 I'll Never Know [youtube]http:\/\/www.youtube.com\/watch?v=xBmQ9ZReJ_Q[\/youtube]","rel":"","context":"Dans &quot;DPC&quot;","block_context":{"text":"DPC","link":"https:\/\/www.wallendorff.com\/belogue\/category\/dpc\/"},"img":{"alt_text":"","src":"https:\/\/i0.wp.com\/www.wallendorff.com\/belogue\/wp-content\/uploads\/2015\/04\/201205021.jpg?resize=350%2C200&ssl=1","width":350,"height":200},"classes":[]},{"id":17338,"url":"https:\/\/www.wallendorff.com\/belogue\/2012\/05\/19\/heurs-bleus\/","url_meta":{"origin":16968,"position":1},"title":"Heurs bleus","author":"dpc","date":"19 mai 2012","format":false,"excerpt":"Rue Lamarck, Paris, 4 avril. J'ai un truc avec les fen\u00eatres allum\u00e9es au cr\u00e9puscule. Eddie Vedder \u2013 The Canyon [youtube]http:\/\/www.youtube.com\/watch?v=BfjZ_6oSiJs[\/youtube]","rel":"","context":"Dans &quot;DPC&quot;","block_context":{"text":"DPC","link":"https:\/\/www.wallendorff.com\/belogue\/category\/dpc\/"},"img":{"alt_text":"","src":"https:\/\/i0.wp.com\/www.wallendorff.com\/belogue\/wp-content\/uploads\/2015\/04\/201205181.jpg?resize=350%2C200&ssl=1","width":350,"height":200,"srcset":"https:\/\/i0.wp.com\/www.wallendorff.com\/belogue\/wp-content\/uploads\/2015\/04\/201205181.jpg?resize=350%2C200&ssl=1 1x, https:\/\/i0.wp.com\/www.wallendorff.com\/belogue\/wp-content\/uploads\/2015\/04\/201205181.jpg?resize=525%2C300&ssl=1 1.5x"},"classes":[]},{"id":20557,"url":"https:\/\/www.wallendorff.com\/belogue\/2013\/03\/07\/branches-comme-neige\/","url_meta":{"origin":16968,"position":2},"title":"Branches comme neige.","author":"dpc","date":"7 mars 2013","format":false,"excerpt":"Rue Lamarck, Paris, 19 janvier. ReturningBlack Rebel Motorcycle Club","rel":"","context":"Dans &quot;DPC&quot;","block_context":{"text":"DPC","link":"https:\/\/www.wallendorff.com\/belogue\/category\/dpc\/"},"img":{"alt_text":"","src":"https:\/\/i0.wp.com\/www.wallendorff.com\/belogue\/wp-content\/uploads\/2015\/04\/20130307.jpg?resize=350%2C200&ssl=1","width":350,"height":200},"classes":[]},{"id":53387,"url":"https:\/\/www.wallendorff.com\/belogue\/2022\/10\/26\/muse-bandit-bandit-salle-pleyel-paris-25-octobre-2022\/","url_meta":{"origin":16968,"position":3},"title":"Muse + Bandit Bandit @ salle Pleyel, Paris, 25 octobre 2022.","author":"dpc","date":"26 octobre 2022","format":false,"excerpt":"Bandit Bandit Muse","rel":"","context":"Dans &quot;Alive&quot;","block_context":{"text":"Alive","link":"https:\/\/www.wallendorff.com\/belogue\/category\/alive\/"},"img":{"alt_text":"","src":"https:\/\/i0.wp.com\/www.wallendorff.com\/belogue\/wp-content\/uploads\/2022\/10\/20221026-19.jpg?resize=350%2C200&ssl=1","width":350,"height":200,"srcset":"https:\/\/i0.wp.com\/www.wallendorff.com\/belogue\/wp-content\/uploads\/2022\/10\/20221026-19.jpg?resize=350%2C200&ssl=1 1x, https:\/\/i0.wp.com\/www.wallendorff.com\/belogue\/wp-content\/uploads\/2022\/10\/20221026-19.jpg?resize=525%2C300&ssl=1 1.5x, https:\/\/i0.wp.com\/www.wallendorff.com\/belogue\/wp-content\/uploads\/2022\/10\/20221026-19.jpg?resize=700%2C400&ssl=1 2x, https:\/\/i0.wp.com\/www.wallendorff.com\/belogue\/wp-content\/uploads\/2022\/10\/20221026-19.jpg?resize=1050%2C600&ssl=1 3x"},"classes":[]},{"id":46270,"url":"https:\/\/www.wallendorff.com\/belogue\/2020\/07\/23\/8-ans-de-paleo-festival-2016\/","url_meta":{"origin":16968,"position":4},"title":"8 ans de Pal\u00e9o Festival : 2016","author":"dpc","date":"23 juillet 2020","format":false,"excerpt":"","rel":"","context":"Dans &quot;Alive&quot;","block_context":{"text":"Alive","link":"https:\/\/www.wallendorff.com\/belogue\/category\/alive\/"},"img":{"alt_text":"","src":"https:\/\/i0.wp.com\/www.wallendorff.com\/belogue\/wp-content\/uploads\/2020\/07\/20200723-04.jpg?resize=350%2C200&ssl=1","width":350,"height":200,"srcset":"https:\/\/i0.wp.com\/www.wallendorff.com\/belogue\/wp-content\/uploads\/2020\/07\/20200723-04.jpg?resize=350%2C200&ssl=1 1x, https:\/\/i0.wp.com\/www.wallendorff.com\/belogue\/wp-content\/uploads\/2020\/07\/20200723-04.jpg?resize=525%2C300&ssl=1 1.5x, https:\/\/i0.wp.com\/www.wallendorff.com\/belogue\/wp-content\/uploads\/2020\/07\/20200723-04.jpg?resize=700%2C400&ssl=1 2x, https:\/\/i0.wp.com\/www.wallendorff.com\/belogue\/wp-content\/uploads\/2020\/07\/20200723-04.jpg?resize=1050%2C600&ssl=1 3x"},"classes":[]},{"id":19335,"url":"https:\/\/www.wallendorff.com\/belogue\/2012\/10\/19\/muse-the-joy-formidable-palais-omnisports-de-paris-bercy\/","url_meta":{"origin":16968,"position":5},"title":"Muse + The Joy Formidable @ Palais omnisports de Paris-Bercy.","author":"dpc","date":"19 octobre 2012","format":false,"excerpt":"The 2nd Law: Unsustainable | Supremacy | Map of the Problematique | Supermassive Black Hole | Resistance | Panic Station | Animals \/ Monty Jam | Explorers | Falling Down | Host | Time Is Running Out | Liquid State | Madness | Follow Me | Undisclosed Desires | Plug\u2026","rel":"","context":"Dans &quot;Alive&quot;","block_context":{"text":"Alive","link":"https:\/\/www.wallendorff.com\/belogue\/category\/alive\/"},"img":{"alt_text":"","src":"https:\/\/i0.wp.com\/www.wallendorff.com\/belogue\/wp-content\/uploads\/2015\/04\/201210191.jpg?resize=350%2C200&ssl=1","width":350,"height":200,"srcset":"https:\/\/i0.wp.com\/www.wallendorff.com\/belogue\/wp-content\/uploads\/2015\/04\/201210191.jpg?resize=350%2C200&ssl=1 1x, https:\/\/i0.wp.com\/www.wallendorff.com\/belogue\/wp-content\/uploads\/2015\/04\/201210191.jpg?resize=525%2C300&ssl=1 1.5x, https:\/\/i0.wp.com\/www.wallendorff.com\/belogue\/wp-content\/uploads\/2015\/04\/201210191.jpg?resize=700%2C400&ssl=1 2x"},"classes":[]}],"_links":{"self":[{"href":"https:\/\/www.wallendorff.com\/belogue\/wp-json\/wp\/v2\/posts\/16968","targetHints":{"allow":["GET"]}}],"collection":[{"href":"https:\/\/www.wallendorff.com\/belogue\/wp-json\/wp\/v2\/posts"}],"about":[{"href":"https:\/\/www.wallendorff.com\/belogue\/wp-json\/wp\/v2\/types\/post"}],"author":[{"embeddable":true,"href":"https:\/\/www.wallendorff.com\/belogue\/wp-json\/wp\/v2\/users\/1"}],"replies":[{"embeddable":true,"href":"https:\/\/www.wallendorff.com\/belogue\/wp-json\/wp\/v2\/comments?post=16968"}],"version-history":[{"count":3,"href":"https:\/\/www.wallendorff.com\/belogue\/wp-json\/wp\/v2\/posts\/16968\/revisions"}],"predecessor-version":[{"id":16972,"href":"https:\/\/www.wallendorff.com\/belogue\/wp-json\/wp\/v2\/posts\/16968\/revisions\/16972"}],"wp:featuredmedia":[{"embeddable":true,"href":"https:\/\/www.wallendorff.com\/belogue\/wp-json\/wp\/v2\/media\/26314"}],"wp:attachment":[{"href":"https:\/\/www.wallendorff.com\/belogue\/wp-json\/wp\/v2\/media?parent=16968"}],"wp:term":[{"taxonomy":"category","embeddable":true,"href":"https:\/\/www.wallendorff.com\/belogue\/wp-json\/wp\/v2\/categories?post=16968"},{"taxonomy":"post_tag","embeddable":true,"href":"https:\/\/www.wallendorff.com\/belogue\/wp-json\/wp\/v2\/tags?post=16968"}],"curies":[{"name":"wp","href":"https:\/\/api.w.org\/{rel}","templated":true}]}}