{"id":16507,"date":"2012-03-23T13:33:01","date_gmt":"2012-03-23T11:33:01","guid":{"rendered":"http:\/\/www.po-L.com\/belogue\/?p=16507"},"modified":"2013-03-05T13:02:44","modified_gmt":"2013-03-05T11:02:44","slug":"la-tour-montparnasse-hivernale","status":"publish","type":"post","link":"https:\/\/www.wallendorff.com\/belogue\/2012\/03\/23\/la-tour-montparnasse-hivernale\/","title":{"rendered":"La tour Montparnasse hivernale."},"content":{"rendered":"\n<div id=\"photo\">\n<p><img decoding=\"async\" src=\"https:\/\/www.wallendorff.com\/belogue\/photo\/2012\/03\/20120323.jpg\"><br \/>\nParis, 5 f&eacute;vrier.<\/p>\n<\/p><\/div>\n<div id=\"bandeson\">\n<p><img decoding=\"async\" src=\"https:\/\/www.wallendorff.com\/belogue\/photo\/pochettes\/a\/air-talkie_walkie.jpg\" align=\"left\" \/><a href=\"http:\/\/www.intairnet.org\">Air<\/a> &ndash; <em>Alone in Kyoto<\/em><br \/>\n        [youtube]http:\/\/www.youtube.com\/watch?v=QJ4Pm0N8s78[\/youtube]<\/p>\n<\/p><\/div>\n","protected":false},"excerpt":{"rendered":"<p>Paris, 5 f&eacute;vrier. Air &ndash; Alone in Kyoto [youtube]http:\/\/www.youtube.com\/watch?v=QJ4Pm0N8s78[\/youtube]<\/p>\n","protected":false},"author":1,"featured_media":26306,"comment_status":"open","ping_status":"open","sticky":false,"template":"","format":"standard","meta":{"_acf_changed":false,"ngg_post_thumbnail":0,"jetpack_post_was_ever_published":false,"_jetpack_newsletter_access":"","_jetpack_dont_email_post_to_subs":false,"_jetpack_newsletter_tier_id":0,"_jetpack_memberships_contains_paywalled_content":false,"_jetpack_memberships_contains_paid_content":false,"footnotes":"","jetpack_publicize_message":"","jetpack_publicize_feature_enabled":true,"jetpack_social_post_already_shared":false,"jetpack_social_options":{"image_generator_settings":{"template":"highway","default_image_id":0,"font":"","enabled":false},"version":2}},"categories":[3],"tags":[10143,276,277,737,2615,10120,10121,10142,10211,2403,10098,7452,170,10596,1357],"class_list":["post-16507","post","type-post","status-publish","format-standard","has-post-thumbnail","hentry","category-dpc","tag-10143","tag-air","tag-alone-in-kyoto","tag-bleu","tag-eos-5d-mark-ii","tag-france","tag-ile-de-france","tag-montmartre","tag-neige","tag-panorama","tag-paris","tag-rue-du-cardinal-dubois","tag-sigma-70-300-mm-f4-56-dg-apo-macro","tag-toit","tag-tour-montparnasse"],"acf":[],"geo":{"latitude":48.8858757,"longitude":2.3431818,"description":"Rue du Cardinal Dubois, 75018 Paris, France"},"jetpack_publicize_connections":[],"jetpack_featured_media_url":"https:\/\/www.wallendorff.com\/belogue\/wp-content\/uploads\/2015\/04\/201203231.jpg","jetpack_shortlink":"https:\/\/wp.me\/p3b35P-4if","jetpack_sharing_enabled":true,"jetpack-related-posts":[{"id":130396,"url":"https:\/\/www.wallendorff.com\/belogue\/2024\/08\/22\/les-toits-moussent-que-terre\/","url_meta":{"origin":16507,"position":0},"title":"Les toits moussent que terre.","author":"dpc","date":"22 ao\u00fbt 2024","format":false,"excerpt":"Tour Montparnasse, Paris, 18 avril 2024. Merci \u00e0 Lala, Leffe\u00ae et Twinuts\u00ae.","rel":"","context":"Dans &quot;DPC&quot;","block_context":{"text":"DPC","link":"https:\/\/www.wallendorff.com\/belogue\/category\/dpc\/"},"img":{"alt_text":"","src":"https:\/\/i0.wp.com\/www.wallendorff.com\/belogue\/wp-content\/uploads\/2024\/08\/20240822-07.jpg?resize=350%2C200&ssl=1","width":350,"height":200,"srcset":"https:\/\/i0.wp.com\/www.wallendorff.com\/belogue\/wp-content\/uploads\/2024\/08\/20240822-07.jpg?resize=350%2C200&ssl=1 1x, https:\/\/i0.wp.com\/www.wallendorff.com\/belogue\/wp-content\/uploads\/2024\/08\/20240822-07.jpg?resize=525%2C300&ssl=1 1.5x, https:\/\/i0.wp.com\/www.wallendorff.com\/belogue\/wp-content\/uploads\/2024\/08\/20240822-07.jpg?resize=700%2C400&ssl=1 2x, https:\/\/i0.wp.com\/www.wallendorff.com\/belogue\/wp-content\/uploads\/2024\/08\/20240822-07.jpg?resize=1050%2C600&ssl=1 3x"},"classes":[]},{"id":249,"url":"https:\/\/www.wallendorff.com\/belogue\/2005\/12\/05\/ton-b-dans-l-o\/","url_meta":{"origin":16507,"position":1},"title":"Ton B dans l&rsquo;O.","author":"dpc","date":"5 d\u00e9cembre 2005","format":false,"excerpt":"Gare Montparnasse, Paris, 21 novembre. [Je tiens \u00e0 pr\u00e9ciser \u00e0 tous les freudiens en herbes qui passent par ici que la photo ci-dessus n'a aucune connotation sexuelle, et qu'\u00e0 ce titre elle peut \u00eatre mir\u00e9e par tous, m\u00eame les plus jeunes.] \u201cAll my innocence is wasted on the dead and\u2026","rel":"","context":"Dans &quot;DPC&quot;","block_context":{"text":"DPC","link":"https:\/\/www.wallendorff.com\/belogue\/category\/dpc\/"},"img":{"alt_text":"","src":"https:\/\/i0.wp.com\/www.wallendorff.com\/belogue\/wp-content\/uploads\/2015\/04\/200512051.jpg?resize=350%2C200&ssl=1","width":350,"height":200},"classes":[]},{"id":9606,"url":"https:\/\/www.wallendorff.com\/belogue\/2010\/10\/06\/debout-sur-lepaule-de-geants\/","url_meta":{"origin":16507,"position":2},"title":"Debout sur l&rsquo;\u00e9paule de g\u00e9ants.","author":"dpc","date":"6 octobre 2010","format":false,"excerpt":"5 ao\u00fbt. Hadn\u2019t climbed to the top of Montparnasse for years, since this night of June, when\u2026 Well, you know when. \u00a0Oasis \u2013 Gas Panic!","rel":"","context":"Dans &quot;DPC&quot;","block_context":{"text":"DPC","link":"https:\/\/www.wallendorff.com\/belogue\/category\/dpc\/"},"img":{"alt_text":"","src":"https:\/\/i0.wp.com\/www.wallendorff.com\/belogue\/wp-content\/uploads\/2015\/04\/201010061.jpg?resize=350%2C200&ssl=1","width":350,"height":200,"srcset":"https:\/\/i0.wp.com\/www.wallendorff.com\/belogue\/wp-content\/uploads\/2015\/04\/201010061.jpg?resize=350%2C200&ssl=1 1x, https:\/\/i0.wp.com\/www.wallendorff.com\/belogue\/wp-content\/uploads\/2015\/04\/201010061.jpg?resize=525%2C300&ssl=1 1.5x, https:\/\/i0.wp.com\/www.wallendorff.com\/belogue\/wp-content\/uploads\/2015\/04\/201010061.jpg?resize=700%2C400&ssl=1 2x"},"classes":[]},{"id":7835,"url":"https:\/\/www.wallendorff.com\/belogue\/2010\/07\/12\/le-preux-type-haut-nomme-en-morse\/","url_meta":{"origin":16507,"position":3},"title":"Le preux type haut nomme en morse.","author":"dpc","date":"12 juillet 2010","format":false,"excerpt":"Montparnasse, Paris, 5 juin. Manquent qu'un M, un C et un A et on aura une mortelle id\u00e9e de pochette, dis donc. \u00a0The Acorn \u2013 No Ghost","rel":"","context":"Dans &quot;DPC&quot;","block_context":{"text":"DPC","link":"https:\/\/www.wallendorff.com\/belogue\/category\/dpc\/"},"img":{"alt_text":"","src":"https:\/\/i0.wp.com\/www.wallendorff.com\/belogue\/wp-content\/uploads\/2015\/04\/201007121.jpg?resize=350%2C200&ssl=1","width":350,"height":200},"classes":[]},{"id":248,"url":"https:\/\/www.wallendorff.com\/belogue\/2005\/12\/06\/metro-n-homme\/","url_meta":{"origin":16507,"position":4},"title":"M&eacute;tro n&rsquo;homme.","author":"dpc","date":"6 d\u00e9cembre 2005","format":false,"excerpt":"Gare Montparnasse, Paris, 21 novembre. [\u00c0 part \u00e7a, pour changer, toujours rien.] [Ah, si\u00a0: Joyeuse St-Nicolas.] \u00a0Saturday Looks Good to Me \u2014 Diary","rel":"","context":"Dans &quot;DPC&quot;","block_context":{"text":"DPC","link":"https:\/\/www.wallendorff.com\/belogue\/category\/dpc\/"},"img":{"alt_text":"","src":"https:\/\/i0.wp.com\/www.wallendorff.com\/belogue\/wp-content\/uploads\/2015\/04\/200512061.jpg?resize=350%2C200&ssl=1","width":350,"height":200},"classes":[]},{"id":9601,"url":"https:\/\/www.wallendorff.com\/belogue\/2010\/10\/05\/pis-a-prismes-22\/","url_meta":{"origin":16507,"position":5},"title":"Pis \u00e0 prismes #22.","author":"dpc","date":"5 octobre 2010","format":false,"excerpt":"5 ao\u00fbt. \u00a0The Libertines \u2013 France","rel":"","context":"Dans &quot;Pis \u00e0 prismes&quot;","block_context":{"text":"Pis \u00e0 prismes","link":"https:\/\/www.wallendorff.com\/belogue\/category\/pis-a-prismes\/"},"img":{"alt_text":"","src":"https:\/\/i0.wp.com\/www.wallendorff.com\/belogue\/wp-content\/uploads\/2015\/04\/201010051.jpg?resize=350%2C200&ssl=1","width":350,"height":200},"classes":[]}],"_links":{"self":[{"href":"https:\/\/www.wallendorff.com\/belogue\/wp-json\/wp\/v2\/posts\/16507","targetHints":{"allow":["GET"]}}],"collection":[{"href":"https:\/\/www.wallendorff.com\/belogue\/wp-json\/wp\/v2\/posts"}],"about":[{"href":"https:\/\/www.wallendorff.com\/belogue\/wp-json\/wp\/v2\/types\/post"}],"author":[{"embeddable":true,"href":"https:\/\/www.wallendorff.com\/belogue\/wp-json\/wp\/v2\/users\/1"}],"replies":[{"embeddable":true,"href":"https:\/\/www.wallendorff.com\/belogue\/wp-json\/wp\/v2\/comments?post=16507"}],"version-history":[{"count":8,"href":"https:\/\/www.wallendorff.com\/belogue\/wp-json\/wp\/v2\/posts\/16507\/revisions"}],"predecessor-version":[{"id":20549,"href":"https:\/\/www.wallendorff.com\/belogue\/wp-json\/wp\/v2\/posts\/16507\/revisions\/20549"}],"wp:featuredmedia":[{"embeddable":true,"href":"https:\/\/www.wallendorff.com\/belogue\/wp-json\/wp\/v2\/media\/26306"}],"wp:attachment":[{"href":"https:\/\/www.wallendorff.com\/belogue\/wp-json\/wp\/v2\/media?parent=16507"}],"wp:term":[{"taxonomy":"category","embeddable":true,"href":"https:\/\/www.wallendorff.com\/belogue\/wp-json\/wp\/v2\/categories?post=16507"},{"taxonomy":"post_tag","embeddable":true,"href":"https:\/\/www.wallendorff.com\/belogue\/wp-json\/wp\/v2\/tags?post=16507"}],"curies":[{"name":"wp","href":"https:\/\/api.w.org\/{rel}","templated":true}]}}