{"id":16487,"date":"2012-03-22T13:10:29","date_gmt":"2012-03-22T11:10:29","guid":{"rendered":"http:\/\/www.po-L.com\/belogue\/?p=16487"},"modified":"2012-03-22T13:12:12","modified_gmt":"2012-03-22T11:12:12","slug":"lucarnes-aval1","status":"publish","type":"post","link":"https:\/\/www.wallendorff.com\/belogue\/2012\/03\/22\/lucarnes-aval1\/","title":{"rendered":"Lucarnes aval<sup>1<\/sup>."},"content":{"rendered":"\n<div id=\"photo\">\n<p><img decoding=\"async\" src=\"https:\/\/www.wallendorff.com\/belogue\/photo\/2012\/03\/20120322.jpg\"><br \/>\nParvis des droits de l&rsquo;homme, Paris, 2 f&eacute;vrier.<\/p>\n<\/p><\/div>\n<p style=\"text-align:right\">&Ccedil;a se voit pas dessus, mais j&rsquo;avais pas eu aussi froid en prenant une photo depuis <a href=\"https:\/\/www.wallendorff.com\/belogue\/2005\/01\/24\/marcher-au-bus\/\">les bus de Macomb<\/a>.<\/p>\n<p>Et puisqu&rsquo;il faut bien le noter quelque part&nbsp;: cette nuit j&rsquo;ai r&ecirc;v&eacute; qu&rsquo;un bracelet mal&eacute;fique &ndash;&nbsp;du genre de celui qui pi&egrave;ge le gamin dans <em>La Momie 2<\/em>, j&rsquo;ai des r&eacute;f&eacute;rences moi monsieur&nbsp;&ndash; se greffait &agrave; une poutre de la Fl&egrave;che   d&rsquo;Or et que &ccedil;a rendait tout le b&acirc;timent mal&eacute;fique&nbsp;: tous les v&oelig;ux qu&rsquo;on y   formulait s&rsquo;y exau&ccedil;aient instantan&eacute;ment. Normalement c&rsquo;est plut&ocirc;t bien, les v&oelig;ux qui s&rsquo;exaucent, mais l&agrave; c&rsquo;&eacute;tait mal&eacute;fique, &ccedil;a faisait peur et je   sais pas pourquoi. Ou alors c&rsquo;&eacute;tait la peur inconsciente que quelqu&rsquo;un souhait&acirc;t par m&eacute;garde une nouvelle date fran&ccedil;aise de One Direction ou la reformations des Naasts.<\/p>\n<p>Quoi qu&rsquo;il en soit, nous avons tous pass&eacute; la nuit sur place et le matin, alors que tout le monde faisait la queue aux toilettes,   quelqu&rsquo;un a lanc&eacute; &laquo; bigre, &ccedil;a n&rsquo;avance pas, il faudrait au moins 50 chiottes dans cette   turne &raquo;.<\/p>\n<p style=\"text-align:right\">Je me suis r&eacute;veill&eacute; avant l&rsquo;arriv&eacute;e du plombier de secours. C&rsquo;est dommage.<\/p>\n<div id=\"bandeson\">\n<p><img decoding=\"async\" src=\"https:\/\/www.wallendorff.com\/belogue\/photo\/pochettes\/h\/hooverphonic-with_orchestra.jpg\" align=\"left\" \/><a href=\"http:\/\/www.hooverphonic.com\/\">Hooverphonic<\/a> &ndash; <em>Unfinished Sympathy<\/em> (Massive Attack cover)<sup>2<\/sup><br \/>\n        [youtube]http:\/\/www.youtube.com\/watch?v=xzmtpTUnh_g[\/youtube]<\/p>\n<\/p><\/div>\n<div id=\"bas_note\">\n<p>_____ <\/p>\n<p>1. Ce calembour est vraiment plein d&rsquo;esprit.<\/p>\n<p>2. Pas trouv&eacute; la version studio, d&rsquo;o&ugrave; celle-l&agrave;  quasiment identique chez Radio Een et son exotique introduction.<\/p>\n<\/p><\/div>\n","protected":false},"excerpt":{"rendered":"<p>Parvis des droits de l&rsquo;homme, Paris, 2 f&eacute;vrier. &Ccedil;a se voit pas dessus, mais j&rsquo;avais pas eu aussi froid en prenant une photo depuis les bus de Macomb. Et puisqu&rsquo;il faut bien le noter quelque part&nbsp;: cette nuit j&rsquo;ai r&ecirc;v&eacute; qu&rsquo;un bracelet mal&eacute;fique &ndash;&nbsp;du genre de celui qui pi&egrave;ge le gamin dans La Momie 2,&hellip;<\/p>\n","protected":false},"author":1,"featured_media":25989,"comment_status":"open","ping_status":"open","sticky":false,"template":"","format":"standard","meta":{"_acf_changed":false,"ngg_post_thumbnail":0,"jetpack_post_was_ever_published":false,"_jetpack_newsletter_access":"","_jetpack_dont_email_post_to_subs":false,"_jetpack_newsletter_tier_id":0,"_jetpack_memberships_contains_paywalled_content":false,"_jetpack_memberships_contains_paid_content":false,"footnotes":"","jetpack_publicize_message":"","jetpack_publicize_feature_enabled":true,"jetpack_social_post_already_shared":false,"jetpack_social_options":{"image_generator_settings":{"template":"highway","default_image_id":0,"font":"","enabled":false},"version":2}},"categories":[3],"tags":[10372,2571,2615,10630,10307,10120,419,10121,10168,10147,10098,5664,10262,10227,500],"class_list":["post-16487","post","type-post","status-publish","format-standard","has-post-thumbnail","hentry","category-dpc","tag-10372","tag-ef-16-35-mm-f28l-ii-usm","tag-eos-5d-mark-ii","tag-carrelage","tag-fenetre","tag-france","tag-hooverphonic","tag-ile-de-france","tag-massive-attack","tag-nuit","tag-paris","tag-parvis-des-droits-de-lhomme","tag-reflet","tag-statue","tag-unfinished-sympathy"],"acf":[],"geo":{"latitude":48.8623619,"longitude":2.2880986,"description":"Paris 16 Passy, \u00cele-de-France, 75179 CEDEX 16, FR"},"jetpack_publicize_connections":[],"jetpack_featured_media_url":"https:\/\/www.wallendorff.com\/belogue\/wp-content\/uploads\/2015\/04\/201203221.jpg","jetpack_shortlink":"https:\/\/wp.me\/p3b35P-4hV","jetpack_sharing_enabled":true,"jetpack-related-posts":[{"id":47836,"url":"https:\/\/www.wallendorff.com\/belogue\/2021\/02\/15\/tot-cadero-ii\/","url_meta":{"origin":16487,"position":0},"title":"T\u00f4t-cad\u00e9ro [II].","author":"dpc","date":"15 f\u00e9vrier 2021","format":false,"excerpt":"Parvis des Droits-de-l'Homme, Paris, 7 novembre 2020. Chubby Checker Muzz","rel":"","context":"Dans &quot;Into the wide&quot;","block_context":{"text":"Into the wide","link":"https:\/\/www.wallendorff.com\/belogue\/category\/into-the-wide\/"},"img":{"alt_text":"","src":"https:\/\/i0.wp.com\/www.wallendorff.com\/belogue\/wp-content\/uploads\/2021\/02\/20210215.jpg?resize=350%2C200&ssl=1","width":350,"height":200,"srcset":"https:\/\/i0.wp.com\/www.wallendorff.com\/belogue\/wp-content\/uploads\/2021\/02\/20210215.jpg?resize=350%2C200&ssl=1 1x, https:\/\/i0.wp.com\/www.wallendorff.com\/belogue\/wp-content\/uploads\/2021\/02\/20210215.jpg?resize=525%2C300&ssl=1 1.5x, https:\/\/i0.wp.com\/www.wallendorff.com\/belogue\/wp-content\/uploads\/2021\/02\/20210215.jpg?resize=700%2C400&ssl=1 2x, https:\/\/i0.wp.com\/www.wallendorff.com\/belogue\/wp-content\/uploads\/2021\/02\/20210215.jpg?resize=1050%2C600&ssl=1 3x"},"classes":[]},{"id":194,"url":"https:\/\/www.wallendorff.com\/belogue\/2006\/01\/03\/touvinta-point-jackie-c-est-ta-tante\/","url_meta":{"origin":16487,"position":1},"title":"Touv&icirc;nta&sup1; point. [Jackie c&rsquo;est ta tendre].","author":"dpc","date":"3 janvier 2006","format":false,"excerpt":"Parvis Notre-Dame \u2013 place Jean-Paul-II, Paris, 2 janvier, 19h07. Ben finalement, j'ai r\u00e9ussi \u00e0 la faire, ma photo de No\u00ebl-sapin-hiver-[et presque]neige. Comme quoi fallait pas d\u00e9sesp\u00e9rer. Je d\u00e9die donc cette photo \u00e0 Miss Dauilles 2005 ainsi qu'\u00e0 la plus dou\u00e9e des litt\u00e9raires mickeyphiles de Paris. Comme \u00e7a. [Et la bande-son\u2026","rel":"","context":"Dans &quot;DPC&quot;","block_context":{"text":"DPC","link":"https:\/\/www.wallendorff.com\/belogue\/category\/dpc\/"},"img":{"alt_text":"","src":"https:\/\/i0.wp.com\/www.wallendorff.com\/belogue\/wp-content\/uploads\/2015\/04\/200601031.jpg?resize=350%2C200&ssl=1","width":350,"height":200},"classes":[]},{"id":47805,"url":"https:\/\/www.wallendorff.com\/belogue\/2021\/02\/14\/tot-cadero-i\/","url_meta":{"origin":16487,"position":2},"title":"T\u00f4t-cad\u00e9ro [I].","author":"dpc","date":"14 f\u00e9vrier 2021","format":false,"excerpt":"Parvis des Droits-de-l'Homme, Paris, 7 novembre 2020. Let's Go Out (bedroom version) Alex Lahey","rel":"","context":"Dans &quot;DPC&quot;","block_context":{"text":"DPC","link":"https:\/\/www.wallendorff.com\/belogue\/category\/dpc\/"},"img":{"alt_text":"","src":"https:\/\/i0.wp.com\/www.wallendorff.com\/belogue\/wp-content\/uploads\/2021\/02\/20210214.jpg?resize=350%2C200&ssl=1","width":350,"height":200,"srcset":"https:\/\/i0.wp.com\/www.wallendorff.com\/belogue\/wp-content\/uploads\/2021\/02\/20210214.jpg?resize=350%2C200&ssl=1 1x, https:\/\/i0.wp.com\/www.wallendorff.com\/belogue\/wp-content\/uploads\/2021\/02\/20210214.jpg?resize=525%2C300&ssl=1 1.5x, https:\/\/i0.wp.com\/www.wallendorff.com\/belogue\/wp-content\/uploads\/2021\/02\/20210214.jpg?resize=700%2C400&ssl=1 2x, https:\/\/i0.wp.com\/www.wallendorff.com\/belogue\/wp-content\/uploads\/2021\/02\/20210214.jpg?resize=1050%2C600&ssl=1 3x"},"classes":[]},{"id":241,"url":"https:\/\/www.wallendorff.com\/belogue\/2005\/12\/13\/des-heures-donnees\/","url_meta":{"origin":16487,"position":3},"title":"Des heures donn&eacute;es&sup1;.","author":"dpc","date":"13 d\u00e9cembre 2005","format":false,"excerpt":"Sleepless in Cit\u00e92, Paris, 02 d\u00e9cembre 2005, 08h05. Et apr\u00e8s tout ces \u00e9crits, Il n'y a plus qu'\u00e0 finir au lit. \u00a0Placebo \u2013 Running Up That Hill (Kate Bush cover) _____ 1 Ils vont finir par le voir, les gens, que j'ai la flemme du titre en ce moment. 2\u2026","rel":"","context":"Dans &quot;DPC&quot;","block_context":{"text":"DPC","link":"https:\/\/www.wallendorff.com\/belogue\/category\/dpc\/"},"img":{"alt_text":"","src":"https:\/\/i0.wp.com\/www.wallendorff.com\/belogue\/wp-content\/uploads\/2015\/04\/200512131.jpg?resize=350%2C200&ssl=1","width":350,"height":200,"srcset":"https:\/\/i0.wp.com\/www.wallendorff.com\/belogue\/wp-content\/uploads\/2015\/04\/200512131.jpg?resize=350%2C200&ssl=1 1x, https:\/\/i0.wp.com\/www.wallendorff.com\/belogue\/wp-content\/uploads\/2015\/04\/200512131.jpg?resize=525%2C300&ssl=1 1.5x, https:\/\/i0.wp.com\/www.wallendorff.com\/belogue\/wp-content\/uploads\/2015\/04\/200512131.jpg?resize=700%2C400&ssl=1 2x"},"classes":[]},{"id":9582,"url":"https:\/\/www.wallendorff.com\/belogue\/2010\/09\/29\/olof-arnalds-salon-musical-saint-eustache-paris\/","url_meta":{"origin":16487,"position":4},"title":"\u00d3l\u00f6f Arnalds @ Salon musical Saint-Eustache, Paris.","author":"dpc","date":"29 septembre 2010","format":false,"excerpt":"J'avais d\u00e9j\u00e0 fait des photos d'artiste acoustique qui joue pas fort avec toute la salle qui se retourne vers toi en faisant les gros yeux d\u00e8s que tu d\u00e9clenches, mais avec un plancher qui GRINCE en bonus, \u00e7a non. Ah ah. Pour survivre dans ce genre de milieu hostile, il\u2026","rel":"","context":"Dans &quot;Alive&quot;","block_context":{"text":"Alive","link":"https:\/\/www.wallendorff.com\/belogue\/category\/alive\/"},"img":{"alt_text":"","src":"https:\/\/i0.wp.com\/www.wallendorff.com\/belogue\/wp-content\/uploads\/2015\/04\/201009291.jpg?resize=350%2C200&ssl=1","width":350,"height":200,"srcset":"https:\/\/i0.wp.com\/www.wallendorff.com\/belogue\/wp-content\/uploads\/2015\/04\/201009291.jpg?resize=350%2C200&ssl=1 1x, https:\/\/i0.wp.com\/www.wallendorff.com\/belogue\/wp-content\/uploads\/2015\/04\/201009291.jpg?resize=525%2C300&ssl=1 1.5x, https:\/\/i0.wp.com\/www.wallendorff.com\/belogue\/wp-content\/uploads\/2015\/04\/201009291.jpg?resize=700%2C400&ssl=1 2x"},"classes":[]},{"id":127713,"url":"https:\/\/www.wallendorff.com\/belogue\/2024\/04\/15\/suivre-la-fleche-2-3-resistance\/","url_meta":{"origin":16487,"position":5},"title":"Suivre la fl\u00e8che [2\/3] : R\u00e9sistance.","author":"dpc","date":"15 avril 2024","format":false,"excerpt":"J\u2019ai \u00e9t\u00e9 inform\u00e9 de l\u2019incendie en arrivant chez moi. 5 minutes plus tard, je sautais dans le RER, direction Pont Marie1.En me frayant un passage \u00e0 travers la foule silencieuse, mass\u00e9e \u00e0 la fronti\u00e8re du bouclage de la police, je d\u00e9couvre le trou b\u00e9ant. La fl\u00e8che s\u2019est \u00e9croul\u00e9e pendant mon\u2026","rel":"","context":"Dans &quot;DPC&quot;","block_context":{"text":"DPC","link":"https:\/\/www.wallendorff.com\/belogue\/category\/dpc\/"},"img":{"alt_text":"","src":"https:\/\/i0.wp.com\/www.wallendorff.com\/belogue\/wp-content\/uploads\/2024\/04\/20240415-12.jpg?resize=350%2C200&ssl=1","width":350,"height":200,"srcset":"https:\/\/i0.wp.com\/www.wallendorff.com\/belogue\/wp-content\/uploads\/2024\/04\/20240415-12.jpg?resize=350%2C200&ssl=1 1x, https:\/\/i0.wp.com\/www.wallendorff.com\/belogue\/wp-content\/uploads\/2024\/04\/20240415-12.jpg?resize=525%2C300&ssl=1 1.5x, https:\/\/i0.wp.com\/www.wallendorff.com\/belogue\/wp-content\/uploads\/2024\/04\/20240415-12.jpg?resize=700%2C400&ssl=1 2x, https:\/\/i0.wp.com\/www.wallendorff.com\/belogue\/wp-content\/uploads\/2024\/04\/20240415-12.jpg?resize=1050%2C600&ssl=1 3x"},"classes":[]}],"_links":{"self":[{"href":"https:\/\/www.wallendorff.com\/belogue\/wp-json\/wp\/v2\/posts\/16487","targetHints":{"allow":["GET"]}}],"collection":[{"href":"https:\/\/www.wallendorff.com\/belogue\/wp-json\/wp\/v2\/posts"}],"about":[{"href":"https:\/\/www.wallendorff.com\/belogue\/wp-json\/wp\/v2\/types\/post"}],"author":[{"embeddable":true,"href":"https:\/\/www.wallendorff.com\/belogue\/wp-json\/wp\/v2\/users\/1"}],"replies":[{"embeddable":true,"href":"https:\/\/www.wallendorff.com\/belogue\/wp-json\/wp\/v2\/comments?post=16487"}],"version-history":[{"count":5,"href":"https:\/\/www.wallendorff.com\/belogue\/wp-json\/wp\/v2\/posts\/16487\/revisions"}],"predecessor-version":[{"id":16491,"href":"https:\/\/www.wallendorff.com\/belogue\/wp-json\/wp\/v2\/posts\/16487\/revisions\/16491"}],"wp:featuredmedia":[{"embeddable":true,"href":"https:\/\/www.wallendorff.com\/belogue\/wp-json\/wp\/v2\/media\/25989"}],"wp:attachment":[{"href":"https:\/\/www.wallendorff.com\/belogue\/wp-json\/wp\/v2\/media?parent=16487"}],"wp:term":[{"taxonomy":"category","embeddable":true,"href":"https:\/\/www.wallendorff.com\/belogue\/wp-json\/wp\/v2\/categories?post=16487"},{"taxonomy":"post_tag","embeddable":true,"href":"https:\/\/www.wallendorff.com\/belogue\/wp-json\/wp\/v2\/tags?post=16487"}],"curies":[{"name":"wp","href":"https:\/\/api.w.org\/{rel}","templated":true}]}}