{"id":16439,"date":"2012-03-19T16:22:26","date_gmt":"2012-03-19T14:22:26","guid":{"rendered":"http:\/\/www.po-L.com\/belogue\/?p=16439"},"modified":"2012-04-16T11:47:25","modified_gmt":"2012-04-16T09:47:25","slug":"the-jezabels-great-mountain-fire-le-point-ephemere-paris-16-mars","status":"publish","type":"post","link":"https:\/\/www.wallendorff.com\/belogue\/2012\/03\/19\/the-jezabels-great-mountain-fire-le-point-ephemere-paris-16-mars\/","title":{"rendered":"The Jezabels + Great Mountain Fire @ le Point \u00c9ph\u00e9m\u00e8re, Paris, 16 mars."},"content":{"rendered":"\n<div id=\"photo\">\n<p><img decoding=\"async\" src=\"https:\/\/www.wallendorff.com\/belogue\/photo\/2012\/03\/20120319.jpg\"><\/p>\n<\/p><\/div>\n<div id=\"bandeson\">\n<p><img decoding=\"async\" src=\"https:\/\/www.wallendorff.com\/belogue\/photo\/pochettes\/j\/jezabels_the-prisoner.jpg\" align=\"left\" \/><a href=\"http:\/\/www.thejezabels.com\/\">The Jezabels<\/a> &ndash; <em>Endless Summer<\/em><br \/>\n        [youtube]http:\/\/www.youtube.com\/watch?v=BWMmvO7LgWE[\/youtube]<\/p>\n<\/p><\/div>\n<h1>Great Mountain Fire<\/h1>ngg_shortcode_0_placeholder<h1>The Jezabels<\/h1>ngg_shortcode_1_placeholder","protected":false},"excerpt":{"rendered":"<p>The Jezabels &ndash; Endless Summer [youtube]http:\/\/www.youtube.com\/watch?v=BWMmvO7LgWE[\/youtube] Great Mountain Fire The Jezabels<\/p>\n","protected":false},"author":1,"featured_media":26002,"comment_status":"open","ping_status":"open","sticky":false,"template":"","format":"standard","meta":{"_acf_changed":false,"ngg_post_thumbnail":0,"jetpack_post_was_ever_published":false,"_jetpack_newsletter_access":"","_jetpack_dont_email_post_to_subs":false,"_jetpack_newsletter_tier_id":0,"_jetpack_memberships_contains_paywalled_content":false,"_jetpack_memberships_contains_paid_content":false,"footnotes":"","jetpack_publicize_message":"","jetpack_publicize_feature_enabled":true,"jetpack_social_post_already_shared":false,"jetpack_social_options":{"image_generator_settings":{"template":"highway","default_image_id":0,"font":"","enabled":false},"version":2}},"categories":[7],"tags":[10951,10267,10084,196,2615,5658,10120,11008,10121,10302,143,10098,11009],"class_list":["post-16439","post","type-post","status-publish","format-standard","has-post-thumbnail","hentry","category-alive","tag-10951","tag-10267","tag-alive","tag-ef-28-70-mm-f28l-usm","tag-eos-5d-mark-ii","tag-endless-summer","tag-france","tag-great-mountain-fire","tag-ile-de-france","tag-le-point-ephemere","tag-noir-et-blanc","tag-paris","tag-the-jezabels"],"acf":[],"geo":{"latitude":48.8815308,"longitude":2.3685622,"description":"Quai de Valmy, 75010 Paris, France"},"jetpack_publicize_connections":[],"jetpack_featured_media_url":"https:\/\/www.wallendorff.com\/belogue\/wp-content\/uploads\/2015\/04\/201203191.jpg","jetpack_shortlink":"https:\/\/wp.me\/p3b35P-4h9","jetpack_sharing_enabled":true,"jetpack-related-posts":[{"id":3554,"url":"https:\/\/www.wallendorff.com\/belogue\/2008\/11\/04\/no-age-le-point-ephemere-paris-1er-novembre\/","url_meta":{"origin":16439,"position":0},"title":"No Age @ le Point \u00c9ph\u00e9m\u00e8re, Paris, 1er novembre.","author":"dpc","date":"4 novembre 2008","format":false,"excerpt":"The Mooney Suzuki \u2013 Half of my Heart (live) [Gallery=13]","rel":"","context":"Dans &quot;Alive&quot;","block_context":{"text":"Alive","link":"https:\/\/www.wallendorff.com\/belogue\/category\/alive\/"},"img":{"alt_text":"","src":"https:\/\/i0.wp.com\/www.wallendorff.com\/belogue\/wp-content\/uploads\/2015\/04\/200811041.jpg?resize=350%2C200&ssl=1","width":350,"height":200,"srcset":"https:\/\/i0.wp.com\/www.wallendorff.com\/belogue\/wp-content\/uploads\/2015\/04\/200811041.jpg?resize=350%2C200&ssl=1 1x, https:\/\/i0.wp.com\/www.wallendorff.com\/belogue\/wp-content\/uploads\/2015\/04\/200811041.jpg?resize=525%2C300&ssl=1 1.5x, https:\/\/i0.wp.com\/www.wallendorff.com\/belogue\/wp-content\/uploads\/2015\/04\/200811041.jpg?resize=700%2C400&ssl=1 2x"},"classes":[]},{"id":20635,"url":"https:\/\/www.wallendorff.com\/belogue\/2013\/03\/17\/the-men-le-point-ephemere-paris-14-mars\/","url_meta":{"origin":16439,"position":1},"title":"The Men @ le Point \u00c9ph\u00e9m\u00e8re, Paris, 14 mars.","author":"dpc","date":"17 mars 2013","format":false,"excerpt":"ElectricThe Men \u00a0","rel":"","context":"Dans &quot;Alive&quot;","block_context":{"text":"Alive","link":"https:\/\/www.wallendorff.com\/belogue\/category\/alive\/"},"img":{"alt_text":"","src":"https:\/\/i0.wp.com\/www.wallendorff.com\/belogue\/wp-content\/uploads\/2015\/04\/20130317.jpg?resize=350%2C200&ssl=1","width":350,"height":200,"srcset":"https:\/\/i0.wp.com\/www.wallendorff.com\/belogue\/wp-content\/uploads\/2015\/04\/20130317.jpg?resize=350%2C200&ssl=1 1x, https:\/\/i0.wp.com\/www.wallendorff.com\/belogue\/wp-content\/uploads\/2015\/04\/20130317.jpg?resize=525%2C300&ssl=1 1.5x, https:\/\/i0.wp.com\/www.wallendorff.com\/belogue\/wp-content\/uploads\/2015\/04\/20130317.jpg?resize=700%2C400&ssl=1 2x"},"classes":[]},{"id":20405,"url":"https:\/\/www.wallendorff.com\/belogue\/2013\/02\/08\/metz-le-point-ephemere-paris\/","url_meta":{"origin":16439,"position":2},"title":"METZ @ le Point \u00c9ph\u00e9m\u00e8re, Paris.","author":"dpc","date":"8 f\u00e9vrier 2013","format":false,"excerpt":"Ces gens sont fous. Headache METZ \u00a0","rel":"","context":"Dans &quot;Alive&quot;","block_context":{"text":"Alive","link":"https:\/\/www.wallendorff.com\/belogue\/category\/alive\/"},"img":{"alt_text":"","src":"https:\/\/i0.wp.com\/www.wallendorff.com\/belogue\/wp-content\/uploads\/2015\/04\/20130208.jpg?resize=350%2C200&ssl=1","width":350,"height":200,"srcset":"https:\/\/i0.wp.com\/www.wallendorff.com\/belogue\/wp-content\/uploads\/2015\/04\/20130208.jpg?resize=350%2C200&ssl=1 1x, https:\/\/i0.wp.com\/www.wallendorff.com\/belogue\/wp-content\/uploads\/2015\/04\/20130208.jpg?resize=525%2C300&ssl=1 1.5x, https:\/\/i0.wp.com\/www.wallendorff.com\/belogue\/wp-content\/uploads\/2015\/04\/20130208.jpg?resize=700%2C400&ssl=1 2x"},"classes":[]},{"id":32365,"url":"https:\/\/www.wallendorff.com\/belogue\/2016\/09\/30\/moi-je-le-point-ephemere-paris\/","url_meta":{"origin":16439,"position":3},"title":"Moi Je @ le Point \u00c9ph\u00e9m\u00e8re, Paris.","author":"dpc","date":"30 septembre 2016","format":false,"excerpt":"","rel":"","context":"Dans &quot;Alive&quot;","block_context":{"text":"Alive","link":"https:\/\/www.wallendorff.com\/belogue\/category\/alive\/"},"img":{"alt_text":"","src":"https:\/\/i0.wp.com\/www.wallendorff.com\/belogue\/wp-content\/uploads\/2016\/10\/20160930-05.jpg?resize=350%2C200&ssl=1","width":350,"height":200,"srcset":"https:\/\/i0.wp.com\/www.wallendorff.com\/belogue\/wp-content\/uploads\/2016\/10\/20160930-05.jpg?resize=350%2C200&ssl=1 1x, https:\/\/i0.wp.com\/www.wallendorff.com\/belogue\/wp-content\/uploads\/2016\/10\/20160930-05.jpg?resize=525%2C300&ssl=1 1.5x, https:\/\/i0.wp.com\/www.wallendorff.com\/belogue\/wp-content\/uploads\/2016\/10\/20160930-05.jpg?resize=700%2C400&ssl=1 2x"},"classes":[]},{"id":928,"url":"https:\/\/www.wallendorff.com\/belogue\/2007\/04\/05\/sharko-le-point-ephemere-paris\/","url_meta":{"origin":16439,"position":4},"title":"Sharko @ le Point \u00c9ph\u00e9m\u00e8re, Paris.","author":"dpc","date":"5 avril 2007","format":false,"excerpt":"Ik had een wortel kunnen eveneens fotograferen. AAAAAAAAAAAAAAAAAAAAAAAH *flaque*","rel":"","context":"Dans &quot;Alive&quot;","block_context":{"text":"Alive","link":"https:\/\/www.wallendorff.com\/belogue\/category\/alive\/"},"img":{"alt_text":"","src":"https:\/\/i0.wp.com\/www.wallendorff.com\/belogue\/wp-content\/uploads\/2015\/04\/200704051.jpg?resize=350%2C200&ssl=1","width":350,"height":200,"srcset":"https:\/\/i0.wp.com\/www.wallendorff.com\/belogue\/wp-content\/uploads\/2015\/04\/200704051.jpg?resize=350%2C200&ssl=1 1x, https:\/\/i0.wp.com\/www.wallendorff.com\/belogue\/wp-content\/uploads\/2015\/04\/200704051.jpg?resize=525%2C300&ssl=1 1.5x, https:\/\/i0.wp.com\/www.wallendorff.com\/belogue\/wp-content\/uploads\/2015\/04\/200704051.jpg?resize=700%2C400&ssl=1 2x"},"classes":[]},{"id":23580,"url":"https:\/\/www.wallendorff.com\/belogue\/2014\/11\/21\/white-lung-le-point-ephemere-paris\/","url_meta":{"origin":16439,"position":5},"title":"White Lung @ le Point \u00c9ph\u00e9m\u00e8re, Paris.","author":"dpc","date":"21 novembre 2014","format":false,"excerpt":"Lucky One White Lung \u00a0","rel":"","context":"Dans &quot;Alive&quot;","block_context":{"text":"Alive","link":"https:\/\/www.wallendorff.com\/belogue\/category\/alive\/"},"img":{"alt_text":"","src":"https:\/\/i0.wp.com\/www.wallendorff.com\/belogue\/wp-content\/uploads\/2015\/04\/201411211.jpg?resize=350%2C200&ssl=1","width":350,"height":200,"srcset":"https:\/\/i0.wp.com\/www.wallendorff.com\/belogue\/wp-content\/uploads\/2015\/04\/201411211.jpg?resize=350%2C200&ssl=1 1x, https:\/\/i0.wp.com\/www.wallendorff.com\/belogue\/wp-content\/uploads\/2015\/04\/201411211.jpg?resize=525%2C300&ssl=1 1.5x, https:\/\/i0.wp.com\/www.wallendorff.com\/belogue\/wp-content\/uploads\/2015\/04\/201411211.jpg?resize=700%2C400&ssl=1 2x"},"classes":[]}],"_links":{"self":[{"href":"https:\/\/www.wallendorff.com\/belogue\/wp-json\/wp\/v2\/posts\/16439","targetHints":{"allow":["GET"]}}],"collection":[{"href":"https:\/\/www.wallendorff.com\/belogue\/wp-json\/wp\/v2\/posts"}],"about":[{"href":"https:\/\/www.wallendorff.com\/belogue\/wp-json\/wp\/v2\/types\/post"}],"author":[{"embeddable":true,"href":"https:\/\/www.wallendorff.com\/belogue\/wp-json\/wp\/v2\/users\/1"}],"replies":[{"embeddable":true,"href":"https:\/\/www.wallendorff.com\/belogue\/wp-json\/wp\/v2\/comments?post=16439"}],"version-history":[{"count":5,"href":"https:\/\/www.wallendorff.com\/belogue\/wp-json\/wp\/v2\/posts\/16439\/revisions"}],"predecessor-version":[{"id":16924,"href":"https:\/\/www.wallendorff.com\/belogue\/wp-json\/wp\/v2\/posts\/16439\/revisions\/16924"}],"wp:featuredmedia":[{"embeddable":true,"href":"https:\/\/www.wallendorff.com\/belogue\/wp-json\/wp\/v2\/media\/26002"}],"wp:attachment":[{"href":"https:\/\/www.wallendorff.com\/belogue\/wp-json\/wp\/v2\/media?parent=16439"}],"wp:term":[{"taxonomy":"category","embeddable":true,"href":"https:\/\/www.wallendorff.com\/belogue\/wp-json\/wp\/v2\/categories?post=16439"},{"taxonomy":"post_tag","embeddable":true,"href":"https:\/\/www.wallendorff.com\/belogue\/wp-json\/wp\/v2\/tags?post=16439"}],"curies":[{"name":"wp","href":"https:\/\/api.w.org\/{rel}","templated":true}]}}