{"id":164,"date":"2006-06-02T00:18:26","date_gmt":"2006-06-02T00:18:26","guid":{"rendered":"http:\/\/www.po-l.com\/wordpress\/?p=164"},"modified":"2012-04-10T09:53:32","modified_gmt":"2012-04-10T07:53:32","slug":"la-la-la","status":"publish","type":"post","link":"https:\/\/www.wallendorff.com\/belogue\/2006\/06\/02\/la-la-la\/","title":{"rendered":"L&agrave;, l&agrave;, l&agrave;&sup1;."},"content":{"rendered":"\n<div id=\"photo\">\n<p><img decoding=\"async\" src=\"http:\/\/www.po-L.com\/belogue\/photo\/2006\/06\/20060602.jpg\" \/><br \/>\n          Square Maurice Gardette, Paris, 26 mai.<\/p>\n<\/p><\/div>\n<p style=\"text-align:right\"> Et voil&agrave;.<\/p>\n<p style=\"text-align:right\">J&rsquo;ai <em>encore<\/em> pris des bancs en photo<sup>2<\/sup>.<\/p>\n<div id=\"bandeson\">\n<p><img decoding=\"async\" src=\"https:\/\/www.wallendorff.com\/belogue\/photo\/pochettes\/c\/calexico-garden_ruin.jpg\" align=\"left\" \/>&nbsp;<a href=\"http:\/\/www.casadecalexico.com\/\">Calexico<\/a> &ndash; <em>Cruel<\/em><\/p>\n<\/div>\n<p>_____<\/p>\n<div id=\"bas_note\">\n<p><sup>1<\/sup> J&rsquo;avoue, je suis fatigu&eacute; du titre, ce soir.<\/p>\n<p><sup>2<\/sup> Et ma vie est passionnante, je sais. Mais y a des fois o&ugrave; ne rien faire, aussi, hein, c&rsquo;est tout simplement bien.<\/p>\n<\/p><\/div>\n","protected":false},"excerpt":{"rendered":"<p>Square Maurice Gardette, Paris, 26 mai. Et voil&agrave;. J&rsquo;ai encore pris des bancs en photo2. &nbsp;Calexico &ndash; Cruel _____ 1 J&rsquo;avoue, je suis fatigu&eacute; du titre, ce soir. 2 Et ma vie est passionnante, je sais. Mais y a des fois o&ugrave; ne rien faire, aussi, hein, c&rsquo;est tout simplement bien.<\/p>\n","protected":false},"author":1,"featured_media":24099,"comment_status":"open","ping_status":"open","sticky":false,"template":"","format":"standard","meta":{"_acf_changed":false,"ngg_post_thumbnail":0,"jetpack_post_was_ever_published":false,"_jetpack_newsletter_access":"","_jetpack_dont_email_post_to_subs":false,"_jetpack_newsletter_tier_id":0,"_jetpack_memberships_contains_paywalled_content":false,"_jetpack_memberships_contains_paid_content":false,"footnotes":"","jetpack_publicize_message":"","jetpack_publicize_feature_enabled":true,"jetpack_social_post_already_shared":false,"jetpack_social_options":{"image_generator_settings":{"template":"highway","default_image_id":0,"font":"","enabled":false},"version":2}},"categories":[3],"tags":[10183,10226,1617,196,132,1618,10120,10121,143,10098,1616],"class_list":["post-164","post","type-post","status-publish","format-standard","has-post-thumbnail","hentry","category-dpc","tag-10183","tag-banc","tag-calexico","tag-ef-28-70-mm-f28l-usm","tag-eos-20d","tag-cruel","tag-france","tag-ile-de-france","tag-noir-et-blanc","tag-paris","tag-square-maurice-gardette"],"acf":[],"geo":{"latitude":48.8613968,"longitude":2.3796773,"description":null},"jetpack_publicize_connections":[],"jetpack_featured_media_url":"https:\/\/www.wallendorff.com\/belogue\/wp-content\/uploads\/2015\/04\/200606021.jpg","jetpack_shortlink":"https:\/\/wp.me\/p3b35P-2E","jetpack_sharing_enabled":true,"jetpack-related-posts":[{"id":818,"url":"https:\/\/www.wallendorff.com\/belogue\/2006\/10\/30\/calexico-le-bataclan-paris\/","url_meta":{"origin":164,"position":0},"title":"Calexico @ le Bataclan, Paris.","author":"dpc","date":"30 octobre 2006","format":false,"excerpt":"Yours And Mine envo\u00fbtant, All Systems Red magique, Deep Down transcendant, et j'en passe. Calexico m\u00e9lange anglais, fran\u00e7ais et espagnol sur des trompettes d'hacienda, des cordes effleur\u00e9es et des guitares aux ambiances routi\u00e8res et reprend Pr\u00e9vert, Love et m\u00eame Manu Chao. La semaine aurait pas pu finir mieux. \u00a0The Detroit\u2026","rel":"","context":"Dans &quot;Alive&quot;","block_context":{"text":"Alive","link":"https:\/\/www.wallendorff.com\/belogue\/category\/alive\/"},"img":{"alt_text":"","src":"https:\/\/i0.wp.com\/www.wallendorff.com\/belogue\/wp-content\/uploads\/2015\/04\/200610301.jpg?resize=350%2C200&ssl=1","width":350,"height":200},"classes":[]},{"id":996,"url":"https:\/\/www.wallendorff.com\/belogue\/2007\/07\/18\/porte-a-portes\/","url_meta":{"origin":164,"position":1},"title":"Porte \u00e0 portes.","author":"dpc","date":"18 juillet 2007","format":false,"excerpt":"Rue Saint-Denis, Paris, 2 juillet. \u00c7a sent le fond de tiroir, je sais. Les module Firefox de recherche sur le TLFI pointent dor\u00e9navant sur un nouveau truc, le Portail lexical du CNRTL, avec un dictionnaire des synonymes en 3D inutile donc indispensable, des barres Firefox de poneys et plein d'outils\u2026","rel":"","context":"Dans &quot;DPC&quot;","block_context":{"text":"DPC","link":"https:\/\/www.wallendorff.com\/belogue\/category\/dpc\/"},"img":{"alt_text":"","src":"https:\/\/i0.wp.com\/www.wallendorff.com\/belogue\/wp-content\/uploads\/2015\/04\/200707181.jpg?resize=350%2C200&ssl=1","width":350,"height":200},"classes":[]},{"id":3410,"url":"https:\/\/www.wallendorff.com\/belogue\/2008\/09\/09\/calexico-le-social-club-paris-08-septembre\/","url_meta":{"origin":164,"position":2},"title":"Calexico @ le Social Club, Paris, 08 septembre.","author":"dpc","date":"9 septembre 2008","format":false,"excerpt":"\u00a0 Et \u00e9videmment, c'est le jour o\u00f9 tu as pris soin d'enlever de ton sac ton super dictaphone MP3 \u00ab\u00a0parce que tu ne t'en sers jamais\u00a0\u00bb que Joey Burns, non content d'avoir piqu\u00e9 la chemise de Dolf Datsun, d\u00e9cide de reprendre Louxor j'adore avec un m\u00e9lange de paroles \u00e0 la\u2026","rel":"","context":"Dans &quot;Alive&quot;","block_context":{"text":"Alive","link":"https:\/\/www.wallendorff.com\/belogue\/category\/alive\/"},"img":{"alt_text":"","src":"https:\/\/i0.wp.com\/www.wallendorff.com\/belogue\/wp-content\/uploads\/2015\/04\/200809091.jpg?resize=350%2C200&ssl=1","width":350,"height":200,"srcset":"https:\/\/i0.wp.com\/www.wallendorff.com\/belogue\/wp-content\/uploads\/2015\/04\/200809091.jpg?resize=350%2C200&ssl=1 1x, https:\/\/i0.wp.com\/www.wallendorff.com\/belogue\/wp-content\/uploads\/2015\/04\/200809091.jpg?resize=525%2C300&ssl=1 1.5x, https:\/\/i0.wp.com\/www.wallendorff.com\/belogue\/wp-content\/uploads\/2015\/04\/200809091.jpg?resize=700%2C400&ssl=1 2x"},"classes":[]},{"id":16133,"url":"https:\/\/www.wallendorff.com\/belogue\/2012\/02\/29\/shooting-meuhmeuhz-3\/","url_meta":{"origin":164,"position":3},"title":"Shooting meuhmeuhz #3.","author":"dpc","date":"29 f\u00e9vrier 2012","format":false,"excerpt":"Je tiens \u00e0 remercier publiquement Chantal le veau, mais \u00e9galement ses amis Gilles, Djayzone, Arnufle, Potence, Ringo et Paul, Sigourney, Jean-Bielle, Flatule, Ramette, Maurice, Casserole, Ramette, Xavier-Ren\u00e9, Ramette et tous ceux que j'oublie pour s'\u00eatre gentiment laiss\u00e9 approcher sans meugler, b\u00ealer, b\u00e9gu\u00e9ter, grouiner, caqueter, clapir ni broncher. Chantal le veau,\u2026","rel":"","context":"Dans &quot;Alive&quot;","block_context":{"text":"Alive","link":"https:\/\/www.wallendorff.com\/belogue\/category\/alive\/"},"img":{"alt_text":"","src":"https:\/\/i0.wp.com\/www.wallendorff.com\/belogue\/wp-content\/uploads\/2015\/04\/201202291.jpg?resize=350%2C200&ssl=1","width":350,"height":200,"srcset":"https:\/\/i0.wp.com\/www.wallendorff.com\/belogue\/wp-content\/uploads\/2015\/04\/201202291.jpg?resize=350%2C200&ssl=1 1x, https:\/\/i0.wp.com\/www.wallendorff.com\/belogue\/wp-content\/uploads\/2015\/04\/201202291.jpg?resize=525%2C300&ssl=1 1.5x, https:\/\/i0.wp.com\/www.wallendorff.com\/belogue\/wp-content\/uploads\/2015\/04\/201202291.jpg?resize=700%2C400&ssl=1 2x"},"classes":[]},{"id":38102,"url":"https:\/\/www.wallendorff.com\/belogue\/2018\/04\/30\/avril-2018\/","url_meta":{"origin":164,"position":4},"title":"Avril 2018.","author":"dpc","date":"30 avril 2018","format":false,"excerpt":"Un chat pr\u00e9nomm\u00e9 \u00c9pluchure, un num\u00e9ro, un concert, un concours de pizza, un vernissage, un anniversaire, un yaourt, un rasoir, un ap\u00e9ro, une pi\u00e8ce de th\u00e9\u00e2tre, un ap\u00e9ro, un livre, un num\u00e9ro, un anniversaire, un chat pr\u00e9nomm\u00e9 \u00c9pluchure, une soir\u00e9e, du basquette \u00e0 roulettes, des chaises, une fresque, une toilette,\u2026","rel":"","context":"Dans &quot;Blog-note&quot;","block_context":{"text":"Blog-note","link":"https:\/\/www.wallendorff.com\/belogue\/category\/blog-note\/"},"img":{"alt_text":"","src":"https:\/\/i0.wp.com\/www.wallendorff.com\/belogue\/wp-content\/uploads\/2018\/05\/20180515-49.jpg?resize=350%2C200&ssl=1","width":350,"height":200,"srcset":"https:\/\/i0.wp.com\/www.wallendorff.com\/belogue\/wp-content\/uploads\/2018\/05\/20180515-49.jpg?resize=350%2C200&ssl=1 1x, https:\/\/i0.wp.com\/www.wallendorff.com\/belogue\/wp-content\/uploads\/2018\/05\/20180515-49.jpg?resize=525%2C300&ssl=1 1.5x, https:\/\/i0.wp.com\/www.wallendorff.com\/belogue\/wp-content\/uploads\/2018\/05\/20180515-49.jpg?resize=700%2C400&ssl=1 2x, https:\/\/i0.wp.com\/www.wallendorff.com\/belogue\/wp-content\/uploads\/2018\/05\/20180515-49.jpg?resize=1050%2C600&ssl=1 3x"},"classes":[]},{"id":931,"url":"https:\/\/www.wallendorff.com\/belogue\/2007\/04\/11\/herman-dune-le-bataclan-paris\/","url_meta":{"origin":164,"position":5},"title":"Herman D\u00fcne @ le Bataclan, Paris.","author":"dpc","date":"11 avril 2007","format":false,"excerpt":"On r\u00e9sume pour aller vite\u00a0: Toujours se m\u00e9fier des concerts T\u00e9l\u00e9rama, \u00e7a attire une faune amorphe et blas\u00e9e contagieuse. Herman D\u00fcne, c'est bien... ... Sauf quand ils font dans le folklore caucasien. ... Sauf quand se pointe leur saxophoniste qui ressemble \u00e0 Z\u00e9gut, l'oreille musicale en moins. Sinon c'est bien\u00a0:\u2026","rel":"","context":"Dans &quot;Alive&quot;","block_context":{"text":"Alive","link":"https:\/\/www.wallendorff.com\/belogue\/category\/alive\/"},"img":{"alt_text":"","src":"https:\/\/i0.wp.com\/www.wallendorff.com\/belogue\/wp-content\/uploads\/2015\/04\/200704111.jpg?resize=350%2C200&ssl=1","width":350,"height":200},"classes":[]}],"_links":{"self":[{"href":"https:\/\/www.wallendorff.com\/belogue\/wp-json\/wp\/v2\/posts\/164","targetHints":{"allow":["GET"]}}],"collection":[{"href":"https:\/\/www.wallendorff.com\/belogue\/wp-json\/wp\/v2\/posts"}],"about":[{"href":"https:\/\/www.wallendorff.com\/belogue\/wp-json\/wp\/v2\/types\/post"}],"author":[{"embeddable":true,"href":"https:\/\/www.wallendorff.com\/belogue\/wp-json\/wp\/v2\/users\/1"}],"replies":[{"embeddable":true,"href":"https:\/\/www.wallendorff.com\/belogue\/wp-json\/wp\/v2\/comments?post=164"}],"version-history":[{"count":1,"href":"https:\/\/www.wallendorff.com\/belogue\/wp-json\/wp\/v2\/posts\/164\/revisions"}],"predecessor-version":[{"id":16785,"href":"https:\/\/www.wallendorff.com\/belogue\/wp-json\/wp\/v2\/posts\/164\/revisions\/16785"}],"wp:featuredmedia":[{"embeddable":true,"href":"https:\/\/www.wallendorff.com\/belogue\/wp-json\/wp\/v2\/media\/24099"}],"wp:attachment":[{"href":"https:\/\/www.wallendorff.com\/belogue\/wp-json\/wp\/v2\/media?parent=164"}],"wp:term":[{"taxonomy":"category","embeddable":true,"href":"https:\/\/www.wallendorff.com\/belogue\/wp-json\/wp\/v2\/categories?post=164"},{"taxonomy":"post_tag","embeddable":true,"href":"https:\/\/www.wallendorff.com\/belogue\/wp-json\/wp\/v2\/tags?post=164"}],"curies":[{"name":"wp","href":"https:\/\/api.w.org\/{rel}","templated":true}]}}