{"id":16315,"date":"2012-03-11T09:39:18","date_gmt":"2012-03-11T07:39:18","guid":{"rendered":"http:\/\/www.po-L.com\/belogue\/?p=16315"},"modified":"2012-03-09T16:11:21","modified_gmt":"2012-03-09T14:11:21","slug":"fond-de-tiroir-19","status":"publish","type":"post","link":"https:\/\/www.wallendorff.com\/belogue\/2012\/03\/11\/fond-de-tiroir-19\/","title":{"rendered":"Fond de tiroir #19."},"content":{"rendered":"\n<div id=\"photo\">\n<p><img decoding=\"async\" src=\"https:\/\/www.wallendorff.com\/belogue\/photo\/2012\/03\/20120311.jpg\"><br \/>\nAmanvillers, 12 f&eacute;vrier 2011.<\/p>\n<\/p><\/div>\n<div id=\"bandeson\">\n<p><img decoding=\"async\" src=\"https:\/\/www.wallendorff.com\/belogue\/photo\/pochettes\/m\/mcguinness_eugene-lion.jpg\" align=\"left\" \/><a href=\"http:\/\/www.eugenemcguinness.net\/\">Eugene McGuinness<\/a> &ndash; <em>Lion<\/em><br \/>\n        [youtube]http:\/\/www.youtube.com\/watch?v=tfnsLACLbEc[\/youtube]<\/p>\n<\/p><\/div>\n","protected":false},"excerpt":{"rendered":"<p>Amanvillers, 12 f&eacute;vrier 2011. Eugene McGuinness &ndash; Lion [youtube]http:\/\/www.youtube.com\/watch?v=tfnsLACLbEc[\/youtube]<\/p>\n","protected":false},"author":1,"featured_media":26304,"comment_status":"open","ping_status":"open","sticky":false,"template":"","format":"standard","meta":{"_acf_changed":false,"ngg_post_thumbnail":0,"jetpack_post_was_ever_published":false,"_jetpack_newsletter_access":"","_jetpack_dont_email_post_to_subs":false,"_jetpack_newsletter_tier_id":0,"_jetpack_memberships_contains_paywalled_content":false,"_jetpack_memberships_contains_paid_content":false,"footnotes":"","jetpack_publicize_message":"","jetpack_publicize_feature_enabled":true,"jetpack_social_post_already_shared":false,"jetpack_social_options":{"image_generator_settings":{"template":"highway","default_image_id":0,"font":"","enabled":false},"version":2}},"categories":[3],"tags":[10952,5639,2571,2615,11003,10120,5641,5643,10175,10174,10740],"class_list":["post-16315","post","type-post","status-publish","format-standard","has-post-thumbnail","hentry","category-dpc","tag-amanvillers","tag-apple","tag-ef-16-35-mm-f28l-ii-usm","tag-eos-5d-mark-ii","tag-eugene-mcguinness","tag-france","tag-ipad","tag-lion","tag-lorraine","tag-moselle","tag-soiree"],"acf":[],"geo":{"latitude":49.1726837,"longitude":6.0447254,"description":"Amanvillers, Lorraine, 57865, FR"},"jetpack_publicize_connections":[],"jetpack_featured_media_url":"https:\/\/www.wallendorff.com\/belogue\/wp-content\/uploads\/2015\/04\/201203111.jpg","jetpack_shortlink":"https:\/\/wp.me\/p3b35P-4f9","jetpack_sharing_enabled":true,"jetpack-related-posts":[{"id":40707,"url":"https:\/\/www.wallendorff.com\/belogue\/2018\/12\/23\/people-143\/","url_meta":{"origin":16315,"position":0},"title":"Portrait #144.","author":"dpc","date":"23 d\u00e9cembre 2018","format":false,"excerpt":"Olympic Caf\u00e9, Paris, 15 novembre 2018. Affidavit pour Retropicalls. Hope in Hell Eugene McGuinness","rel":"","context":"Dans &quot;Portraits&quot;","block_context":{"text":"Portraits","link":"https:\/\/www.wallendorff.com\/belogue\/category\/portraits\/"},"img":{"alt_text":"","src":"https:\/\/i0.wp.com\/www.wallendorff.com\/belogue\/wp-content\/uploads\/2018\/12\/20181214-01.jpg?resize=350%2C200&ssl=1","width":350,"height":200,"srcset":"https:\/\/i0.wp.com\/www.wallendorff.com\/belogue\/wp-content\/uploads\/2018\/12\/20181214-01.jpg?resize=350%2C200&ssl=1 1x, https:\/\/i0.wp.com\/www.wallendorff.com\/belogue\/wp-content\/uploads\/2018\/12\/20181214-01.jpg?resize=525%2C300&ssl=1 1.5x, https:\/\/i0.wp.com\/www.wallendorff.com\/belogue\/wp-content\/uploads\/2018\/12\/20181214-01.jpg?resize=700%2C400&ssl=1 2x, https:\/\/i0.wp.com\/www.wallendorff.com\/belogue\/wp-content\/uploads\/2018\/12\/20181214-01.jpg?resize=1050%2C600&ssl=1 3x"},"classes":[]},{"id":21481,"url":"https:\/\/www.wallendorff.com\/belogue\/2013\/08\/22\/unbekannt\/","url_meta":{"origin":16315,"position":1},"title":"Unbekannt.","author":"dpc","date":"22 ao\u00fbt 2013","format":false,"excerpt":"Amanvillers, 23 juin. On Battleship HillPJ Harvey \u00a0","rel":"","context":"Dans &quot;DPC&quot;","block_context":{"text":"DPC","link":"https:\/\/www.wallendorff.com\/belogue\/category\/dpc\/"},"img":{"alt_text":"","src":"https:\/\/i0.wp.com\/www.wallendorff.com\/belogue\/wp-content\/uploads\/2015\/04\/201308221.jpg?resize=350%2C200&ssl=1","width":350,"height":200,"srcset":"https:\/\/i0.wp.com\/www.wallendorff.com\/belogue\/wp-content\/uploads\/2015\/04\/201308221.jpg?resize=350%2C200&ssl=1 1x, https:\/\/i0.wp.com\/www.wallendorff.com\/belogue\/wp-content\/uploads\/2015\/04\/201308221.jpg?resize=525%2C300&ssl=1 1.5x, https:\/\/i0.wp.com\/www.wallendorff.com\/belogue\/wp-content\/uploads\/2015\/04\/201308221.jpg?resize=700%2C400&ssl=1 2x"},"classes":[]},{"id":14407,"url":"https:\/\/www.wallendorff.com\/belogue\/2011\/11\/08\/de-stele\/","url_meta":{"origin":16315,"position":2},"title":"De st\u00e8le.","author":"dpc","date":"8 novembre 2011","format":false,"excerpt":"Amanvillers, 28 ao\u00fbt. Other Lives \u2013 For 12 [youtube]http:\/\/www.youtube.com\/watch?v=AWMqgeIDJs8[\/youtube]","rel":"","context":"Dans &quot;DPC&quot;","block_context":{"text":"DPC","link":"https:\/\/www.wallendorff.com\/belogue\/category\/dpc\/"},"img":{"alt_text":"","src":"https:\/\/i0.wp.com\/www.wallendorff.com\/belogue\/wp-content\/uploads\/2015\/04\/201111081.jpg?resize=350%2C200&ssl=1","width":350,"height":200,"srcset":"https:\/\/i0.wp.com\/www.wallendorff.com\/belogue\/wp-content\/uploads\/2015\/04\/201111081.jpg?resize=350%2C200&ssl=1 1x, https:\/\/i0.wp.com\/www.wallendorff.com\/belogue\/wp-content\/uploads\/2015\/04\/201111081.jpg?resize=525%2C300&ssl=1 1.5x, https:\/\/i0.wp.com\/www.wallendorff.com\/belogue\/wp-content\/uploads\/2015\/04\/201111081.jpg?resize=700%2C400&ssl=1 2x"},"classes":[]},{"id":21465,"url":"https:\/\/www.wallendorff.com\/belogue\/2013\/08\/21\/autoportrait-a-loseille-coupe\/","url_meta":{"origin":16315,"position":3},"title":"Autoportrait \u00e0 l&rsquo;oseille coup\u00e9.","author":"dpc","date":"21 ao\u00fbt 2013","format":false,"excerpt":"Amanvillers, 23 juin. Shooting people #107 [Danke f\u00fcr Irhe Hilfe.] The Oracle The Rumour Said Fire \u00a0","rel":"","context":"Dans &quot;Portraits&quot;","block_context":{"text":"Portraits","link":"https:\/\/www.wallendorff.com\/belogue\/category\/portraits\/"},"img":{"alt_text":"","src":"https:\/\/i0.wp.com\/www.wallendorff.com\/belogue\/wp-content\/uploads\/2015\/04\/201308211.jpg?resize=350%2C200&ssl=1","width":350,"height":200,"srcset":"https:\/\/i0.wp.com\/www.wallendorff.com\/belogue\/wp-content\/uploads\/2015\/04\/201308211.jpg?resize=350%2C200&ssl=1 1x, https:\/\/i0.wp.com\/www.wallendorff.com\/belogue\/wp-content\/uploads\/2015\/04\/201308211.jpg?resize=525%2C300&ssl=1 1.5x, https:\/\/i0.wp.com\/www.wallendorff.com\/belogue\/wp-content\/uploads\/2015\/04\/201308211.jpg?resize=700%2C400&ssl=1 2x"},"classes":[]},{"id":18850,"url":"https:\/\/www.wallendorff.com\/belogue\/2012\/08\/31\/tomorrow-well-be-castaway\/","url_meta":{"origin":16315,"position":4},"title":"Tomorrow we&rsquo;ll be castaway.","author":"dpc","date":"31 ao\u00fbt 2012","format":false,"excerpt":"Amanvillers, 16 juin. Oasis \u2013 Fade In-Out","rel":"","context":"Dans &quot;DPC&quot;","block_context":{"text":"DPC","link":"https:\/\/www.wallendorff.com\/belogue\/category\/dpc\/"},"img":{"alt_text":"","src":"https:\/\/i0.wp.com\/www.wallendorff.com\/belogue\/wp-content\/uploads\/2015\/04\/201208311.jpg?resize=350%2C200&ssl=1","width":350,"height":200,"srcset":"https:\/\/i0.wp.com\/www.wallendorff.com\/belogue\/wp-content\/uploads\/2015\/04\/201208311.jpg?resize=350%2C200&ssl=1 1x, https:\/\/i0.wp.com\/www.wallendorff.com\/belogue\/wp-content\/uploads\/2015\/04\/201208311.jpg?resize=525%2C300&ssl=1 1.5x, https:\/\/i0.wp.com\/www.wallendorff.com\/belogue\/wp-content\/uploads\/2015\/04\/201208311.jpg?resize=700%2C400&ssl=1 2x"},"classes":[]},{"id":18838,"url":"https:\/\/www.wallendorff.com\/belogue\/2012\/08\/30\/rainbows-vers-laisne\/","url_meta":{"origin":16315,"position":5},"title":"Rainbows, vers l&rsquo;Aisne.","author":"dpc","date":"30 ao\u00fbt 2012","format":false,"excerpt":"Amanvillers, 16 juin. Mon premier double arc-en-ciel. Pris au fichaille, redress\u00e9 avec la case \u00e0 cocher \u00ab\u00a0Activer les corrections de profil de l'objectif\u00a0\u00bb de CameraRaw. Elle est bath, la case \u00e0 cocher \u00ab\u00a0Activer les corrections de profil de l'objectif\u00a0\u00bb de CameraRaw. Oh et la photo est orient\u00e9e vers le sud-est,\u2026","rel":"","context":"Dans &quot;DPC&quot;","block_context":{"text":"DPC","link":"https:\/\/www.wallendorff.com\/belogue\/category\/dpc\/"},"img":{"alt_text":"","src":"https:\/\/i0.wp.com\/www.wallendorff.com\/belogue\/wp-content\/uploads\/2015\/04\/201208301.jpg?resize=350%2C200&ssl=1","width":350,"height":200,"srcset":"https:\/\/i0.wp.com\/www.wallendorff.com\/belogue\/wp-content\/uploads\/2015\/04\/201208301.jpg?resize=350%2C200&ssl=1 1x, https:\/\/i0.wp.com\/www.wallendorff.com\/belogue\/wp-content\/uploads\/2015\/04\/201208301.jpg?resize=525%2C300&ssl=1 1.5x, https:\/\/i0.wp.com\/www.wallendorff.com\/belogue\/wp-content\/uploads\/2015\/04\/201208301.jpg?resize=700%2C400&ssl=1 2x"},"classes":[]}],"_links":{"self":[{"href":"https:\/\/www.wallendorff.com\/belogue\/wp-json\/wp\/v2\/posts\/16315","targetHints":{"allow":["GET"]}}],"collection":[{"href":"https:\/\/www.wallendorff.com\/belogue\/wp-json\/wp\/v2\/posts"}],"about":[{"href":"https:\/\/www.wallendorff.com\/belogue\/wp-json\/wp\/v2\/types\/post"}],"author":[{"embeddable":true,"href":"https:\/\/www.wallendorff.com\/belogue\/wp-json\/wp\/v2\/users\/1"}],"replies":[{"embeddable":true,"href":"https:\/\/www.wallendorff.com\/belogue\/wp-json\/wp\/v2\/comments?post=16315"}],"version-history":[{"count":2,"href":"https:\/\/www.wallendorff.com\/belogue\/wp-json\/wp\/v2\/posts\/16315\/revisions"}],"predecessor-version":[{"id":16318,"href":"https:\/\/www.wallendorff.com\/belogue\/wp-json\/wp\/v2\/posts\/16315\/revisions\/16318"}],"wp:featuredmedia":[{"embeddable":true,"href":"https:\/\/www.wallendorff.com\/belogue\/wp-json\/wp\/v2\/media\/26304"}],"wp:attachment":[{"href":"https:\/\/www.wallendorff.com\/belogue\/wp-json\/wp\/v2\/media?parent=16315"}],"wp:term":[{"taxonomy":"category","embeddable":true,"href":"https:\/\/www.wallendorff.com\/belogue\/wp-json\/wp\/v2\/categories?post=16315"},{"taxonomy":"post_tag","embeddable":true,"href":"https:\/\/www.wallendorff.com\/belogue\/wp-json\/wp\/v2\/tags?post=16315"}],"curies":[{"name":"wp","href":"https:\/\/api.w.org\/{rel}","templated":true}]}}