{"id":16309,"date":"2012-03-09T13:05:22","date_gmt":"2012-03-09T11:05:22","guid":{"rendered":"http:\/\/www.po-L.com\/belogue\/?p=16309"},"modified":"2012-03-09T13:06:49","modified_gmt":"2012-03-09T11:06:49","slug":"and-the-horses-they-rode-in-on","status":"publish","type":"post","link":"https:\/\/www.wallendorff.com\/belogue\/2012\/03\/09\/and-the-horses-they-rode-in-on\/","title":{"rendered":"And the horses they rode in on."},"content":{"rendered":"\n<div id=\"photo\">\n<p><img decoding=\"async\" src=\"https:\/\/www.wallendorff.com\/belogue\/photo\/2012\/03\/20120309.jpg\"><br \/>\nBoulevard P&eacute;riph&eacute;rique, Paris, 21 janvier.<\/p>\n<\/p><\/div>\n<p style=\"text-align:right\">Quand on a le vertige, le seul truc PIRE que de devoir grimper sur un bac &agrave; fleurs bras tendus pour poser le fotoaparat sur le bo&icirc;tier d&rsquo;un transformateur &eacute;lectrique situ&eacute; &agrave; 10&nbsp;m au-dessus du p&eacute;riph&rsquo; juste pour faire une pose longue pendant que ton pote se fout de ta gueule, c&rsquo;est de devoir recommencer la man&oelig;uvre parce qu&rsquo;au premier coup, t&rsquo;as sur-expos&eacute; sa photo<sup>2<\/sup>.<\/p>\n<p style=\"text-align:right\">\n<div id=\"bandeson\">\n<p><img decoding=\"async\" src=\"https:\/\/www.wallendorff.com\/belogue\/photo\/pochettes\/a\/arctic_monkeys-favourite_worst_nightmare.jpg\" align=\"left\" \/><a href=\"http:\/\/www.arcticmonkeys.com\/\">Arctic Monkeys<\/a> &ndash; <em>505<\/em><br \/>\n        [youtube]http:\/\/www.youtube.com\/watch?v=ifZfUVp2chE[\/youtube]<\/p>\n<\/p><\/div>\n<div id=\"bas_note\">\n<p>_____ <\/p>\n<p>1. Le titre est une de ces phrases  qui me viennent en t&ecirc;te par d&eacute;faut quand je dois &eacute;crire un truc au hasard, comme &laquo;&nbsp;Et personne ne sauva personne par l&rsquo;&eacute;p&eacute;e. &Ccedil;a nous changeait, le chien et moi.&nbsp;&raquo; ou &laquo;&nbsp;Sylvie, Raymonde, meilleures amies du monde&nbsp;&raquo;. C&rsquo;est accessoirement, le singulier mis &agrave; part, le titre du <a href=\"http:\/\/en.wikipedia.org\/wiki\/And_the_Horse_They_Rode_In_On\">cinqui&egrave;me album de Soul Asylum<\/a>. Que je n&rsquo;ai jamais &eacute;cout&eacute;. Mais que j&rsquo;aime beaucoup, donc. S&ucirc;rement parce qu&rsquo;il y a un poney sur la pochette.<\/p>\n<p>2. En vrai <a href=\"http:\/\/en.wikipedia.org\/wiki\/Willis_Tower#The_Skydeck\">le balcon en verre du Skydeck de la Willis Tower de Chicago<\/a> est vraiment bien pire, mais je voulais faire dans le drame.<\/p>\n<\/p><\/div>\n","protected":false},"excerpt":{"rendered":"<p>Boulevard P&eacute;riph&eacute;rique, Paris, 21 janvier. Quand on a le vertige, le seul truc PIRE que de devoir grimper sur un bac &agrave; fleurs bras tendus pour poser le fotoaparat sur le bo&icirc;tier d&rsquo;un transformateur &eacute;lectrique situ&eacute; &agrave; 10&nbsp;m au-dessus du p&eacute;riph&rsquo; juste pour faire une pose longue pendant que ton pote se fout de ta&hellip;<\/p>\n","protected":false},"author":1,"featured_media":26070,"comment_status":"open","ping_status":"open","sticky":false,"template":"","format":"standard","meta":{"_acf_changed":false,"ngg_post_thumbnail":0,"jetpack_post_was_ever_published":false,"_jetpack_newsletter_access":"","_jetpack_dont_email_post_to_subs":false,"_jetpack_newsletter_tier_id":0,"_jetpack_memberships_contains_paywalled_content":false,"_jetpack_memberships_contains_paid_content":false,"footnotes":"","jetpack_publicize_message":"","jetpack_publicize_feature_enabled":true,"jetpack_social_post_already_shared":false,"jetpack_social_options":{"image_generator_settings":{"template":"highway","default_image_id":0,"font":"","enabled":false},"version":2}},"categories":[3],"tags":[5638,10347,10367,10841,4485,2571,2615,10120,10121,10098,5637,10592,10171],"class_list":["post-16309","post","type-post","status-publish","format-standard","has-post-thumbnail","hentry","category-dpc","tag-5638","tag-10347","tag-arctic-monkeys","tag-autoroute","tag-boulevard-peripherique","tag-ef-16-35-mm-f28l-ii-usm","tag-eos-5d-mark-ii","tag-france","tag-ile-de-france","tag-paris","tag-passerelle-des-arts-et-metiers","tag-pose-longue","tag-voiture"],"acf":[],"geo":{"latitude":48.8177223,"longitude":2.3340535,"description":"Gentilly, \u00cele-de-France, 94255 CEDEX, FR"},"jetpack_publicize_connections":[],"jetpack_featured_media_url":"https:\/\/www.wallendorff.com\/belogue\/wp-content\/uploads\/2015\/04\/201203091.jpg","jetpack_shortlink":"https:\/\/wp.me\/p3b35P-4f3","jetpack_sharing_enabled":true,"jetpack-related-posts":[{"id":21802,"url":"https:\/\/www.wallendorff.com\/belogue\/2013\/10\/21\/conti-nuite-2\/","url_meta":{"origin":16309,"position":0},"title":"Conti nuit\u00e9 #2.","author":"dpc","date":"21 octobre 2013","format":false,"excerpt":"Port du Louvre, Paris, 9 septembre. Fireside Arctic Monkeys","rel":"","context":"Dans &quot;DPC&quot;","block_context":{"text":"DPC","link":"https:\/\/www.wallendorff.com\/belogue\/category\/dpc\/"},"img":{"alt_text":"","src":"https:\/\/i0.wp.com\/www.wallendorff.com\/belogue\/wp-content\/uploads\/2015\/04\/201310211.jpg?resize=350%2C200&ssl=1","width":350,"height":200,"srcset":"https:\/\/i0.wp.com\/www.wallendorff.com\/belogue\/wp-content\/uploads\/2015\/04\/201310211.jpg?resize=350%2C200&ssl=1 1x, https:\/\/i0.wp.com\/www.wallendorff.com\/belogue\/wp-content\/uploads\/2015\/04\/201310211.jpg?resize=525%2C300&ssl=1 1.5x, https:\/\/i0.wp.com\/www.wallendorff.com\/belogue\/wp-content\/uploads\/2015\/04\/201310211.jpg?resize=700%2C400&ssl=1 2x"},"classes":[]},{"id":939,"url":"https:\/\/www.wallendorff.com\/belogue\/2007\/04\/29\/trivium-l-elysee-montmartre-paris\/","url_meta":{"origin":16309,"position":1},"title":"Trivium @ l&rsquo;\u00c9lys\u00e9e-Montmartre, Paris.","author":"dpc","date":"29 avril 2007","format":false,"excerpt":"D\u00e9calage horaire pas dig\u00e9r\u00e9, des flaques de vomi d\u00e8s l'entr\u00e9e, 3 malaises \u00e9vacu\u00e9s pendant la premi\u00e8re partie, 60\u00a0\u00b0C \u00e0 l'int\u00e9rieur, une masse chevelue en nage, ta voisine qui regrette d'\u00eatre venue en tongs, une bouteille vid\u00e9e dans ton dos, la s\u00e9cu d\u00e9bord\u00e9e, un slammeur directement dans ta gueule, tu tiens\u2026","rel":"","context":"Dans &quot;Alive&quot;","block_context":{"text":"Alive","link":"https:\/\/www.wallendorff.com\/belogue\/category\/alive\/"},"img":{"alt_text":"","src":"https:\/\/i0.wp.com\/www.wallendorff.com\/belogue\/wp-content\/uploads\/2015\/04\/200704291.jpg?resize=350%2C200&ssl=1","width":350,"height":200,"srcset":"https:\/\/i0.wp.com\/www.wallendorff.com\/belogue\/wp-content\/uploads\/2015\/04\/200704291.jpg?resize=350%2C200&ssl=1 1x, https:\/\/i0.wp.com\/www.wallendorff.com\/belogue\/wp-content\/uploads\/2015\/04\/200704291.jpg?resize=525%2C300&ssl=1 1.5x, https:\/\/i0.wp.com\/www.wallendorff.com\/belogue\/wp-content\/uploads\/2015\/04\/200704291.jpg?resize=700%2C400&ssl=1 2x"},"classes":[]},{"id":1214,"url":"https:\/\/www.wallendorff.com\/belogue\/2008\/04\/23\/the-subways-la-boule-noire-paris\/","url_meta":{"origin":16309,"position":2},"title":"The Subways @ la Boule Noire, Paris.","author":"dpc","date":"23 avril 2008","format":false,"excerpt":"Ils ne sont pas partis tr\u00e8s longtemps, pourtant. Mais les Anglais pondent tellement de nouveaux groupes \u00e0 la semaine que lorsque l'un d'eux prend une pause \u00e0 peine trop longue, on l'oublie de suite. Quand les Subways montent sur sc\u00e8ne j'ai l'impression de retrouver un vieux groupe disparu, genre reformation\u2026","rel":"","context":"Dans &quot;Alive&quot;","block_context":{"text":"Alive","link":"https:\/\/www.wallendorff.com\/belogue\/category\/alive\/"},"img":{"alt_text":"","src":"https:\/\/i0.wp.com\/www.wallendorff.com\/belogue\/wp-content\/uploads\/2015\/04\/200804231.jpg?resize=350%2C200&ssl=1","width":350,"height":200,"srcset":"https:\/\/i0.wp.com\/www.wallendorff.com\/belogue\/wp-content\/uploads\/2015\/04\/200804231.jpg?resize=350%2C200&ssl=1 1x, https:\/\/i0.wp.com\/www.wallendorff.com\/belogue\/wp-content\/uploads\/2015\/04\/200804231.jpg?resize=525%2C300&ssl=1 1.5x, https:\/\/i0.wp.com\/www.wallendorff.com\/belogue\/wp-content\/uploads\/2015\/04\/200804231.jpg?resize=700%2C400&ssl=1 2x"},"classes":[]},{"id":30624,"url":"https:\/\/www.wallendorff.com\/belogue\/2016\/04\/04\/stalingrad\/","url_meta":{"origin":16309,"position":3},"title":"Stalingrad.","author":"dpc","date":"4 avril 2016","format":false,"excerpt":"Boulevard de la Villette, Paris, 23 janvier. Boulevard de la Villette, Paris, 23 janvier. Boulevard de la Villette, Paris, 23 janvier. Stuntman Kasabian","rel":"","context":"Dans &quot;DPC&quot;","block_context":{"text":"DPC","link":"https:\/\/www.wallendorff.com\/belogue\/category\/dpc\/"},"img":{"alt_text":"","src":"https:\/\/i0.wp.com\/www.wallendorff.com\/belogue\/wp-content\/uploads\/2016\/04\/20160404-03.jpg?resize=350%2C200&ssl=1","width":350,"height":200,"srcset":"https:\/\/i0.wp.com\/www.wallendorff.com\/belogue\/wp-content\/uploads\/2016\/04\/20160404-03.jpg?resize=350%2C200&ssl=1 1x, https:\/\/i0.wp.com\/www.wallendorff.com\/belogue\/wp-content\/uploads\/2016\/04\/20160404-03.jpg?resize=525%2C300&ssl=1 1.5x, https:\/\/i0.wp.com\/www.wallendorff.com\/belogue\/wp-content\/uploads\/2016\/04\/20160404-03.jpg?resize=700%2C400&ssl=1 2x"},"classes":[]},{"id":135,"url":"https:\/\/www.wallendorff.com\/belogue\/2006\/05\/03\/arctic-monkeys-le-bataclan-paris-2-mai-2006\/","url_meta":{"origin":16309,"position":4},"title":"Arctic Monkeys @ Le Bataclan, Paris, 2 mai 2006.","author":"dpc","date":"3 mai 2006","format":false,"excerpt":"The View from the Afternoon | Cigarette Smoker Fiona | You Probably Couldn't See for the Lights But You Were Looking Straight at Me | Still Take You Home | Who the Fuck Are Arctic Monkeys | I Bet You Look Good on the Dancefloor | Perhaps Vampires Is a\u2026","rel":"","context":"Dans &quot;Alive&quot;","block_context":{"text":"Alive","link":"https:\/\/www.wallendorff.com\/belogue\/category\/alive\/"},"img":{"alt_text":"","src":"https:\/\/i0.wp.com\/www.wallendorff.com\/belogue\/wp-content\/uploads\/2015\/04\/200605031.jpg?resize=350%2C200&ssl=1","width":350,"height":200},"classes":[]},{"id":10234,"url":"https:\/\/www.wallendorff.com\/belogue\/2010\/12\/03\/oh-no-grue-grue\/","url_meta":{"origin":16309,"position":5},"title":"Oh no [grue-grue].","author":"dpc","date":"3 d\u00e9cembre 2010","format":false,"excerpt":"Porte d'Aubervilliers, Paris, 25 septembre. En France on n'a pas de palmiers, mais on a des id\u00e9es. Kings of Leon \u2013 Radioactive","rel":"","context":"Dans &quot;DPC&quot;","block_context":{"text":"DPC","link":"https:\/\/www.wallendorff.com\/belogue\/category\/dpc\/"},"img":{"alt_text":"","src":"https:\/\/i0.wp.com\/www.wallendorff.com\/belogue\/wp-content\/uploads\/2015\/04\/201012031.jpg?resize=350%2C200&ssl=1","width":350,"height":200},"classes":[]}],"_links":{"self":[{"href":"https:\/\/www.wallendorff.com\/belogue\/wp-json\/wp\/v2\/posts\/16309","targetHints":{"allow":["GET"]}}],"collection":[{"href":"https:\/\/www.wallendorff.com\/belogue\/wp-json\/wp\/v2\/posts"}],"about":[{"href":"https:\/\/www.wallendorff.com\/belogue\/wp-json\/wp\/v2\/types\/post"}],"author":[{"embeddable":true,"href":"https:\/\/www.wallendorff.com\/belogue\/wp-json\/wp\/v2\/users\/1"}],"replies":[{"embeddable":true,"href":"https:\/\/www.wallendorff.com\/belogue\/wp-json\/wp\/v2\/comments?post=16309"}],"version-history":[{"count":5,"href":"https:\/\/www.wallendorff.com\/belogue\/wp-json\/wp\/v2\/posts\/16309\/revisions"}],"predecessor-version":[{"id":16314,"href":"https:\/\/www.wallendorff.com\/belogue\/wp-json\/wp\/v2\/posts\/16309\/revisions\/16314"}],"wp:featuredmedia":[{"embeddable":true,"href":"https:\/\/www.wallendorff.com\/belogue\/wp-json\/wp\/v2\/media\/26070"}],"wp:attachment":[{"href":"https:\/\/www.wallendorff.com\/belogue\/wp-json\/wp\/v2\/media?parent=16309"}],"wp:term":[{"taxonomy":"category","embeddable":true,"href":"https:\/\/www.wallendorff.com\/belogue\/wp-json\/wp\/v2\/categories?post=16309"},{"taxonomy":"post_tag","embeddable":true,"href":"https:\/\/www.wallendorff.com\/belogue\/wp-json\/wp\/v2\/tags?post=16309"}],"curies":[{"name":"wp","href":"https:\/\/api.w.org\/{rel}","templated":true}]}}