{"id":163,"date":"2006-06-01T00:16:22","date_gmt":"2006-06-01T00:16:22","guid":{"rendered":"http:\/\/www.po-l.com\/wordpress\/?p=163"},"modified":"2012-04-09T13:40:47","modified_gmt":"2012-04-09T11:40:47","slug":"miss-ampli","status":"publish","type":"post","link":"https:\/\/www.wallendorff.com\/belogue\/2006\/06\/01\/miss-ampli\/","title":{"rendered":"Miss Ampli."},"content":{"rendered":"\n<div id=\"photo\">\n<p><img decoding=\"async\" src=\"http:\/\/www.po-L.com\/belogue\/photo\/2006\/06\/20060601.jpg\" \/><br \/>\n          Le Bataclan, Paris, 18 mai.<\/p>\n<\/p><\/div>\n<p style=\"text-align:right\"> &ldquo;<em>No one else could see this apparition<br \/>\n        But because of my condition<\/em><\/p>\n<p style=\"text-align:right\"><em>I fell in love with a little ghost and that was all<\/em><\/p>\n<p style=\"text-align:right\"><em> Little ghost, little ghost<br \/>\n        One I&rsquo;m scared of the most<br \/>\n        Can you scare me up a little bit of love?<br \/>\n        I&rsquo;m the only one that sees you,<br \/>\n        And I can&rsquo;t do much to please you<br \/>\n        And it&rsquo;s not yet time to meet the lord above<br \/>\n        No, it&rsquo;s not yet time to meet the lord above<\/em>&rdquo;<\/p>\n<div id=\"bandeson\">\n<p><img decoding=\"async\" src=\"https:\/\/www.wallendorff.com\/belogue\/photo\/pochettes\/w\/white_stripes_the-get_behind_me_satan.jpg\" align=\"left\" \/>&nbsp;<a href=\"http:\/\/www.whitestripes.com\/\">The White Stripes<\/a> &ndash; <em>Little Ghost<\/em><\/p>\n<\/p><\/div>\n","protected":false},"excerpt":{"rendered":"<p>Le Bataclan, Paris, 18 mai. &ldquo;No one else could see this apparition But because of my condition I fell in love with a little ghost and that was all Little ghost, little ghost One I&rsquo;m scared of the most Can you scare me up a little bit of love? I&rsquo;m the only one that sees&hellip;<\/p>\n","protected":false},"author":1,"featured_media":24098,"comment_status":"open","ping_status":"open","sticky":false,"template":"","format":"standard","meta":{"_acf_changed":false,"ngg_post_thumbnail":0,"jetpack_post_was_ever_published":false,"_jetpack_newsletter_access":"","_jetpack_dont_email_post_to_subs":false,"_jetpack_newsletter_tier_id":0,"_jetpack_memberships_contains_paywalled_content":false,"_jetpack_memberships_contains_paid_content":false,"footnotes":"","jetpack_publicize_message":"","jetpack_publicize_feature_enabled":true,"jetpack_social_post_already_shared":false,"jetpack_social_options":{"image_generator_settings":{"template":"highway","default_image_id":0,"font":"","enabled":false},"version":2}},"categories":[3],"tags":[174,10183,10084,196,132,463,10120,10121,10332,1064,10098,770,10097],"class_list":["post-163","post","type-post","status-publish","format-standard","has-post-thumbnail","hentry","category-dpc","tag-174","tag-10183","tag-alive","tag-ef-28-70-mm-f28l-usm","tag-eos-20d","tag-dresden-dolls","tag-france","tag-ile-de-france","tag-le-bataclan","tag-little-ghost","tag-paris","tag-rouge","tag-the-white-stripes"],"acf":[],"geo":{"latitude":48.8629417,"longitude":2.370445,"description":"1-15 Passage Saint-Pierre Amelot, 75011 Paris, France"},"jetpack_publicize_connections":[],"jetpack_featured_media_url":"https:\/\/www.wallendorff.com\/belogue\/wp-content\/uploads\/2015\/04\/200606011.jpg","jetpack_shortlink":"https:\/\/wp.me\/p3b35P-2D","jetpack_sharing_enabled":true,"jetpack-related-posts":[{"id":130445,"url":"https:\/\/www.wallendorff.com\/belogue\/2024\/08\/31\/flogging-molly-le-bataclan-paris-27-aout-2024\/","url_meta":{"origin":163,"position":0},"title":"Flogging Molly @ le Bataclan, Paris, 27 ao\u00fbt 2024.","author":"dpc","date":"31 ao\u00fbt 2024","format":false,"excerpt":"Drunken Lullabies | The Hand of John L. Sullivan | Swagger | (Try) Keep the Man Down | Whistles the Wind | Life in a Tenement Square | A Song of Liberty | Tobacco Island | The Croppy Boy '98 | Float | Saints & Sinners | Rebels of the\u2026","rel":"","context":"Dans &quot;Alive&quot;","block_context":{"text":"Alive","link":"https:\/\/www.wallendorff.com\/belogue\/category\/alive\/"},"img":{"alt_text":"","src":"https:\/\/i0.wp.com\/www.wallendorff.com\/belogue\/wp-content\/uploads\/2024\/08\/20240830-26.jpg?resize=350%2C200&ssl=1","width":350,"height":200,"srcset":"https:\/\/i0.wp.com\/www.wallendorff.com\/belogue\/wp-content\/uploads\/2024\/08\/20240830-26.jpg?resize=350%2C200&ssl=1 1x, https:\/\/i0.wp.com\/www.wallendorff.com\/belogue\/wp-content\/uploads\/2024\/08\/20240830-26.jpg?resize=525%2C300&ssl=1 1.5x, https:\/\/i0.wp.com\/www.wallendorff.com\/belogue\/wp-content\/uploads\/2024\/08\/20240830-26.jpg?resize=700%2C400&ssl=1 2x, https:\/\/i0.wp.com\/www.wallendorff.com\/belogue\/wp-content\/uploads\/2024\/08\/20240830-26.jpg?resize=1050%2C600&ssl=1 3x"},"classes":[]},{"id":134068,"url":"https:\/\/www.wallendorff.com\/belogue\/2025\/10\/16\/the-cat-empire-le-bataclan-paris-14-octobre-2025\/","url_meta":{"origin":163,"position":1},"title":"The Cat Empire @ le Bataclan, Paris, 14 octobre 2025.","author":"dpc","date":"16 octobre 2025","format":false,"excerpt":"The Cat Empire @ le Bataclan, Paris, 14\/10\/2025 The Cat Empire @ le Bataclan, Paris, 14\/10\/2025 The Cat Empire @ le Bataclan, Paris, 14\/10\/2025 The Cat Empire @ le Bataclan, Paris, 14\/10\/2025 The Cat Empire @ le Bataclan, Paris, 14\/10\/2025 The Cat Empire @ le Bataclan, Paris, 14\/10\/2025 The Cat\u2026","rel":"","context":"Dans &quot;Alive&quot;","block_context":{"text":"Alive","link":"https:\/\/www.wallendorff.com\/belogue\/category\/alive\/"},"img":{"alt_text":"","src":"https:\/\/i0.wp.com\/www.wallendorff.com\/belogue\/wp-content\/uploads\/2025\/10\/20251016-12.jpg?resize=350%2C200&ssl=1","width":350,"height":200,"srcset":"https:\/\/i0.wp.com\/www.wallendorff.com\/belogue\/wp-content\/uploads\/2025\/10\/20251016-12.jpg?resize=350%2C200&ssl=1 1x, https:\/\/i0.wp.com\/www.wallendorff.com\/belogue\/wp-content\/uploads\/2025\/10\/20251016-12.jpg?resize=525%2C300&ssl=1 1.5x, https:\/\/i0.wp.com\/www.wallendorff.com\/belogue\/wp-content\/uploads\/2025\/10\/20251016-12.jpg?resize=700%2C400&ssl=1 2x, https:\/\/i0.wp.com\/www.wallendorff.com\/belogue\/wp-content\/uploads\/2025\/10\/20251016-12.jpg?resize=1050%2C600&ssl=1 3x"},"classes":[]},{"id":4230,"url":"https:\/\/www.wallendorff.com\/belogue\/2009\/05\/28\/bat-for-lashes-david-walters-caroline-weeks-le-bataclan-paris\/","url_meta":{"origin":163,"position":2},"title":"Bat for Lashes + David Walters + Caroline Weeks @ le Bataclan, Paris.","author":"dpc","date":"28 mai 2009","format":false,"excerpt":"\u00a0The White Stripes \u2013 Stop Breaking Down (Robert Johnson cover) \u00a0 Caroline Weeks \u00a0 David Walters \u00a0 Bat for Lashes \u00a0","rel":"","context":"Dans &quot;Alive&quot;","block_context":{"text":"Alive","link":"https:\/\/www.wallendorff.com\/belogue\/category\/alive\/"},"img":{"alt_text":"","src":"https:\/\/i0.wp.com\/www.wallendorff.com\/belogue\/wp-content\/uploads\/2015\/04\/200905281.jpg?resize=350%2C200&ssl=1","width":350,"height":200,"srcset":"https:\/\/i0.wp.com\/www.wallendorff.com\/belogue\/wp-content\/uploads\/2015\/04\/200905281.jpg?resize=350%2C200&ssl=1 1x, https:\/\/i0.wp.com\/www.wallendorff.com\/belogue\/wp-content\/uploads\/2015\/04\/200905281.jpg?resize=525%2C300&ssl=1 1.5x, https:\/\/i0.wp.com\/www.wallendorff.com\/belogue\/wp-content\/uploads\/2015\/04\/200905281.jpg?resize=700%2C400&ssl=1 2x"},"classes":[]},{"id":347,"url":"https:\/\/www.wallendorff.com\/belogue\/2005\/06\/11\/les-thunes-et-le-sou-la-manche\/","url_meta":{"origin":163,"position":3},"title":"Les thunes et le sou : la manche.","author":"dpc","date":"11 juin 2005","format":false,"excerpt":"Rue Oberkampf, Paris, 4 juin. \"Little ghost, little ghost, One I'm scared of the most Can you scare me up a little bit of love?\" [C'est moi ou elle fait un peu penser au Dominique de S\u0153ur Sourire, cette chanson?] \u00a0The White Stripes \u2013 Little Ghost","rel":"","context":"Dans &quot;DPC&quot;","block_context":{"text":"DPC","link":"https:\/\/www.wallendorff.com\/belogue\/category\/dpc\/"},"img":{"alt_text":"","src":"https:\/\/i0.wp.com\/www.wallendorff.com\/belogue\/wp-content\/uploads\/2015\/04\/200506111.jpg?resize=350%2C200&ssl=1","width":350,"height":200},"classes":[]},{"id":278,"url":"https:\/\/www.wallendorff.com\/belogue\/2005\/11\/06\/en-tricycle-homme-deja-sort\/","url_meta":{"origin":163,"position":4},"title":"En tricycle homme d&eacute;j&agrave; sort&sup1;.","author":"dpc","date":"6 novembre 2005","format":false,"excerpt":"Passage Lhomme, Paris, 15 octobre. Y a du soleil, il fait enfin froid, j'ai de nouvelles mitaines, les p\u00e2tes tomates-vin blanc c'est bon, la matin\u00e9e fut cotonneuse \u00e0 souhait et ces gens-ci ont post\u00e9 ce concert-l\u00e0. \u00c7a ghet's m\u00f4l2 grave, quoi. \u00a0The White Stripes \u2013 Little Ghost (live Paris 16\/10\/2005)\u2026","rel":"","context":"Dans &quot;DPC&quot;","block_context":{"text":"DPC","link":"https:\/\/www.wallendorff.com\/belogue\/category\/dpc\/"},"img":{"alt_text":"","src":"https:\/\/i0.wp.com\/www.wallendorff.com\/belogue\/wp-content\/uploads\/2015\/04\/200511061.jpg?resize=350%2C200&ssl=1","width":350,"height":200},"classes":[]},{"id":1083,"url":"https:\/\/www.wallendorff.com\/belogue\/2007\/11\/16\/previously-unreleased-73\/","url_meta":{"origin":163,"position":5},"title":"Previously unreleased #73\u00b9.","author":"dpc","date":"16 novembre 2007","format":false,"excerpt":"Kings of Leon, le Bataclan, 26 juin. Comprendre\u00a0: \u00ab\u00a0j'\u00e9tais tellement bourr\u00e9 au Beaujolais hier soir que j'en suis sorti sans photo ce matin, ce qui m'oblige \u00e0 meubler avec le premier fond de tiroir venu.\u00a0\u00bb J'ai honte, oui. \u00a0The White Stripes \u2013 Bone Broke _____ 1 Tradition fort jolie emprunt\u00e9e\u2026","rel":"","context":"Dans &quot;Previously unreleased&quot;","block_context":{"text":"Previously unreleased","link":"https:\/\/www.wallendorff.com\/belogue\/category\/previously-unreleased\/"},"img":{"alt_text":"","src":"https:\/\/i0.wp.com\/www.wallendorff.com\/belogue\/wp-content\/uploads\/2015\/04\/200711161.jpg?resize=350%2C200&ssl=1","width":350,"height":200},"classes":[]}],"_links":{"self":[{"href":"https:\/\/www.wallendorff.com\/belogue\/wp-json\/wp\/v2\/posts\/163","targetHints":{"allow":["GET"]}}],"collection":[{"href":"https:\/\/www.wallendorff.com\/belogue\/wp-json\/wp\/v2\/posts"}],"about":[{"href":"https:\/\/www.wallendorff.com\/belogue\/wp-json\/wp\/v2\/types\/post"}],"author":[{"embeddable":true,"href":"https:\/\/www.wallendorff.com\/belogue\/wp-json\/wp\/v2\/users\/1"}],"replies":[{"embeddable":true,"href":"https:\/\/www.wallendorff.com\/belogue\/wp-json\/wp\/v2\/comments?post=163"}],"version-history":[{"count":1,"href":"https:\/\/www.wallendorff.com\/belogue\/wp-json\/wp\/v2\/posts\/163\/revisions"}],"predecessor-version":[{"id":16774,"href":"https:\/\/www.wallendorff.com\/belogue\/wp-json\/wp\/v2\/posts\/163\/revisions\/16774"}],"wp:featuredmedia":[{"embeddable":true,"href":"https:\/\/www.wallendorff.com\/belogue\/wp-json\/wp\/v2\/media\/24098"}],"wp:attachment":[{"href":"https:\/\/www.wallendorff.com\/belogue\/wp-json\/wp\/v2\/media?parent=163"}],"wp:term":[{"taxonomy":"category","embeddable":true,"href":"https:\/\/www.wallendorff.com\/belogue\/wp-json\/wp\/v2\/categories?post=163"},{"taxonomy":"post_tag","embeddable":true,"href":"https:\/\/www.wallendorff.com\/belogue\/wp-json\/wp\/v2\/tags?post=163"}],"curies":[{"name":"wp","href":"https:\/\/api.w.org\/{rel}","templated":true}]}}