{"id":16153,"date":"2012-03-01T13:23:33","date_gmt":"2012-03-01T11:23:33","guid":{"rendered":"http:\/\/www.po-L.com\/belogue\/?p=16153"},"modified":"2012-12-25T20:12:35","modified_gmt":"2012-12-25T18:12:35","slug":"and-the-dead-of-winter-will-cut-you-quick","status":"publish","type":"post","link":"https:\/\/www.wallendorff.com\/belogue\/2012\/03\/01\/and-the-dead-of-winter-will-cut-you-quick\/","title":{"rendered":"And the dead of winter will cut you quick."},"content":{"rendered":"\n<div id=\"photo\">\n<p><img decoding=\"async\" src=\"https:\/\/www.wallendorff.com\/belogue\/photo\/2012\/03\/20120301.jpg\"><br \/>\nRue du Calvaire, Paris, 15 janvier, 23h24.<\/p>\n<\/p><\/div>\n<p>Le froid. Pire que <a href=\"https:\/\/www.wallendorff.com\/belogue\/2009\/01\/05\/lacs-et-phares-abiment\/\">le soir de la plaque de verglas du Sacr&eacute;-C&oelig;ur<\/a>. Place du Tertre d&eacute;serte, ruelle abandonn&eacute;e, escalier vide. Plus qu&rsquo;&agrave; attendre qu&rsquo;on se manifeste pour le meubler. Longtemps. Un quart d&rsquo;heure, peut-&ecirc;tre. Les SMS s&rsquo;envolent, tap&eacute;s &agrave; la va-vite avant que les doigts ne g&egrave;lent malgr&eacute; les mitaines de niveau 3<sup>1<\/sup>. Une femme surgit au bas des marches, les remonte lentement en les &eacute;clairant de son t&eacute;l&eacute;phone, &agrave; la recherche d&rsquo;un truc. Qu&rsquo;elle ne trouve pas. Dix minutes de plus. Fumer pendant ce temps. Et puis rien. Et puis eux. Eux qui descendent, eux qui s&rsquo;arr&ecirc;tent, eux qui s&#8217;embrassent, eux qui repartent.<\/p>\n<p style=\"text-align:right\">Doigts gel&eacute;s. Temps de rentrer.<\/p>\n<div id=\"bandeson\">\n<p><img decoding=\"async\" src=\"https:\/\/www.wallendorff.com\/belogue\/photo\/pochettes\/l\/lanegan_mark-blues_funeral.jpg\" align=\"left\" \/><a href=\"http:\/\/marklanegan.com\/\">Mark Lanegan Band<\/a> &ndash; <em>St. Louis Elegy<\/em><br \/>\n        [youtube]http:\/\/www.youtube.com\/watch?v=KTpq-HWNUJA[\/youtube]<\/p>\n<\/p><\/div>\n<div id=\"bas_note\">\n<p>_____ <\/p>\n<p>1. Mitaines vertes &agrave; capuches dites &laquo;&nbsp;mitaines du Michigan&nbsp;&raquo; et visibles sur <a class=\"lbp-inline-link-1\" href=\"https:\/\/www.wallendorff.com\/belogue\/photo\/2008\/02\/9826.jpg\" rel=\"lightbox[20120301]\" title=\"Macomb, 09\/01\/2005\">cette photo<\/a>. Ma vie est palpitante.<\/p>\n<\/p><\/div>\n","protected":false},"excerpt":{"rendered":"<p>Rue du Calvaire, Paris, 15 janvier, 23h24. Le froid. Pire que le soir de la plaque de verglas du Sacr&eacute;-C&oelig;ur. Place du Tertre d&eacute;serte, ruelle abandonn&eacute;e, escalier vide. Plus qu&rsquo;&agrave; attendre qu&rsquo;on se manifeste pour le meubler. Longtemps. Un quart d&rsquo;heure, peut-&ecirc;tre. Les SMS s&rsquo;envolent, tap&eacute;s &agrave; la va-vite avant que les doigts ne g&egrave;lent&hellip;<\/p>\n","protected":false},"author":1,"featured_media":26119,"comment_status":"open","ping_status":"open","sticky":false,"template":"","format":"standard","meta":{"_acf_changed":false,"ngg_post_thumbnail":0,"jetpack_post_was_ever_published":false,"_jetpack_newsletter_access":"","_jetpack_dont_email_post_to_subs":false,"_jetpack_newsletter_tier_id":0,"_jetpack_memberships_contains_paywalled_content":false,"_jetpack_memberships_contains_paid_content":false,"footnotes":"","jetpack_publicize_message":"","jetpack_publicize_feature_enabled":true,"jetpack_social_post_already_shared":false,"jetpack_social_options":{"image_generator_settings":{"template":"highway","default_image_id":0,"font":"","enabled":false},"version":2}},"categories":[3],"tags":[10143,7096,2571,2615,10359,10210,10120,10121,10278,10363,10142,10147,10098,5616,10158,5617],"class_list":["post-16153","post","type-post","status-publish","format-standard","has-post-thumbnail","hentry","category-dpc","tag-10143","tag-blues-funeral","tag-ef-16-35-mm-f28l-ii-usm","tag-eos-5d-mark-ii","tag-couple","tag-escalier","tag-france","tag-ile-de-france","tag-lampadaire","tag-mark-lanegan","tag-montmartre","tag-nuit","tag-paris","tag-rue-du-calvaire","tag-ruelle","tag-st-louis-elegy"],"acf":[],"geo":{"latitude":48.8860931,"longitude":2.3404689,"description":"Paris 18 Buttes-Montmartre, \u00cele-de-France, 75864 CEDEX 18, FR"},"jetpack_publicize_connections":[],"jetpack_featured_media_url":"https:\/\/www.wallendorff.com\/belogue\/wp-content\/uploads\/2015\/04\/201203011.jpg","jetpack_shortlink":"https:\/\/wp.me\/p3b35P-4cx","jetpack_sharing_enabled":true,"jetpack-related-posts":[{"id":253,"url":"https:\/\/www.wallendorff.com\/belogue\/2005\/12\/02\/passe-qu-on-posait\/","url_meta":{"origin":16153,"position":0},"title":"Pass&eacute; qu&rsquo;on posait.","author":"dpc","date":"2 d\u00e9cembre 2005","format":false,"excerpt":"Rue Bichat, Paris, 19 novembre. Curieux comme deux notes de ce qui ressemble \u00e0 une mandoline dans la radio d'un tabac peuvent \u00e9veiller ton oreille gauche, qui pr\u00e9vient ta droite, qui alerte ton cerveau, qui se demande \u00e0 quelle intro elles te font penser, les notes, pas les oreilles, puisque\u2026","rel":"","context":"Dans &quot;DPC&quot;","block_context":{"text":"DPC","link":"https:\/\/www.wallendorff.com\/belogue\/category\/dpc\/"},"img":{"alt_text":"","src":"https:\/\/i0.wp.com\/www.wallendorff.com\/belogue\/wp-content\/uploads\/2015\/04\/200512021.jpg?resize=350%2C200&ssl=1","width":350,"height":200},"classes":[]},{"id":796,"url":"https:\/\/www.wallendorff.com\/belogue\/2006\/09\/26\/batteur-a-eux\/","url_meta":{"origin":16153,"position":1},"title":"Batteur [\u00e0 eux].","author":"dpc","date":"26 septembre 2006","format":false,"excerpt":"Plus 44, le Trabendo, Paris, 20 septembre. Il ont un site officiel en travaux depuis moult, un label fant\u00f4me, \u00e7a fait deux ans que tout le monde1 attend leur 3e album et enfin, \u00e7a y est, LeurEspace en offre 4 morceaux qui disjoignent leur ethnie grave je te dis pas.\u2026","rel":"","context":"Dans &quot;DPC&quot;","block_context":{"text":"DPC","link":"https:\/\/www.wallendorff.com\/belogue\/category\/dpc\/"},"img":{"alt_text":"","src":"https:\/\/i0.wp.com\/www.wallendorff.com\/belogue\/wp-content\/uploads\/2015\/04\/200609261.jpg?resize=350%2C200&ssl=1","width":350,"height":200},"classes":[]},{"id":22375,"url":"https:\/\/www.wallendorff.com\/belogue\/2014\/01\/10\/hole-down-were-going-home\/","url_meta":{"origin":16153,"position":2},"title":"Hole down [we&rsquo;re going home].","author":"dpc","date":"10 janvier 2014","format":false,"excerpt":"Ruelle des Bordeaux, Metz, 21 d\u00e9cembre 2013. Je tiens \u00e0 f\u00e9liciter pour leur assidiuit\u00e9, leur bonne m\u00e9moire et leur vivacit\u00e9 d'esprit tous les lecteurs qui, en d\u00e9couvrant cette photo, se sont exclam\u00e9s\u00a0: \u00ab\u00a0Ah \u00e7\u00e0\u00a0! Mais c'est la ruelle du 8 septembre 2004\u00a0!\u00a0\u00bb Team Lorde","rel":"","context":"Dans &quot;DPC&quot;","block_context":{"text":"DPC","link":"https:\/\/www.wallendorff.com\/belogue\/category\/dpc\/"},"img":{"alt_text":"","src":"https:\/\/i0.wp.com\/www.wallendorff.com\/belogue\/wp-content\/uploads\/2015\/04\/201401101.jpg?resize=350%2C200&ssl=1","width":350,"height":200,"srcset":"https:\/\/i0.wp.com\/www.wallendorff.com\/belogue\/wp-content\/uploads\/2015\/04\/201401101.jpg?resize=350%2C200&ssl=1 1x, https:\/\/i0.wp.com\/www.wallendorff.com\/belogue\/wp-content\/uploads\/2015\/04\/201401101.jpg?resize=525%2C300&ssl=1 1.5x"},"classes":[]},{"id":23464,"url":"https:\/\/www.wallendorff.com\/belogue\/2014\/10\/21\/bastian-baker-la-maroquinerie-paris\/","url_meta":{"origin":16153,"position":3},"title":"Bastian Baker @ la Maroquinerie, Paris.","author":"dpc","date":"21 octobre 2014","format":false,"excerpt":"Oui, Bastian Baker. Puisque c'est un artiste pour jeunes, on retrouve certains incontournables du concert d'artiste pour jeunes\u00a0: filles qui campent devant la Maro la nuit pr\u00e9c\u00e9dente, fosse pr\u00eate \u00e0 mordre pour d\u00e9fendre sa place au pied de la sc\u00e8ne [d'o\u00f9 les photos de loin], parents d\u00e9s\u0153uvr\u00e9s venus pour accompagner\u2026","rel":"","context":"Dans &quot;Alive&quot;","block_context":{"text":"Alive","link":"https:\/\/www.wallendorff.com\/belogue\/category\/alive\/"},"img":{"alt_text":"","src":"https:\/\/i0.wp.com\/www.wallendorff.com\/belogue\/wp-content\/uploads\/2015\/04\/201410211.jpg?resize=350%2C200&ssl=1","width":350,"height":200,"srcset":"https:\/\/i0.wp.com\/www.wallendorff.com\/belogue\/wp-content\/uploads\/2015\/04\/201410211.jpg?resize=350%2C200&ssl=1 1x, https:\/\/i0.wp.com\/www.wallendorff.com\/belogue\/wp-content\/uploads\/2015\/04\/201410211.jpg?resize=525%2C300&ssl=1 1.5x, https:\/\/i0.wp.com\/www.wallendorff.com\/belogue\/wp-content\/uploads\/2015\/04\/201410211.jpg?resize=700%2C400&ssl=1 2x"},"classes":[]},{"id":1250,"url":"https:\/\/www.wallendorff.com\/belogue\/2008\/06\/16\/bah\/","url_meta":{"origin":16153,"position":4},"title":"Bah.","author":"dpc","date":"16 juin 2008","format":false,"excerpt":"Rue du Calvaire, Paris, 12 avril. [Tout \u00e7a devient bien trop monotone.] \u00a0Hard-Fi \u2013 Stars of CCTV","rel":"","context":"Dans &quot;DPC&quot;","block_context":{"text":"DPC","link":"https:\/\/www.wallendorff.com\/belogue\/category\/dpc\/"},"img":{"alt_text":"","src":"https:\/\/i0.wp.com\/www.wallendorff.com\/belogue\/wp-content\/uploads\/2015\/04\/200806161.jpg?resize=350%2C200&ssl=1","width":350,"height":200},"classes":[]},{"id":958,"url":"https:\/\/www.wallendorff.com\/belogue\/2007\/05\/23\/198smashing-pumpkins-le-grand-rex-paris\/","url_meta":{"origin":16153,"position":5},"title":"[198] Smashing Pumpkins @ le Grand Rex, Paris.","author":"dpc","date":"23 mai 2007","format":false,"excerpt":"L'excitation est palpable, mais le moment est-il historique\u00a0? Par d\u00e9finition \u00e7a craint, les reformations. \u00c7a en revient habituellement \u00e0 des bandes de vieux sur le retour cherchant \u00e0 se refaire en s'auto-singeant devant un parterre d'autres vieux en qu\u00eate des eux-m\u00eames qu'il furent. En plus Corgan n'a m\u00eame pas r\u00e9ussi\u2026","rel":"","context":"Dans &quot;Alive&quot;","block_context":{"text":"Alive","link":"https:\/\/www.wallendorff.com\/belogue\/category\/alive\/"},"img":{"alt_text":"","src":"https:\/\/i0.wp.com\/www.wallendorff.com\/belogue\/wp-content\/uploads\/2015\/04\/200705231.jpg?resize=350%2C200&ssl=1","width":350,"height":200},"classes":[]}],"_links":{"self":[{"href":"https:\/\/www.wallendorff.com\/belogue\/wp-json\/wp\/v2\/posts\/16153","targetHints":{"allow":["GET"]}}],"collection":[{"href":"https:\/\/www.wallendorff.com\/belogue\/wp-json\/wp\/v2\/posts"}],"about":[{"href":"https:\/\/www.wallendorff.com\/belogue\/wp-json\/wp\/v2\/types\/post"}],"author":[{"embeddable":true,"href":"https:\/\/www.wallendorff.com\/belogue\/wp-json\/wp\/v2\/users\/1"}],"replies":[{"embeddable":true,"href":"https:\/\/www.wallendorff.com\/belogue\/wp-json\/wp\/v2\/comments?post=16153"}],"version-history":[{"count":17,"href":"https:\/\/www.wallendorff.com\/belogue\/wp-json\/wp\/v2\/posts\/16153\/revisions"}],"predecessor-version":[{"id":19908,"href":"https:\/\/www.wallendorff.com\/belogue\/wp-json\/wp\/v2\/posts\/16153\/revisions\/19908"}],"wp:featuredmedia":[{"embeddable":true,"href":"https:\/\/www.wallendorff.com\/belogue\/wp-json\/wp\/v2\/media\/26119"}],"wp:attachment":[{"href":"https:\/\/www.wallendorff.com\/belogue\/wp-json\/wp\/v2\/media?parent=16153"}],"wp:term":[{"taxonomy":"category","embeddable":true,"href":"https:\/\/www.wallendorff.com\/belogue\/wp-json\/wp\/v2\/categories?post=16153"},{"taxonomy":"post_tag","embeddable":true,"href":"https:\/\/www.wallendorff.com\/belogue\/wp-json\/wp\/v2\/tags?post=16153"}],"curies":[{"name":"wp","href":"https:\/\/api.w.org\/{rel}","templated":true}]}}