{"id":16133,"date":"2012-02-29T13:07:57","date_gmt":"2012-02-29T11:07:57","guid":{"rendered":"http:\/\/www.po-L.com\/belogue\/?p=16133"},"modified":"2013-02-27T12:45:07","modified_gmt":"2013-02-27T10:45:07","slug":"shooting-meuhmeuhz-3","status":"publish","type":"post","link":"https:\/\/www.wallendorff.com\/belogue\/2012\/02\/29\/shooting-meuhmeuhz-3\/","title":{"rendered":"Shooting meuhmeuhz #3."},"content":{"rendered":"\n<div id=\"photo\">\n<p><img decoding=\"async\" src=\"https:\/\/www.wallendorff.com\/belogue\/photo\/2012\/02\/20120229.jpg\"><\/p>\n<\/p><\/div>\n<p>Je tiens &agrave; remercier publiquement Chantal le veau, mais &eacute;galement ses amis Gilles, Djayzone, Arnufle, Potence, Ringo et Paul, Sigourney, Jean-Bielle, Flatule, Ramette, Maurice, Casserole, Ramette, Xavier-Ren&eacute;, Ramette et tous ceux que j&rsquo;oublie pour s&rsquo;&ecirc;tre gentiment laiss&eacute; approcher sans meugler, b&ecirc;ler, b&eacute;gu&eacute;ter, grouiner, caqueter, clapir ni broncher. Chantal le veau, mais &eacute;galement tes amis Gilles, Djayzone, Arnufle, Potence, Ringo et Paul, Sigourney, Jean-Bielle, Flatule, Ramette, Maurice, Casserole, Ramette, Xavier-Ren&eacute;, Ramette et tous ceux que j&rsquo;oublie, vous &ecirc;tes de cools animaux.<\/p>\n<p style=\"text-align:right\">Archives de l&rsquo;ann&eacute;e derni&egrave;re et leurs fameux moutons-lapins <a href=\"https:\/\/www.wallendorff.com\/belogue\/2011\/02\/24\/shooting-meuhmeuhz\/\">par l&agrave;-bas<\/a>, si jamais.<\/p>\n<p style=\"text-align:right\">L&rsquo;ann&eacute;e prochaine, j&rsquo;essaierai de trouver des poneys et des coins-coins.<\/p>\n<div id=\"bandeson\">\n<p><img decoding=\"async\" src=\"https:\/\/www.wallendorff.com\/belogue\/photo\/pochettes\/d\/dandy_warhols_the-thirteen_tales_from_urban_bohemia.jpg\" align=\"left\" \/><a href=\"http:\/\/www.thedandywarhols.com\/\">The Dandy Warhols<\/a> &ndash; <em>Solid<\/em><br \/>\n          [youtube]http:\/\/www.youtube.com\/watch?v=0H1blQckNw0[\/youtube]<\/p>\n<\/p><\/div>ngg_shortcode_0_placeholder<p>&nbsp;<\/p>\n","protected":false},"excerpt":{"rendered":"<p>Je tiens &agrave; remercier publiquement Chantal le veau, mais &eacute;galement ses amis Gilles, Djayzone, Arnufle, Potence, Ringo et Paul, Sigourney, Jean-Bielle, Flatule, Ramette, Maurice, Casserole, Ramette, Xavier-Ren&eacute;, Ramette et tous ceux que j&rsquo;oublie pour s&rsquo;&ecirc;tre gentiment laiss&eacute; approcher sans meugler, b&ecirc;ler, b&eacute;gu&eacute;ter, grouiner, caqueter, clapir ni broncher. Chantal le veau, mais &eacute;galement tes amis Gilles,&hellip;<\/p>\n","protected":false},"author":1,"featured_media":26165,"comment_status":"open","ping_status":"open","sticky":false,"template":"","format":"standard","meta":{"_acf_changed":false,"ngg_post_thumbnail":0,"jetpack_post_was_ever_published":false,"_jetpack_newsletter_access":"","_jetpack_dont_email_post_to_subs":false,"_jetpack_newsletter_tier_id":0,"_jetpack_memberships_contains_paywalled_content":false,"_jetpack_memberships_contains_paid_content":false,"footnotes":"","jetpack_publicize_message":"","jetpack_publicize_feature_enabled":true,"jetpack_social_post_already_shared":false,"jetpack_social_options":{"image_generator_settings":{"template":"highway","default_image_id":0,"font":"","enabled":false},"version":2}},"categories":[7,7357],"tags":[10243,1016,2571,2615,5614,10106,10995,10120,10121,10752,10568,143,10098,10244,10996,878,5615,10179,10858,10859],"class_list":["post-16133","post","type-post","status-publish","format-standard","has-post-thumbnail","hentry","category-alive","category-shooting-meuhmeuhz","tag-10243","tag-ef-15-mm-f28-fisheye","tag-ef-16-35-mm-f28l-ii-usm","tag-eos-5d-mark-ii","tag-chevre","tag-cochon","tag-coq","tag-france","tag-ile-de-france","tag-lapin","tag-mouton","tag-noir-et-blanc","tag-paris","tag-paris-expo","tag-poule","tag-salon-de-lagriculture","tag-solid","tag-the-dandy-warhols","tag-vache","tag-veau"],"acf":[],"geo":{"latitude":48.8319359,"longitude":2.2854459,"description":"Rue des Sciences, 75015 Paris, France"},"jetpack_publicize_connections":[],"jetpack_featured_media_url":"https:\/\/www.wallendorff.com\/belogue\/wp-content\/uploads\/2015\/04\/201202291.jpg","jetpack_shortlink":"https:\/\/wp.me\/p3b35P-4cd","jetpack_sharing_enabled":true,"jetpack-related-posts":[{"id":20519,"url":"https:\/\/www.wallendorff.com\/belogue\/2013\/02\/27\/shooting-meuhmeuhz-4\/","url_meta":{"origin":16133,"position":0},"title":"Shooting meuhmeuhz #4.","author":"dpc","date":"27 f\u00e9vrier 2013","format":false,"excerpt":"Avec, par ordre d'apparition\u00a0: \u00c9ric, Gondole, P\u00e9tale, Ghislain, Bandouli\u00e8re, Joseph, Sigourney, Ramette, Ventouse, Chantal, Cafeti\u00e8re, Gis\u00e8le, Ramette, Guidon, Yves, Altim\u00e8tre, David-Bowie, Cassoulet, \u00c9charpe, Ramette, Claudie, Trap\u00e8ze, Allan et Ramette. Merci \u00c9ric, merci Gondole, merci P\u00e9tale, merci Ghislain, merci Bandouli\u00e8re, merci Joseph, merci Sigourney, merci Ramette, merci Ventouse, merci Chantal, merci\u2026","rel":"","context":"Dans &quot;Alive&quot;","block_context":{"text":"Alive","link":"https:\/\/www.wallendorff.com\/belogue\/category\/alive\/"},"img":{"alt_text":"","src":"https:\/\/i0.wp.com\/www.wallendorff.com\/belogue\/wp-content\/uploads\/2015\/04\/20130227.jpg?resize=350%2C200&ssl=1","width":350,"height":200,"srcset":"https:\/\/i0.wp.com\/www.wallendorff.com\/belogue\/wp-content\/uploads\/2015\/04\/20130227.jpg?resize=350%2C200&ssl=1 1x, https:\/\/i0.wp.com\/www.wallendorff.com\/belogue\/wp-content\/uploads\/2015\/04\/20130227.jpg?resize=525%2C300&ssl=1 1.5x, https:\/\/i0.wp.com\/www.wallendorff.com\/belogue\/wp-content\/uploads\/2015\/04\/20130227.jpg?resize=700%2C400&ssl=1 2x"},"classes":[]},{"id":22551,"url":"https:\/\/www.wallendorff.com\/belogue\/2014\/02\/27\/shooting-meuhmeuhz-5\/","url_meta":{"origin":16133,"position":1},"title":"Shooting meuhmeuhz #5.","author":"dpc","date":"27 f\u00e9vrier 2014","format":false,"excerpt":"Les gens, je vous pr\u00e9sente mes nouveaux amis Blaise, Chemise, Rajiv, Ramette, Chicon, Georges, Socquette, Ramette, Pantoufle, Enclume, Jean-Louis, Siphon, Ramette, Ampoule, Bigorneau, Sonia, Ramette, Ventoline, Tricycle, Hayon, Ramette, Staline, Ricotta, Rago\u00fbt, G\u00e9n\u00e9pi, Dan-Ackroyd, Ramette, C\u00e9novis, Claquette, Simon, Ramette, Ramette, Ouanedirection, Gla\u00efeul et Ramette. Blaise, Chemise, Rajiv, Ramette, Chicon, Georges,\u2026","rel":"","context":"Dans &quot;Alive&quot;","block_context":{"text":"Alive","link":"https:\/\/www.wallendorff.com\/belogue\/category\/alive\/"},"img":{"alt_text":"","src":"https:\/\/i0.wp.com\/www.wallendorff.com\/belogue\/wp-content\/uploads\/2015\/04\/201402271.jpg?resize=350%2C200&ssl=1","width":350,"height":200,"srcset":"https:\/\/i0.wp.com\/www.wallendorff.com\/belogue\/wp-content\/uploads\/2015\/04\/201402271.jpg?resize=350%2C200&ssl=1 1x, https:\/\/i0.wp.com\/www.wallendorff.com\/belogue\/wp-content\/uploads\/2015\/04\/201402271.jpg?resize=525%2C300&ssl=1 1.5x, https:\/\/i0.wp.com\/www.wallendorff.com\/belogue\/wp-content\/uploads\/2015\/04\/201402271.jpg?resize=700%2C400&ssl=1 2x"},"classes":[]},{"id":22886,"url":"https:\/\/www.wallendorff.com\/belogue\/2014\/06\/04\/10-ans-a-la-ferme\/","url_meta":{"origin":16133,"position":2},"title":"10 ans [\u00e0 la] ferme.","author":"dpc","date":"4 juin 2014","format":false,"excerpt":"10 ans de jappement, de meuglements, de caquettements, de b\u00ealements et de piaillement. D'abord avec des toutous, puis des chats, puis tout le reste de la ferme quand na\u00eet en 2011 notre tradition de la visite annuelle au salon de la meuh-meuh (et \u00e0 l'ap\u00e9ro des producteurs de brebis). 10\u2026","rel":"","context":"Dans &quot;DPC&quot;","block_context":{"text":"DPC","link":"https:\/\/www.wallendorff.com\/belogue\/category\/dpc\/"},"img":{"alt_text":"","src":"https:\/\/i0.wp.com\/www.wallendorff.com\/belogue\/wp-content\/uploads\/2015\/04\/201204262.jpg?resize=350%2C200&ssl=1","width":350,"height":200,"srcset":"https:\/\/i0.wp.com\/www.wallendorff.com\/belogue\/wp-content\/uploads\/2015\/04\/201204262.jpg?resize=350%2C200&ssl=1 1x, https:\/\/i0.wp.com\/www.wallendorff.com\/belogue\/wp-content\/uploads\/2015\/04\/201204262.jpg?resize=525%2C300&ssl=1 1.5x, https:\/\/i0.wp.com\/www.wallendorff.com\/belogue\/wp-content\/uploads\/2015\/04\/201204262.jpg?resize=700%2C400&ssl=1 2x"},"classes":[]},{"id":12346,"url":"https:\/\/www.wallendorff.com\/belogue\/2011\/02\/24\/shooting-meuhmeuhz\/","url_meta":{"origin":16133,"position":3},"title":"Shooting meuhmeuhz.","author":"dpc","date":"24 f\u00e9vrier 2011","format":false,"excerpt":"Porte de Versailles, 23 f\u00e9vrier. \u00a0The Dandy Warhols1 \u2013 The New Country _____ 1 Je promets solennellement de ne plus poster de Dandy Warhols en bande-son jusqu'\u00e0 au moins la semaine prochaine.","rel":"","context":"Dans &quot;Shooting meuhmeuhz&quot;","block_context":{"text":"Shooting meuhmeuhz","link":"https:\/\/www.wallendorff.com\/belogue\/category\/shooting-meuhmeuhz\/"},"img":{"alt_text":"","src":"https:\/\/i0.wp.com\/www.wallendorff.com\/belogue\/wp-content\/uploads\/2015\/04\/20110224-011.jpg?resize=350%2C200&ssl=1","width":350,"height":200,"srcset":"https:\/\/i0.wp.com\/www.wallendorff.com\/belogue\/wp-content\/uploads\/2015\/04\/20110224-011.jpg?resize=350%2C200&ssl=1 1x, https:\/\/i0.wp.com\/www.wallendorff.com\/belogue\/wp-content\/uploads\/2015\/04\/20110224-011.jpg?resize=525%2C300&ssl=1 1.5x"},"classes":[]},{"id":12465,"url":"https:\/\/www.wallendorff.com\/belogue\/2011\/03\/22\/shooting-meuhmeuhz-2\/","url_meta":{"origin":16133,"position":4},"title":"Shooting meuhmeuhz #2.","author":"dpc","date":"22 mars 2011","format":false,"excerpt":"Salon de la meuh-meuh, Paris, 23 f\u00e9vrier. Comme Rustine me fait une t\u00eate de cochon depuis deux semaines parce que j'ai oubli\u00e9 de publier sa photo dans ma s\u00e9rie de l'autre jour, aujourd'hui ce sera photo de Rustine. Voil\u00e0. Bonjour, Rustine. I'm from Barcelona \u2013 But Hey Even Though Your\u2026","rel":"","context":"Dans &quot;Shooting meuhmeuhz&quot;","block_context":{"text":"Shooting meuhmeuhz","link":"https:\/\/www.wallendorff.com\/belogue\/category\/shooting-meuhmeuhz\/"},"img":{"alt_text":"","src":"https:\/\/i0.wp.com\/www.wallendorff.com\/belogue\/wp-content\/uploads\/2015\/04\/201103221.jpg?resize=350%2C200&ssl=1","width":350,"height":200},"classes":[]},{"id":13771,"url":"https:\/\/www.wallendorff.com\/belogue\/2011\/10\/21\/le-frais-du-veau\/","url_meta":{"origin":16133,"position":5},"title":"Le frais [du veau].","author":"dpc","date":"21 octobre 2011","format":false,"excerpt":"Cit\u00e9 des Sciences et de l'Industrie, Paris, 15 ao\u00fbt. Cults \u2013 Oh My God[youtube]www.youtube.com\/watch?v=KebXzv1wP4A[\/youtube]","rel":"","context":"Dans &quot;DPC&quot;","block_context":{"text":"DPC","link":"https:\/\/www.wallendorff.com\/belogue\/category\/dpc\/"},"img":{"alt_text":"","src":"https:\/\/i0.wp.com\/www.wallendorff.com\/belogue\/wp-content\/uploads\/2015\/04\/201110211.jpg?resize=350%2C200&ssl=1","width":350,"height":200},"classes":[]}],"_links":{"self":[{"href":"https:\/\/www.wallendorff.com\/belogue\/wp-json\/wp\/v2\/posts\/16133","targetHints":{"allow":["GET"]}}],"collection":[{"href":"https:\/\/www.wallendorff.com\/belogue\/wp-json\/wp\/v2\/posts"}],"about":[{"href":"https:\/\/www.wallendorff.com\/belogue\/wp-json\/wp\/v2\/types\/post"}],"author":[{"embeddable":true,"href":"https:\/\/www.wallendorff.com\/belogue\/wp-json\/wp\/v2\/users\/1"}],"replies":[{"embeddable":true,"href":"https:\/\/www.wallendorff.com\/belogue\/wp-json\/wp\/v2\/comments?post=16133"}],"version-history":[{"count":8,"href":"https:\/\/www.wallendorff.com\/belogue\/wp-json\/wp\/v2\/posts\/16133\/revisions"}],"predecessor-version":[{"id":20520,"href":"https:\/\/www.wallendorff.com\/belogue\/wp-json\/wp\/v2\/posts\/16133\/revisions\/20520"}],"wp:featuredmedia":[{"embeddable":true,"href":"https:\/\/www.wallendorff.com\/belogue\/wp-json\/wp\/v2\/media\/26165"}],"wp:attachment":[{"href":"https:\/\/www.wallendorff.com\/belogue\/wp-json\/wp\/v2\/media?parent=16133"}],"wp:term":[{"taxonomy":"category","embeddable":true,"href":"https:\/\/www.wallendorff.com\/belogue\/wp-json\/wp\/v2\/categories?post=16133"},{"taxonomy":"post_tag","embeddable":true,"href":"https:\/\/www.wallendorff.com\/belogue\/wp-json\/wp\/v2\/tags?post=16133"}],"curies":[{"name":"wp","href":"https:\/\/api.w.org\/{rel}","templated":true}]}}