{"id":16112,"date":"2012-02-28T13:17:58","date_gmt":"2012-02-28T11:17:58","guid":{"rendered":"http:\/\/www.po-L.com\/belogue\/?p=16112"},"modified":"2012-03-15T12:15:32","modified_gmt":"2012-03-15T10:15:32","slug":"adam-cohen-adam-wood-le-divan-du-monde-paris","status":"publish","type":"post","link":"https:\/\/www.wallendorff.com\/belogue\/2012\/02\/28\/adam-cohen-adam-wood-le-divan-du-monde-paris\/","title":{"rendered":"Adam Cohen + Adam Wood @ le Divan du Monde, Paris."},"content":{"rendered":"\n<div id=\"photo\">\n<p><img decoding=\"async\" src=\"https:\/\/www.wallendorff.com\/belogue\/photo\/2012\/02\/20120228.jpg\"><\/p>\n<\/p><\/div>\n<div id=\"setlist\">\n<p><em>Lie Alone<\/em> | <em>Sweet Dominique<\/em> | <em>What Other Guy<\/em> | <em>Hey Jane<\/em> | <em>Matchbox<\/em> | <em>Like a Man<\/em> | <em>Stranger<\/em> | <em>What&rsquo;s Goin&rsquo; on<\/em> (Marvin Gaye) | <em>Beautiful<\/em> | <em>Eleanor<\/em> | <em>So Long, Marianne<\/em> (Leonard Cohen) || <em>Nothing Compares 2 You<\/em> (Prince) | <em>Overrated<\/em> | <em>Out of Bed<\/em> | <em>Tower of Song<\/em> (Leonard Cohen)<\/p>\n<\/p><\/div>\n<div id=\"bandeson\">\n<p><img decoding=\"async\" src=\"https:\/\/www.wallendorff.com\/belogue\/photo\/pochettes\/p\/pontiak-echo_ono.jpg\" align=\"left\" \/><a href=\"http:\/\/brotherspontiak.com\/\">Pontiak<\/a> &ndash; <em>Lions of Least<\/em><br \/>\n          [youtube]http:\/\/www.youtube.com\/watch?v=dsE9Mpz3mLQ[\/youtube]<\/p>\n<\/p><\/div>\n<h1>Adam Wood<\/h1>ngg_shortcode_0_placeholder<h1>Adam Cohen<\/h1>ngg_shortcode_1_placeholder","protected":false},"excerpt":{"rendered":"<p>Lie Alone | Sweet Dominique | What Other Guy | Hey Jane | Matchbox | Like a Man | Stranger | What&rsquo;s Goin&rsquo; on (Marvin Gaye) | Beautiful | Eleanor | So Long, Marianne (Leonard Cohen) || Nothing Compares 2 You (Prince) | Overrated | Out of Bed | Tower of Song (Leonard Cohen) Pontiak&hellip;<\/p>\n","protected":false},"author":1,"featured_media":26137,"comment_status":"open","ping_status":"open","sticky":false,"template":"","format":"standard","meta":{"_acf_changed":false,"ngg_post_thumbnail":0,"jetpack_post_was_ever_published":false,"_jetpack_newsletter_access":"","_jetpack_dont_email_post_to_subs":false,"_jetpack_newsletter_tier_id":0,"_jetpack_memberships_contains_paywalled_content":false,"_jetpack_memberships_contains_paid_content":false,"footnotes":"","jetpack_publicize_message":"","jetpack_publicize_feature_enabled":true,"jetpack_social_post_already_shared":false,"jetpack_social_options":{"image_generator_settings":{"template":"highway","default_image_id":0,"font":"","enabled":false},"version":2}},"categories":[7],"tags":[10951,10143,10991,10992,10084,2571,196,1438,181,2615,10120,10121,10375,5607,143,10098,5606],"class_list":["post-16112","post","type-post","status-publish","format-standard","has-post-thumbnail","hentry","category-alive","tag-10951","tag-10143","tag-adam-cohen","tag-adam-wood","tag-alive","tag-ef-16-35-mm-f28l-ii-usm","tag-ef-28-70-mm-f28l-usm","tag-ef-50-mm-f14-usm","tag-ef-70-200-mm-f28l-usm","tag-eos-5d-mark-ii","tag-france","tag-ile-de-france","tag-le-divan-du-monde","tag-lions-of-least","tag-noir-et-blanc","tag-paris","tag-pontiak"],"acf":[],"geo":{"latitude":48.8824692,"longitude":2.3394871,"description":"75 Rue des Martyrs, 75018 Paris, France"},"jetpack_publicize_connections":[],"jetpack_featured_media_url":"https:\/\/www.wallendorff.com\/belogue\/wp-content\/uploads\/2015\/04\/201202281.jpg","jetpack_shortlink":"https:\/\/wp.me\/p3b35P-4bS","jetpack_sharing_enabled":true,"jetpack-related-posts":[{"id":5242,"url":"https:\/\/www.wallendorff.com\/belogue\/2009\/12\/05\/i-build-a-house-for-your-bones\/","url_meta":{"origin":16112,"position":0},"title":"I build a house for your bones.","author":"dpc","date":"5 d\u00e9cembre 2009","format":false,"excerpt":"Chapelle expiatoire, Paris, 20 septembre. \u00a0The Dead Weather \u2013 Bone House","rel":"","context":"Dans &quot;DPC&quot;","block_context":{"text":"DPC","link":"https:\/\/www.wallendorff.com\/belogue\/category\/dpc\/"},"img":{"alt_text":"","src":"https:\/\/i0.wp.com\/www.wallendorff.com\/belogue\/wp-content\/uploads\/2015\/04\/200912051.jpg?resize=350%2C200&ssl=1","width":350,"height":200},"classes":[]},{"id":10353,"url":"https:\/\/www.wallendorff.com\/belogue\/2010\/12\/04\/ilis-le-divan-du-monde-paris\/","url_meta":{"origin":16112,"position":1},"title":"iLiS @ le Divan du Monde, Paris.","author":"dpc","date":"4 d\u00e9cembre 2010","format":false,"excerpt":"Tyvek \u2013 4312","rel":"","context":"Dans &quot;Alive&quot;","block_context":{"text":"Alive","link":"https:\/\/www.wallendorff.com\/belogue\/category\/alive\/"},"img":{"alt_text":"","src":"https:\/\/i0.wp.com\/www.wallendorff.com\/belogue\/wp-content\/uploads\/2015\/04\/201012041.jpg?resize=350%2C200&ssl=1","width":350,"height":200,"srcset":"https:\/\/i0.wp.com\/www.wallendorff.com\/belogue\/wp-content\/uploads\/2015\/04\/201012041.jpg?resize=350%2C200&ssl=1 1x, https:\/\/i0.wp.com\/www.wallendorff.com\/belogue\/wp-content\/uploads\/2015\/04\/201012041.jpg?resize=525%2C300&ssl=1 1.5x, https:\/\/i0.wp.com\/www.wallendorff.com\/belogue\/wp-content\/uploads\/2015\/04\/201012041.jpg?resize=700%2C400&ssl=1 2x"},"classes":[]},{"id":23498,"url":"https:\/\/www.wallendorff.com\/belogue\/2014\/10\/30\/the-asteroids-galaxy-tour-le-divan-du-monde-paris\/","url_meta":{"origin":16112,"position":2},"title":"The Asteroids Galaxy Tour @ le Divan du Monde, Paris.","author":"dpc","date":"30 octobre 2014","format":false,"excerpt":"Rock the Ride The Asteroids Galaxy Tour \u00a0","rel":"","context":"Dans &quot;Alive&quot;","block_context":{"text":"Alive","link":"https:\/\/www.wallendorff.com\/belogue\/category\/alive\/"},"img":{"alt_text":"","src":"https:\/\/i0.wp.com\/www.wallendorff.com\/belogue\/wp-content\/uploads\/2015\/04\/201410301.jpg?resize=350%2C200&ssl=1","width":350,"height":200,"srcset":"https:\/\/i0.wp.com\/www.wallendorff.com\/belogue\/wp-content\/uploads\/2015\/04\/201410301.jpg?resize=350%2C200&ssl=1 1x, https:\/\/i0.wp.com\/www.wallendorff.com\/belogue\/wp-content\/uploads\/2015\/04\/201410301.jpg?resize=525%2C300&ssl=1 1.5x, https:\/\/i0.wp.com\/www.wallendorff.com\/belogue\/wp-content\/uploads\/2015\/04\/201410301.jpg?resize=700%2C400&ssl=1 2x"},"classes":[]},{"id":23917,"url":"https:\/\/www.wallendorff.com\/belogue\/2015\/03\/26\/courtney-barnett-sallie-ford-le-divan-du-monde-paris\/","url_meta":{"origin":16112,"position":3},"title":"Courtney Barnett \/ Sallie Ford @ le Divan du Monde, Paris.","author":"dpc","date":"26 mars 2015","format":false,"excerpt":"Pedestrian at Best Courtney Barnett Courtney Barnett Sallie Ford \u00a0","rel":"","context":"Dans &quot;Alive&quot;","block_context":{"text":"Alive","link":"https:\/\/www.wallendorff.com\/belogue\/category\/alive\/"},"img":{"alt_text":"","src":"https:\/\/i0.wp.com\/www.wallendorff.com\/belogue\/wp-content\/uploads\/2015\/04\/201503261.jpg?resize=350%2C200&ssl=1","width":350,"height":200,"srcset":"https:\/\/i0.wp.com\/www.wallendorff.com\/belogue\/wp-content\/uploads\/2015\/04\/201503261.jpg?resize=350%2C200&ssl=1 1x, https:\/\/i0.wp.com\/www.wallendorff.com\/belogue\/wp-content\/uploads\/2015\/04\/201503261.jpg?resize=525%2C300&ssl=1 1.5x, https:\/\/i0.wp.com\/www.wallendorff.com\/belogue\/wp-content\/uploads\/2015\/04\/201503261.jpg?resize=700%2C400&ssl=1 2x"},"classes":[]},{"id":4127,"url":"https:\/\/www.wallendorff.com\/belogue\/2009\/04\/08\/shooting-people-50\/","url_meta":{"origin":16112,"position":4},"title":"Shooting people #50&frac12;.","author":"dpc","date":"8 avril 2009","format":false,"excerpt":"Place Dalida, Paris, 2 mars. Josh Ritter \u2013 Chelsea Hotel #2 (Leonard Cohen cover) (live) Encul\u00e9\u00e9\u00e9\u00e9\u00e9\u00e9\u00e9\u00e9\u00e9\u00e9s.","rel":"","context":"Dans &quot;Portraits&quot;","block_context":{"text":"Portraits","link":"https:\/\/www.wallendorff.com\/belogue\/category\/portraits\/"},"img":{"alt_text":"","src":"https:\/\/i0.wp.com\/www.wallendorff.com\/belogue\/wp-content\/uploads\/2015\/04\/200904081.jpg?resize=350%2C200&ssl=1","width":350,"height":200},"classes":[]},{"id":19027,"url":"https:\/\/www.wallendorff.com\/belogue\/2012\/09\/21\/torche-le-divan-du-monde-paris\/","url_meta":{"origin":16112,"position":5},"title":"Torche @ le Divan du Monde, Paris.","author":"dpc","date":"21 septembre 2012","format":false,"excerpt":"Torche \u2013 Kicking \u00a0","rel":"","context":"Dans &quot;Alive&quot;","block_context":{"text":"Alive","link":"https:\/\/www.wallendorff.com\/belogue\/category\/alive\/"},"img":{"alt_text":"","src":"https:\/\/i0.wp.com\/www.wallendorff.com\/belogue\/wp-content\/uploads\/2015\/04\/201209211.jpg?resize=350%2C200&ssl=1","width":350,"height":200,"srcset":"https:\/\/i0.wp.com\/www.wallendorff.com\/belogue\/wp-content\/uploads\/2015\/04\/201209211.jpg?resize=350%2C200&ssl=1 1x, https:\/\/i0.wp.com\/www.wallendorff.com\/belogue\/wp-content\/uploads\/2015\/04\/201209211.jpg?resize=525%2C300&ssl=1 1.5x, https:\/\/i0.wp.com\/www.wallendorff.com\/belogue\/wp-content\/uploads\/2015\/04\/201209211.jpg?resize=700%2C400&ssl=1 2x"},"classes":[]}],"_links":{"self":[{"href":"https:\/\/www.wallendorff.com\/belogue\/wp-json\/wp\/v2\/posts\/16112","targetHints":{"allow":["GET"]}}],"collection":[{"href":"https:\/\/www.wallendorff.com\/belogue\/wp-json\/wp\/v2\/posts"}],"about":[{"href":"https:\/\/www.wallendorff.com\/belogue\/wp-json\/wp\/v2\/types\/post"}],"author":[{"embeddable":true,"href":"https:\/\/www.wallendorff.com\/belogue\/wp-json\/wp\/v2\/users\/1"}],"replies":[{"embeddable":true,"href":"https:\/\/www.wallendorff.com\/belogue\/wp-json\/wp\/v2\/comments?post=16112"}],"version-history":[{"count":5,"href":"https:\/\/www.wallendorff.com\/belogue\/wp-json\/wp\/v2\/posts\/16112\/revisions"}],"predecessor-version":[{"id":16400,"href":"https:\/\/www.wallendorff.com\/belogue\/wp-json\/wp\/v2\/posts\/16112\/revisions\/16400"}],"wp:featuredmedia":[{"embeddable":true,"href":"https:\/\/www.wallendorff.com\/belogue\/wp-json\/wp\/v2\/media\/26137"}],"wp:attachment":[{"href":"https:\/\/www.wallendorff.com\/belogue\/wp-json\/wp\/v2\/media?parent=16112"}],"wp:term":[{"taxonomy":"category","embeddable":true,"href":"https:\/\/www.wallendorff.com\/belogue\/wp-json\/wp\/v2\/categories?post=16112"},{"taxonomy":"post_tag","embeddable":true,"href":"https:\/\/www.wallendorff.com\/belogue\/wp-json\/wp\/v2\/tags?post=16112"}],"curies":[{"name":"wp","href":"https:\/\/api.w.org\/{rel}","templated":true}]}}