{"id":16039,"date":"2012-02-23T13:40:52","date_gmt":"2012-02-23T11:40:52","guid":{"rendered":"http:\/\/www.po-L.com\/belogue\/?p=16039"},"modified":"2012-02-23T13:45:43","modified_gmt":"2012-02-23T11:45:43","slug":"bien-velu-a-bord","status":"publish","type":"post","link":"https:\/\/www.wallendorff.com\/belogue\/2012\/02\/23\/bien-velu-a-bord\/","title":{"rendered":"Bien velu \u00e0 bord."},"content":{"rendered":"\n<div id=\"photo\">\n<p><img decoding=\"async\" src=\"https:\/\/www.wallendorff.com\/belogue\/photo\/2012\/02\/20120223.jpg\"><br \/>\nStation Pigalle, Paris, 22 f&eacute;vrier.<\/p>\n<\/div>\n<p style=\"text-align:right\">Ha&iuml;ku&nbsp;:<\/p>\n<p style=\"text-align:right\"><em>Le printemps est l&agrave;<br \/>\n  Beau soleil, vivante nature<br \/>\n  Le <a href=\"https:\/\/www.wallendorff.com\/belogue\/2010\/03\/04\/mon-pair-ce-heros\/\">po&ecirc;le<\/a> repousse.<\/em><\/p>\n<div id=\"bandeson\">\n<p><img decoding=\"async\" src=\"https:\/\/www.wallendorff.com\/belogue\/photo\/pochettes\/b\/band_of_skulls-sweet_sour.jpg\" align=\"left\" \/><a href=\"http:\/\/www.bandofskulls.com\">Band of Skulls<\/a> &ndash; <em>You&rsquo;re Not Pretty But You Got It Going on<\/em><br \/>\n        [youtube]http:\/\/www.youtube.com\/watch?v=B0MZ69Y0Z_Q[\/youtube]<\/p>\n<\/p><\/div>\n","protected":false},"excerpt":{"rendered":"<p>Station Pigalle, Paris, 22 f&eacute;vrier. Ha&iuml;ku&nbsp;: Le printemps est l&agrave; Beau soleil, vivante nature Le po&ecirc;le repousse. Band of Skulls &ndash; You&rsquo;re Not Pretty But You Got It Going on [youtube]http:\/\/www.youtube.com\/watch?v=B0MZ69Y0Z_Q[\/youtube]<\/p>\n","protected":false},"author":1,"featured_media":26168,"comment_status":"open","ping_status":"open","sticky":false,"template":"","format":"standard","meta":{"_acf_changed":false,"ngg_post_thumbnail":0,"jetpack_post_was_ever_published":false,"_jetpack_newsletter_access":"","_jetpack_dont_email_post_to_subs":false,"_jetpack_newsletter_tier_id":0,"_jetpack_memberships_contains_paywalled_content":false,"_jetpack_memberships_contains_paid_content":false,"footnotes":"","jetpack_publicize_message":"","jetpack_publicize_feature_enabled":true,"jetpack_social_post_already_shared":false,"jetpack_social_options":{"image_generator_settings":{"template":"highway","default_image_id":0,"font":"","enabled":false},"version":2}},"categories":[3],"tags":[10223,10143,10488,10653,2571,2615,10120,10121,3546,3547,10348,10119,10098,5596,10990,10287,5598],"class_list":["post-16039","post","type-post","status-publish","format-standard","has-post-thumbnail","hentry","category-dpc","tag-10223","tag-10143","tag-affiche","tag-band-of-skulls","tag-ef-16-35-mm-f28l-ii-usm","tag-eos-5d-mark-ii","tag-france","tag-ile-de-france","tag-invicta","tag-jean-pierre-dupire","tag-ligne-12","tag-metro","tag-paris","tag-pigalle","tag-publicite","tag-quai","tag-youre-not-pretty-but-you-got-it-going-on"],"acf":[],"geo":{"latitude":48.8822594,"longitude":2.3375666,"description":"Paris 09 Op\u00e9ra, \u00cele-de-France, 75305 CEDEX 09, FR"},"jetpack_publicize_connections":[],"jetpack_featured_media_url":"https:\/\/www.wallendorff.com\/belogue\/wp-content\/uploads\/2015\/04\/201202231.jpg","jetpack_shortlink":"https:\/\/wp.me\/p3b35P-4aH","jetpack_sharing_enabled":true,"jetpack-related-posts":[{"id":15564,"url":"https:\/\/www.wallendorff.com\/belogue\/2012\/01\/27\/band-of-skulls-stoned-popes-annette-et-mathi-la-fleche-dor-paris\/","url_meta":{"origin":16039,"position":0},"title":"Band of Skulls + Stoned Popes + Annette et Mathi @ la Fl\u00e8che d&rsquo;Or, Paris.","author":"dpc","date":"27 janvier 2012","format":false,"excerpt":"Sweet Sour | Patterns | Fires | The Devil Takes Care of His Own | Bruises | Cold Fame | Lies | Bomb | Blood | You Aren't Pretty But You Got It Going on | Dull Gold Heart | I Know What I Am | Light of the Morning\u2026","rel":"","context":"Dans &quot;Alive&quot;","block_context":{"text":"Alive","link":"https:\/\/www.wallendorff.com\/belogue\/category\/alive\/"},"img":{"alt_text":"","src":"https:\/\/i0.wp.com\/www.wallendorff.com\/belogue\/wp-content\/uploads\/2015\/04\/201201271.jpg?resize=350%2C200&ssl=1","width":350,"height":200,"srcset":"https:\/\/i0.wp.com\/www.wallendorff.com\/belogue\/wp-content\/uploads\/2015\/04\/201201271.jpg?resize=350%2C200&ssl=1 1x, https:\/\/i0.wp.com\/www.wallendorff.com\/belogue\/wp-content\/uploads\/2015\/04\/201201271.jpg?resize=525%2C300&ssl=1 1.5x, https:\/\/i0.wp.com\/www.wallendorff.com\/belogue\/wp-content\/uploads\/2015\/04\/201201271.jpg?resize=700%2C400&ssl=1 2x"},"classes":[]},{"id":13557,"url":"https:\/\/www.wallendorff.com\/belogue\/2011\/10\/19\/band-of-skulls-la-maroquinerie-paris\/","url_meta":{"origin":16039,"position":1},"title":"Band of Skulls @ la Maroquinerie, Paris.","author":"dpc","date":"19 octobre 2011","format":false,"excerpt":"Sweet Sour (?) | Lies (?) | Patterns | Fires | Bruises (?) | The Devil Takes Care of His Own | Cold Fame | Blood | Bomb | You're Not Pretty (?) | Light of the Morning | Death by Diamonds and Pearls | I Know What I Am\u2026","rel":"","context":"Dans &quot;Alive&quot;","block_context":{"text":"Alive","link":"https:\/\/www.wallendorff.com\/belogue\/category\/alive\/"},"img":{"alt_text":"","src":"https:\/\/i0.wp.com\/www.wallendorff.com\/belogue\/wp-content\/uploads\/2015\/04\/201110191.jpg?resize=350%2C200&ssl=1","width":350,"height":200,"srcset":"https:\/\/i0.wp.com\/www.wallendorff.com\/belogue\/wp-content\/uploads\/2015\/04\/201110191.jpg?resize=350%2C200&ssl=1 1x, https:\/\/i0.wp.com\/www.wallendorff.com\/belogue\/wp-content\/uploads\/2015\/04\/201110191.jpg?resize=525%2C300&ssl=1 1.5x, https:\/\/i0.wp.com\/www.wallendorff.com\/belogue\/wp-content\/uploads\/2015\/04\/201110191.jpg?resize=700%2C400&ssl=1 2x"},"classes":[]},{"id":6338,"url":"https:\/\/www.wallendorff.com\/belogue\/2010\/01\/23\/band-of-skulls-the-parlotones-la-fleche-dor-paris-21-janvier\/","url_meta":{"origin":16039,"position":2},"title":"Band of Skulls + The Parlotones @ la Fl\u00e8che d&rsquo;Or, Paris, 21 janvier.","author":"dpc","date":"23 janvier 2010","format":false,"excerpt":"\u00a0Band of Skulls \u2013 I Know What I Am Et notre premier groupe tout neuf de l'ann\u00e9e est donc un trio d'Anglais barr\u00e9s et chevelus qui savent retourner une salle comme il faut, m\u00eame quand elle est un peu d\u00e9peupl\u00e9e. Premi\u00e8re exp\u00e9rience convaincante, grave, on attend vite la suite avec\u2026","rel":"","context":"Dans &quot;Alive&quot;","block_context":{"text":"Alive","link":"https:\/\/www.wallendorff.com\/belogue\/category\/alive\/"},"img":{"alt_text":"","src":"https:\/\/i0.wp.com\/www.wallendorff.com\/belogue\/wp-content\/uploads\/2015\/04\/201001231.jpg?resize=350%2C200&ssl=1","width":350,"height":200,"srcset":"https:\/\/i0.wp.com\/www.wallendorff.com\/belogue\/wp-content\/uploads\/2015\/04\/201001231.jpg?resize=350%2C200&ssl=1 1x, https:\/\/i0.wp.com\/www.wallendorff.com\/belogue\/wp-content\/uploads\/2015\/04\/201001231.jpg?resize=525%2C300&ssl=1 1.5x, https:\/\/i0.wp.com\/www.wallendorff.com\/belogue\/wp-content\/uploads\/2015\/04\/201001231.jpg?resize=700%2C400&ssl=1 2x"},"classes":[]},{"id":5191,"url":"https:\/\/www.wallendorff.com\/belogue\/2009\/11\/29\/then-again\/","url_meta":{"origin":16039,"position":3},"title":"Then again.","author":"dpc","date":"29 novembre 2009","format":false,"excerpt":"Le Point \u00c9ph\u00e9m\u00e8re, Paris, 3 ao\u00fbt. \u00a0Mumford & Sons \u2013 Little Lion Man","rel":"","context":"Dans &quot;DPC&quot;","block_context":{"text":"DPC","link":"https:\/\/www.wallendorff.com\/belogue\/category\/dpc\/"},"img":{"alt_text":"","src":"https:\/\/i0.wp.com\/www.wallendorff.com\/belogue\/wp-content\/uploads\/2015\/04\/200911291.jpg?resize=350%2C200&ssl=1","width":350,"height":200},"classes":[]},{"id":43445,"url":"https:\/\/www.wallendorff.com\/belogue\/2019\/08\/14\/portrait-148\/","url_meta":{"origin":16039,"position":4},"title":"Portrait #148.","author":"dpc","date":"14 ao\u00fbt 2019","format":false,"excerpt":"Le Pigalle, Paris, 1er mai 2019.","rel":"","context":"Dans &quot;Portraits&quot;","block_context":{"text":"Portraits","link":"https:\/\/www.wallendorff.com\/belogue\/category\/portraits\/"},"img":{"alt_text":"","src":"https:\/\/i0.wp.com\/www.wallendorff.com\/belogue\/wp-content\/uploads\/2019\/08\/20190814-02.jpg?resize=350%2C200&ssl=1","width":350,"height":200,"srcset":"https:\/\/i0.wp.com\/www.wallendorff.com\/belogue\/wp-content\/uploads\/2019\/08\/20190814-02.jpg?resize=350%2C200&ssl=1 1x, https:\/\/i0.wp.com\/www.wallendorff.com\/belogue\/wp-content\/uploads\/2019\/08\/20190814-02.jpg?resize=525%2C300&ssl=1 1.5x, https:\/\/i0.wp.com\/www.wallendorff.com\/belogue\/wp-content\/uploads\/2019\/08\/20190814-02.jpg?resize=700%2C400&ssl=1 2x"},"classes":[]},{"id":5187,"url":"https:\/\/www.wallendorff.com\/belogue\/2009\/11\/28\/im-awake-today\/","url_meta":{"origin":16039,"position":5},"title":"I&rsquo;m awake today.","author":"dpc","date":"28 novembre 2009","format":false,"excerpt":"Canal de l'Ourcq, Paris, 3 ao\u00fbt. \u00a0Julian Plenti \u2013 On the Esplanade","rel":"","context":"Dans &quot;DPC&quot;","block_context":{"text":"DPC","link":"https:\/\/www.wallendorff.com\/belogue\/category\/dpc\/"},"img":{"alt_text":"","src":"https:\/\/i0.wp.com\/www.wallendorff.com\/belogue\/wp-content\/uploads\/2015\/04\/200911281.jpg?resize=350%2C200&ssl=1","width":350,"height":200},"classes":[]}],"_links":{"self":[{"href":"https:\/\/www.wallendorff.com\/belogue\/wp-json\/wp\/v2\/posts\/16039","targetHints":{"allow":["GET"]}}],"collection":[{"href":"https:\/\/www.wallendorff.com\/belogue\/wp-json\/wp\/v2\/posts"}],"about":[{"href":"https:\/\/www.wallendorff.com\/belogue\/wp-json\/wp\/v2\/types\/post"}],"author":[{"embeddable":true,"href":"https:\/\/www.wallendorff.com\/belogue\/wp-json\/wp\/v2\/users\/1"}],"replies":[{"embeddable":true,"href":"https:\/\/www.wallendorff.com\/belogue\/wp-json\/wp\/v2\/comments?post=16039"}],"version-history":[{"count":5,"href":"https:\/\/www.wallendorff.com\/belogue\/wp-json\/wp\/v2\/posts\/16039\/revisions"}],"predecessor-version":[{"id":16045,"href":"https:\/\/www.wallendorff.com\/belogue\/wp-json\/wp\/v2\/posts\/16039\/revisions\/16045"}],"wp:featuredmedia":[{"embeddable":true,"href":"https:\/\/www.wallendorff.com\/belogue\/wp-json\/wp\/v2\/media\/26168"}],"wp:attachment":[{"href":"https:\/\/www.wallendorff.com\/belogue\/wp-json\/wp\/v2\/media?parent=16039"}],"wp:term":[{"taxonomy":"category","embeddable":true,"href":"https:\/\/www.wallendorff.com\/belogue\/wp-json\/wp\/v2\/categories?post=16039"},{"taxonomy":"post_tag","embeddable":true,"href":"https:\/\/www.wallendorff.com\/belogue\/wp-json\/wp\/v2\/tags?post=16039"}],"curies":[{"name":"wp","href":"https:\/\/api.w.org\/{rel}","templated":true}]}}