{"id":160,"date":"2006-05-28T12:52:52","date_gmt":"2006-05-28T12:52:52","guid":{"rendered":"http:\/\/www.po-l.com\/wordpress\/?p=160"},"modified":"2012-04-08T12:36:29","modified_gmt":"2012-04-08T10:36:29","slug":"jolie-holland-la-maroquinerie-paris","status":"publish","type":"post","link":"https:\/\/www.wallendorff.com\/belogue\/2006\/05\/28\/jolie-holland-la-maroquinerie-paris\/","title":{"rendered":"Jolie Holland @ La Maroquinerie, Paris."},"content":{"rendered":"\n<div id=\"photo\">\n<p><img decoding=\"async\" src=\"http:\/\/www.po-L.com\/belogue\/photo\/2006\/05\/20060528.jpg\" \/><\/p>\n<\/p><\/div>\n<p style=\"text-align:right\">L&rsquo;avantage, avec les salles de concerts, c&rsquo;est que dedans il ne pleut &#8213;&nbsp;presque&nbsp;&#8213; jamais.<\/p>\n<div id=\"bandeson\">\n<p><img decoding=\"async\" src=\"https:\/\/www.wallendorff.com\/belogue\/photo\/pochettes\/a\/arctic_monkeys-whatever_people_think_i_am_thats_what_im_not.jpg\" align=\"left\" \/>&nbsp;<a href=\"http:\/\/www.arcticmonkeys.co.uk\">Arctic Monkeys<\/a> &ndash; <em>When the Sun Goes Down<\/em>        <\/p>\n<\/div>\n","protected":false},"excerpt":{"rendered":"<p>L&rsquo;avantage, avec les salles de concerts, c&rsquo;est que dedans il ne pleut &#8213;&nbsp;presque&nbsp;&#8213; jamais. &nbsp;Arctic Monkeys &ndash; When the Sun Goes Down<\/p>\n","protected":false},"author":1,"featured_media":24095,"comment_status":"open","ping_status":"open","sticky":false,"template":"","format":"standard","meta":{"_acf_changed":false,"ngg_post_thumbnail":0,"jetpack_post_was_ever_published":false,"_jetpack_newsletter_access":"","_jetpack_dont_email_post_to_subs":false,"_jetpack_newsletter_tier_id":0,"_jetpack_memberships_contains_paywalled_content":false,"_jetpack_memberships_contains_paid_content":false,"footnotes":"","jetpack_publicize_message":"","jetpack_publicize_feature_enabled":true,"jetpack_social_post_already_shared":false,"jetpack_social_options":{"image_generator_settings":{"template":"highway","default_image_id":0,"font":"","enabled":false},"version":2}},"categories":[7],"tags":[174,10216,10084,10367,196,132,10120,10121,1610,10290,143,10098,1611],"class_list":["post-160","post","type-post","status-publish","format-standard","has-post-thumbnail","hentry","category-alive","tag-174","tag-10216","tag-alive","tag-arctic-monkeys","tag-ef-28-70-mm-f28l-usm","tag-eos-20d","tag-france","tag-ile-de-france","tag-jolie-holland","tag-la-maroquinerie","tag-noir-et-blanc","tag-paris","tag-when-the-sun-goes-down"],"acf":[],"geo":{"latitude":48.8685608,"longitude":2.3919244,"description":"18-26 Rue Boyer, 75020 Paris, France"},"jetpack_publicize_connections":[],"jetpack_featured_media_url":"https:\/\/www.wallendorff.com\/belogue\/wp-content\/uploads\/2015\/04\/200605281.jpg","jetpack_shortlink":"https:\/\/wp.me\/p3b35P-2A","jetpack_sharing_enabled":true,"jetpack-related-posts":[{"id":135244,"url":"https:\/\/www.wallendorff.com\/belogue\/2026\/02\/10\/die-spitz-la-maroquinerie-paris-9-decembre-2026\/","url_meta":{"origin":160,"position":0},"title":"Die Spitz @ la Maroquinerie, Paris, 9 f\u00e9vrier 2026.","author":"dpc","date":"10 f\u00e9vrier 2026","format":false,"excerpt":"Die Spitz @ la Maroquinerie, Paris, 08\/02\/2026 Die Spitz @ la Maroquinerie, Paris, 08\/02\/2026 Die Spitz @ la Maroquinerie, Paris, 08\/02\/2026 Die Spitz @ la Maroquinerie, Paris, 08\/02\/2026 Die Spitz @ la Maroquinerie, Paris, 08\/02\/2026 Die Spitz @ la Maroquinerie, Paris, 08\/02\/2026 Die Spitz @ la Maroquinerie, Paris, 08\/02\/2026 Die\u2026","rel":"","context":"Dans &quot;Alive&quot;","block_context":{"text":"Alive","link":"https:\/\/www.wallendorff.com\/belogue\/category\/alive\/"},"img":{"alt_text":"","src":"https:\/\/i0.wp.com\/www.wallendorff.com\/belogue\/wp-content\/uploads\/2026\/02\/20260210-16.jpg?resize=350%2C200&ssl=1","width":350,"height":200,"srcset":"https:\/\/i0.wp.com\/www.wallendorff.com\/belogue\/wp-content\/uploads\/2026\/02\/20260210-16.jpg?resize=350%2C200&ssl=1 1x, https:\/\/i0.wp.com\/www.wallendorff.com\/belogue\/wp-content\/uploads\/2026\/02\/20260210-16.jpg?resize=525%2C300&ssl=1 1.5x, https:\/\/i0.wp.com\/www.wallendorff.com\/belogue\/wp-content\/uploads\/2026\/02\/20260210-16.jpg?resize=700%2C400&ssl=1 2x, https:\/\/i0.wp.com\/www.wallendorff.com\/belogue\/wp-content\/uploads\/2026\/02\/20260210-16.jpg?resize=1050%2C600&ssl=1 3x"},"classes":[]},{"id":97,"url":"https:\/\/www.wallendorff.com\/belogue\/2006\/03\/10\/previously-unreleased-27\/","url_meta":{"origin":160,"position":1},"title":"Previously unreleased #271.","author":"dpc","date":"10 mars 2006","format":false,"excerpt":"Arctic Monkeys, Le Trabendo, Paris, 24 f\u00e9vrier, 21h19. Bon. Caf\u00e9. Vite. \u00a0The Subways \u2013 Staring at the Sun (TV on the Radio cover) (acoustic) _____ 1 Concept choupi repomp\u00e9 ici.","rel":"","context":"Dans &quot;Previously unreleased&quot;","block_context":{"text":"Previously unreleased","link":"https:\/\/www.wallendorff.com\/belogue\/category\/previously-unreleased\/"},"img":{"alt_text":"","src":"https:\/\/i0.wp.com\/www.wallendorff.com\/belogue\/wp-content\/uploads\/2015\/04\/200603091.jpg?resize=350%2C200&ssl=1","width":350,"height":200},"classes":[]},{"id":135,"url":"https:\/\/www.wallendorff.com\/belogue\/2006\/05\/03\/arctic-monkeys-le-bataclan-paris-2-mai-2006\/","url_meta":{"origin":160,"position":2},"title":"Arctic Monkeys @ Le Bataclan, Paris, 2 mai 2006.","author":"dpc","date":"3 mai 2006","format":false,"excerpt":"The View from the Afternoon | Cigarette Smoker Fiona | You Probably Couldn't See for the Lights But You Were Looking Straight at Me | Still Take You Home | Who the Fuck Are Arctic Monkeys | I Bet You Look Good on the Dancefloor | Perhaps Vampires Is a\u2026","rel":"","context":"Dans &quot;Alive&quot;","block_context":{"text":"Alive","link":"https:\/\/www.wallendorff.com\/belogue\/category\/alive\/"},"img":{"alt_text":"","src":"https:\/\/i0.wp.com\/www.wallendorff.com\/belogue\/wp-content\/uploads\/2015\/04\/200605031.jpg?resize=350%2C200&ssl=1","width":350,"height":200},"classes":[]},{"id":1120,"url":"https:\/\/www.wallendorff.com\/belogue\/2007\/12\/27\/2007en-2\/","url_meta":{"origin":160,"position":3},"title":"2007 en&#8230; #2.","author":"dpc","date":"27 d\u00e9cembre 2007","format":false,"excerpt":"La Maroquinerie, Paris, 1er novembre. pr\u00e9sentent Les 5 groupes inconnus au bataillon de 2006 et reconnus d'int\u00e9r\u00eat public en 2007 Les Wombats sont jeunes. Les Wombats sont dr\u00f4les. Les Wombats sont potes avec Paul McCartney. Les Wombats promeuvent les animaux \u00e0 gros derri\u00e8re. Les Wombats aiment se foutre sur la\u2026","rel":"","context":"Dans &quot;DPC&quot;","block_context":{"text":"DPC","link":"https:\/\/www.wallendorff.com\/belogue\/category\/dpc\/"},"img":{"alt_text":"","src":"https:\/\/i0.wp.com\/www.wallendorff.com\/belogue\/wp-content\/uploads\/2015\/04\/200712271.jpg?resize=350%2C200&ssl=1","width":350,"height":200},"classes":[]},{"id":637,"url":"https:\/\/www.wallendorff.com\/belogue\/2006\/08\/15\/previously-unreleased-40\/","url_meta":{"origin":160,"position":4},"title":"Previously Unreleased #40&sup1;.","author":"dpc","date":"15 ao\u00fbt 2006","format":false,"excerpt":"Arctic Monkeys, le Bataclan, Paris, 2 mai. \u00a0Peter Bj\u00f6rn and John \u2013 Young Folks","rel":"","context":"Dans &quot;Previously unreleased&quot;","block_context":{"text":"Previously unreleased","link":"https:\/\/www.wallendorff.com\/belogue\/category\/previously-unreleased\/"},"img":{"alt_text":"","src":"https:\/\/i0.wp.com\/www.wallendorff.com\/belogue\/wp-content\/uploads\/2015\/04\/200608151.jpg?resize=350%2C200&ssl=1","width":350,"height":200},"classes":[]},{"id":128329,"url":"https:\/\/www.wallendorff.com\/belogue\/2024\/06\/14\/cetait-2006\/","url_meta":{"origin":160,"position":5},"title":"C&rsquo;\u00e9tait 2006.","author":"dpc","date":"14 juin 2024","format":false,"excerpt":"62 concerts en 2006. \u00c7a explique la nature de la galerie de l'ann\u00e9e. Arctic Monkeys @ le Trabendo, Paris, 24 f\u00e9vrier 2006 Londres, 3 mars 2006 Londres, 28 avril 2006 Arctic Monkeys @ le Bataclan, Paris, 2 mai 2006 Dresden Dolls @ le Bataclan, Paris, 18 mai 2006 Asyl @\u2026","rel":"","context":"Dans &quot;DPC&quot;","block_context":{"text":"DPC","link":"https:\/\/www.wallendorff.com\/belogue\/category\/dpc\/"},"img":{"alt_text":"","src":"https:\/\/i0.wp.com\/www.wallendorff.com\/belogue\/wp-content\/uploads\/2024\/06\/20240614-19.jpg?resize=350%2C200&ssl=1","width":350,"height":200,"srcset":"https:\/\/i0.wp.com\/www.wallendorff.com\/belogue\/wp-content\/uploads\/2024\/06\/20240614-19.jpg?resize=350%2C200&ssl=1 1x, https:\/\/i0.wp.com\/www.wallendorff.com\/belogue\/wp-content\/uploads\/2024\/06\/20240614-19.jpg?resize=525%2C300&ssl=1 1.5x, https:\/\/i0.wp.com\/www.wallendorff.com\/belogue\/wp-content\/uploads\/2024\/06\/20240614-19.jpg?resize=700%2C400&ssl=1 2x, https:\/\/i0.wp.com\/www.wallendorff.com\/belogue\/wp-content\/uploads\/2024\/06\/20240614-19.jpg?resize=1050%2C600&ssl=1 3x"},"classes":[]}],"_links":{"self":[{"href":"https:\/\/www.wallendorff.com\/belogue\/wp-json\/wp\/v2\/posts\/160","targetHints":{"allow":["GET"]}}],"collection":[{"href":"https:\/\/www.wallendorff.com\/belogue\/wp-json\/wp\/v2\/posts"}],"about":[{"href":"https:\/\/www.wallendorff.com\/belogue\/wp-json\/wp\/v2\/types\/post"}],"author":[{"embeddable":true,"href":"https:\/\/www.wallendorff.com\/belogue\/wp-json\/wp\/v2\/users\/1"}],"replies":[{"embeddable":true,"href":"https:\/\/www.wallendorff.com\/belogue\/wp-json\/wp\/v2\/comments?post=160"}],"version-history":[{"count":3,"href":"https:\/\/www.wallendorff.com\/belogue\/wp-json\/wp\/v2\/posts\/160\/revisions"}],"predecessor-version":[{"id":16757,"href":"https:\/\/www.wallendorff.com\/belogue\/wp-json\/wp\/v2\/posts\/160\/revisions\/16757"}],"wp:featuredmedia":[{"embeddable":true,"href":"https:\/\/www.wallendorff.com\/belogue\/wp-json\/wp\/v2\/media\/24095"}],"wp:attachment":[{"href":"https:\/\/www.wallendorff.com\/belogue\/wp-json\/wp\/v2\/media?parent=160"}],"wp:term":[{"taxonomy":"category","embeddable":true,"href":"https:\/\/www.wallendorff.com\/belogue\/wp-json\/wp\/v2\/categories?post=160"},{"taxonomy":"post_tag","embeddable":true,"href":"https:\/\/www.wallendorff.com\/belogue\/wp-json\/wp\/v2\/tags?post=160"}],"curies":[{"name":"wp","href":"https:\/\/api.w.org\/{rel}","templated":true}]}}