{"id":16,"date":"2007-04-20T00:11:04","date_gmt":"2007-04-20T00:11:04","guid":{"rendered":"http:\/\/www.po-l.com\/wordpress\/?p=16"},"modified":"2012-02-25T13:54:34","modified_gmt":"2012-02-25T11:54:34","slug":"aurochs-know-phobia","status":"publish","type":"post","link":"https:\/\/www.wallendorff.com\/belogue\/2007\/04\/20\/aurochs-know-phobia\/","title":{"rendered":"Aurochs know phobia."},"content":{"rendered":"\n<div id=\"photo\">\n<p><img decoding=\"async\" src=\"https:\/\/www.wallendorff.com\/belogue\/photo\/2007\/04\/20070420.jpg\"\/><br \/>\n          La salle de bain, 7 avril.<\/p>\n<\/p><\/div>\n<p style=\"text-align:right\">Avril a toujours &eacute;t&eacute; mon mois pr&eacute;f&eacute;r&eacute;.<\/p>\n<p style=\"text-align:right\">[Ex-&aelig;quo avec d&eacute;cembre et f&eacute;vrier.]<\/p>\n<p><strong>\/Edit&nbsp;:<\/strong> Belfort vient de balancer sa <a href=\"http:\/\/www.eurockeennes.fr\/dn_artistes\/\">prog compl\u00e8te<\/a> et dedans on retrouve <a href=\"http:\/\/www.eurockeennes.fr\/dn_samedi-2007\/samedi-2007_17042007_173043.html\">les copains<\/a>. Viv&rsquo;ment c&rsquo;t&rsquo;\u00e9t\u00e9.<\/p>\n<div id=\"bandeson\">\n<p><img decoding=\"async\" src=\"https:\/\/www.wallendorff.com\/belogue\/photo\/pochettes\/w\/white_stripes_the-aluminium.jpg\" align=\"left\" \/>&nbsp;<a href=\"http:\/\/www.myspace.com\/alumiiinium\">Alumiiinium<\/a> &ndash; <em>I&rsquo;m Bound to Pack it Up<\/em> (The White Stripes cover)<\/p>\n<\/div>\n","protected":false},"excerpt":{"rendered":"<p>La salle de bain, 7 avril. Avril a toujours &eacute;t&eacute; mon mois pr&eacute;f&eacute;r&eacute;. [Ex-&aelig;quo avec d&eacute;cembre et f&eacute;vrier.] \/Edit&nbsp;: Belfort vient de balancer sa prog compl\u00e8te et dedans on retrouve les copains. Viv&rsquo;ment c&rsquo;t&rsquo;\u00e9t\u00e9. &nbsp;Alumiiinium &ndash; I&rsquo;m Bound to Pack it Up (The White Stripes cover)<\/p>\n","protected":false},"author":1,"featured_media":23951,"comment_status":"open","ping_status":"open","sticky":false,"template":"","format":"standard","meta":{"_acf_changed":false,"ngg_post_thumbnail":0,"jetpack_post_was_ever_published":false,"_jetpack_newsletter_access":"","_jetpack_dont_email_post_to_subs":false,"_jetpack_newsletter_tier_id":0,"_jetpack_memberships_contains_paywalled_content":false,"_jetpack_memberships_contains_paid_content":false,"footnotes":"","jetpack_publicize_message":"","jetpack_publicize_feature_enabled":true,"jetpack_social_post_already_shared":false,"jetpack_social_options":{"image_generator_settings":{"template":"highway","default_image_id":0,"font":"","enabled":false},"version":2}},"categories":[3],"tags":[10183,4151,737,1438,132,10109,3349,10120,1980,10121,10438,10098,1147,10437,10097],"class_list":["post-16","post","type-post","status-publish","format-standard","has-post-thumbnail","hentry","category-dpc","tag-10183","tag-alumiiinium","tag-bleu","tag-ef-50-mm-f14-usm","tag-eos-20d","tag-eurockeennes","tag-eurockeennes-2007","tag-france","tag-im-bound-to-pack-it-up","tag-ile-de-france","tag-lavabo","tag-paris","tag-robinet","tag-salle-de-bain","tag-the-white-stripes"],"acf":[],"geo":{"latitude":48.8618889,"longitude":2.3855996,"description":"76 Rue de la Folie-Regnault, 75011 Paris, France"},"jetpack_publicize_connections":[],"jetpack_featured_media_url":"https:\/\/www.wallendorff.com\/belogue\/wp-content\/uploads\/2015\/04\/200704201.jpg","jetpack_shortlink":"https:\/\/wp.me\/p3b35P-g","jetpack_sharing_enabled":true,"jetpack-related-posts":[{"id":744,"url":"https:\/\/www.wallendorff.com\/belogue\/2004\/07\/06\/frappante-ressemblance\/","url_meta":{"origin":16,"position":0},"title":"Frappante ressemblance.","author":"dpc","date":"6 juillet 2004","format":false,"excerpt":"Il est partout, Afflelou. Il est partout, Afflelou. \u00a0The White Stripes \u2013 Ball and Biscuit","rel":"","context":"Dans &quot;DPC&quot;","block_context":{"text":"DPC","link":"https:\/\/www.wallendorff.com\/belogue\/category\/dpc\/"},"img":{"alt_text":"","src":"https:\/\/i0.wp.com\/www.wallendorff.com\/belogue\/wp-content\/uploads\/2015\/04\/125.jpg?resize=350%2C200&ssl=1","width":350,"height":200},"classes":[]},{"id":740,"url":"https:\/\/www.wallendorff.com\/belogue\/2004\/07\/09\/p-tain-p-tain-p-tain\/","url_meta":{"origin":16,"position":1},"title":"P&rsquo;tain p&rsquo;tain p&rsquo;tain.","author":"dpc","date":"9 juillet 2004","format":false,"excerpt":"Dimanche au concert de Blanche c'\u00e9tait bien lui. Et il a m\u00eame fait gouzi gouzi avec le b\u00e9b\u00e9 d'\u00e0 c\u00f4t\u00e9. \u00a0The White Stripes \u2013 Fell in Love with a Girl","rel":"","context":"Dans &quot;DPC&quot;","block_context":{"text":"DPC","link":"https:\/\/www.wallendorff.com\/belogue\/category\/dpc\/"},"img":{"alt_text":"","src":"https:\/\/i0.wp.com\/www.wallendorff.com\/belogue\/wp-content\/uploads\/2015\/04\/168.jpg?resize=350%2C200&ssl=1","width":350,"height":200},"classes":[]},{"id":128363,"url":"https:\/\/www.wallendorff.com\/belogue\/2024\/06\/15\/cetait-2007\/","url_meta":{"origin":16,"position":2},"title":"C&rsquo;\u00e9tait 2007.","author":"dpc","date":"15 juin 2024","format":false,"excerpt":"2007, un 2006 en mieux. RockMag, Paris, 8 janvier 2007. Archive @ aquarium du Trocad\u00e9ro, Paris, 11 janvier 2007. Ardenne, 10 f\u00e9vrier 2007. Pop Levi @ la Maroquinerie, Paris, 13 avril 2007. Paris, 28 avril 2007. The White Stripes @ le Z\u00e9nith, Paris, 11 juin 2007. Editors @ les Eurock\u00e9ennes,\u2026","rel":"","context":"Dans &quot;DPC&quot;","block_context":{"text":"DPC","link":"https:\/\/www.wallendorff.com\/belogue\/category\/dpc\/"},"img":{"alt_text":"","src":"https:\/\/i0.wp.com\/www.wallendorff.com\/belogue\/wp-content\/uploads\/2024\/06\/20240615-06.jpg?resize=350%2C200&ssl=1","width":350,"height":200,"srcset":"https:\/\/i0.wp.com\/www.wallendorff.com\/belogue\/wp-content\/uploads\/2024\/06\/20240615-06.jpg?resize=350%2C200&ssl=1 1x, https:\/\/i0.wp.com\/www.wallendorff.com\/belogue\/wp-content\/uploads\/2024\/06\/20240615-06.jpg?resize=525%2C300&ssl=1 1.5x, https:\/\/i0.wp.com\/www.wallendorff.com\/belogue\/wp-content\/uploads\/2024\/06\/20240615-06.jpg?resize=700%2C400&ssl=1 2x, https:\/\/i0.wp.com\/www.wallendorff.com\/belogue\/wp-content\/uploads\/2024\/06\/20240615-06.jpg?resize=1050%2C600&ssl=1 3x"},"classes":[]},{"id":125131,"url":"https:\/\/www.wallendorff.com\/belogue\/2023\/07\/03\/les-eurockeennes-2023-belfort-jour-4\/","url_meta":{"origin":16,"position":3},"title":"Les Eurock\u00e9ennes 2023, Belfort, jour 4.","author":"dpc","date":"3 juillet 2023","format":false,"excerpt":"1 sc\u00e8ne + 3 groupes dont 1 t\u00eate d'affiche qui limite les photographes et qui bloque l'acc\u00e8s au front de sc\u00e8ne = une maigre galerie. Chef and the Gang @ les Eurock\u00e9ennes, Belfort, 02\/07\/2023 Les Eurock\u00e9ennes, Belfort, 02\/07\/2023 Chef and the Gang @ les Eurock\u00e9ennes, Belfort, 02\/07\/2023 Les Eurock\u00e9ennes, Belfort,\u2026","rel":"","context":"Dans &quot;Alive&quot;","block_context":{"text":"Alive","link":"https:\/\/www.wallendorff.com\/belogue\/category\/alive\/"},"img":{"alt_text":"","src":"https:\/\/i0.wp.com\/www.wallendorff.com\/belogue\/wp-content\/uploads\/2023\/07\/20230703-07.jpg?resize=350%2C200&ssl=1","width":350,"height":200,"srcset":"https:\/\/i0.wp.com\/www.wallendorff.com\/belogue\/wp-content\/uploads\/2023\/07\/20230703-07.jpg?resize=350%2C200&ssl=1 1x, https:\/\/i0.wp.com\/www.wallendorff.com\/belogue\/wp-content\/uploads\/2023\/07\/20230703-07.jpg?resize=525%2C300&ssl=1 1.5x, https:\/\/i0.wp.com\/www.wallendorff.com\/belogue\/wp-content\/uploads\/2023\/07\/20230703-07.jpg?resize=700%2C400&ssl=1 2x, https:\/\/i0.wp.com\/www.wallendorff.com\/belogue\/wp-content\/uploads\/2023\/07\/20230703-07.jpg?resize=1050%2C600&ssl=1 3x"},"classes":[]},{"id":807,"url":"https:\/\/www.wallendorff.com\/belogue\/2006\/10\/18\/the-datsuns-la-boule-noire-paris\/","url_meta":{"origin":16,"position":4},"title":"The Datsuns @ la Boule Noire, Paris.","author":"dpc","date":"18 octobre 2006","format":false,"excerpt":"C'est sauvage, \u00e7a suinte dans tous les sens, \u00e7a joue tellement fort que \u00e7a fait p\u00e9ter le limiteur de d\u00e9cibel de la sono deux fois de suite. La salle est blind\u00e9e, on se croirait \u00eatre encore plus nombreux que la veille au soir dans la m\u00eame salle pour les Magic\u2026","rel":"","context":"Dans &quot;Alive&quot;","block_context":{"text":"Alive","link":"https:\/\/www.wallendorff.com\/belogue\/category\/alive\/"},"img":{"alt_text":"","src":"https:\/\/i0.wp.com\/www.wallendorff.com\/belogue\/wp-content\/uploads\/2015\/04\/200610181.jpg?resize=350%2C200&ssl=1","width":350,"height":200},"classes":[]},{"id":132766,"url":"https:\/\/www.wallendorff.com\/belogue\/2025\/07\/09\/les-eurockeennes-belfort-3-6-juillet-2025\/","url_meta":{"origin":16,"position":5},"title":"Les Eurock\u00e9ennes, Belfort, 3 \u2013 6 juillet 2025.","author":"dpc","date":"9 juillet 2025","format":false,"excerpt":"Parce que je suis \u00e0 un homme de tradition - tion-tion-tion-tion-tion-tion-tion-tion-tion-tion-tion-tion-tion-tion-tion. \u00c0 l'ann\u00e9e prochaine\u00a0? It's Better People Oasis","rel":"","context":"Dans &quot;Alive&quot;","block_context":{"text":"Alive","link":"https:\/\/www.wallendorff.com\/belogue\/category\/alive\/"},"img":{"alt_text":"","src":"https:\/\/i0.wp.com\/www.wallendorff.com\/belogue\/wp-content\/uploads\/2025\/07\/20250709.jpg?resize=350%2C200&ssl=1","width":350,"height":200,"srcset":"https:\/\/i0.wp.com\/www.wallendorff.com\/belogue\/wp-content\/uploads\/2025\/07\/20250709.jpg?resize=350%2C200&ssl=1 1x, https:\/\/i0.wp.com\/www.wallendorff.com\/belogue\/wp-content\/uploads\/2025\/07\/20250709.jpg?resize=525%2C300&ssl=1 1.5x, https:\/\/i0.wp.com\/www.wallendorff.com\/belogue\/wp-content\/uploads\/2025\/07\/20250709.jpg?resize=700%2C400&ssl=1 2x, https:\/\/i0.wp.com\/www.wallendorff.com\/belogue\/wp-content\/uploads\/2025\/07\/20250709.jpg?resize=1050%2C600&ssl=1 3x"},"classes":[]}],"_links":{"self":[{"href":"https:\/\/www.wallendorff.com\/belogue\/wp-json\/wp\/v2\/posts\/16","targetHints":{"allow":["GET"]}}],"collection":[{"href":"https:\/\/www.wallendorff.com\/belogue\/wp-json\/wp\/v2\/posts"}],"about":[{"href":"https:\/\/www.wallendorff.com\/belogue\/wp-json\/wp\/v2\/types\/post"}],"author":[{"embeddable":true,"href":"https:\/\/www.wallendorff.com\/belogue\/wp-json\/wp\/v2\/users\/1"}],"replies":[{"embeddable":true,"href":"https:\/\/www.wallendorff.com\/belogue\/wp-json\/wp\/v2\/comments?post=16"}],"version-history":[{"count":2,"href":"https:\/\/www.wallendorff.com\/belogue\/wp-json\/wp\/v2\/posts\/16\/revisions"}],"predecessor-version":[{"id":2809,"href":"https:\/\/www.wallendorff.com\/belogue\/wp-json\/wp\/v2\/posts\/16\/revisions\/2809"}],"wp:featuredmedia":[{"embeddable":true,"href":"https:\/\/www.wallendorff.com\/belogue\/wp-json\/wp\/v2\/media\/23951"}],"wp:attachment":[{"href":"https:\/\/www.wallendorff.com\/belogue\/wp-json\/wp\/v2\/media?parent=16"}],"wp:term":[{"taxonomy":"category","embeddable":true,"href":"https:\/\/www.wallendorff.com\/belogue\/wp-json\/wp\/v2\/categories?post=16"},{"taxonomy":"post_tag","embeddable":true,"href":"https:\/\/www.wallendorff.com\/belogue\/wp-json\/wp\/v2\/tags?post=16"}],"curies":[{"name":"wp","href":"https:\/\/api.w.org\/{rel}","templated":true}]}}