{"id":15822,"date":"2012-02-10T13:56:00","date_gmt":"2012-02-10T11:56:00","guid":{"rendered":"http:\/\/www.po-L.com\/belogue\/?p=15822"},"modified":"2012-03-14T13:04:50","modified_gmt":"2012-03-14T11:04:50","slug":"kill-it-kid-la-fleche-dor-paris","status":"publish","type":"post","link":"https:\/\/www.wallendorff.com\/belogue\/2012\/02\/10\/kill-it-kid-la-fleche-dor-paris\/","title":{"rendered":"Kill It Kid @ la Fl\u00e8che d&rsquo;Or, Paris."},"content":{"rendered":"\n<div id=\"photo\">\n<p><img decoding=\"async\" src=\"https:\/\/www.wallendorff.com\/belogue\/photo\/2012\/02\/20120210.jpg\">\n        <\/p>\n<\/div>\n<div id=\"setlist\">\n<p><em>Heart Rested with You<\/em> | <em>Sweet Nothings<\/em> | <em>You&rsquo;re in My Blood<\/em> | <em>Pray on Me<\/em> | <em>Wild and Wasted Waters<\/em> | <em>Home<\/em> | <em>Send Me an Angel Down<\/em> | <em>Dark-Hearted Songbird<\/em> | <em>Dirty Water<\/em> | <em>Burst Its Banks<\/em> | <em>All to Me<\/em> | <em>Feet Fall Heavy<\/em> || <em>?<\/em><\/p>\n<\/p><\/div>\n<div id=\"bandeson\">\n<p><img decoding=\"async\" src=\"https:\/\/www.wallendorff.com\/belogue\/photo\/pochettes\/k\/kill_it_kid_-_feet_fall_heavy.jpg\" align=\"left\" \/><a href=\"http:\/\/killitkid.com\">Kill It Kid<\/a> &ndash; <em>Pray on Me<\/em><br \/>\n        [youtube]http:\/\/www.youtube.com\/watch?v=J6HZQnyf2Fc[\/youtube]<\/p>\n<\/p><\/div>ngg_shortcode_0_placeholder","protected":false},"excerpt":{"rendered":"<p>Heart Rested with You | Sweet Nothings | You&rsquo;re in My Blood | Pray on Me | Wild and Wasted Waters | Home | Send Me an Angel Down | Dark-Hearted Songbird | Dirty Water | Burst Its Banks | All to Me | Feet Fall Heavy || ? Kill It Kid &ndash; Pray on&hellip;<\/p>\n","protected":false},"author":1,"featured_media":26295,"comment_status":"open","ping_status":"open","sticky":false,"template":"","format":"standard","meta":{"_acf_changed":false,"ngg_post_thumbnail":0,"jetpack_post_was_ever_published":false,"_jetpack_newsletter_access":"","_jetpack_dont_email_post_to_subs":false,"_jetpack_newsletter_tier_id":0,"_jetpack_memberships_contains_paywalled_content":false,"_jetpack_memberships_contains_paid_content":false,"footnotes":"","jetpack_publicize_message":"","jetpack_publicize_feature_enabled":true,"jetpack_social_post_already_shared":false,"jetpack_social_options":{"image_generator_settings":{"template":"highway","default_image_id":0,"font":"","enabled":false},"version":2}},"categories":[7],"tags":[10951,10216,10084,2571,196,2615,10120,10121,10987,10374,143,10098,10199,5577],"class_list":["post-15822","post","type-post","status-publish","format-standard","has-post-thumbnail","hentry","category-alive","tag-10951","tag-10216","tag-alive","tag-ef-16-35-mm-f28l-ii-usm","tag-ef-28-70-mm-f28l-usm","tag-eos-5d-mark-ii","tag-france","tag-ile-de-france","tag-kill-it-kid","tag-la-fleche-dor","tag-noir-et-blanc","tag-paris","tag-pieds","tag-pray-on-me"],"acf":[],"geo":{"latitude":48.8594246,"longitude":2.4029884,"description":"94-104 Rue de Bagnolet, 75020 Paris, France"},"jetpack_publicize_connections":[],"jetpack_featured_media_url":"https:\/\/www.wallendorff.com\/belogue\/wp-content\/uploads\/2015\/04\/201202101.jpg","jetpack_shortlink":"https:\/\/wp.me\/p3b35P-47c","jetpack_sharing_enabled":true,"jetpack-related-posts":[{"id":27116,"url":"https:\/\/www.wallendorff.com\/belogue\/2015\/04\/22\/circa-waves-la-fleche-dor-paris\/","url_meta":{"origin":15822,"position":0},"title":"Circa Waves @ la Fl\u00e8che d&rsquo;Or, Paris.","author":"dpc","date":"22 avril 2015","format":false,"excerpt":"T-Shirt Weather Circa Waves","rel":"","context":"Dans &quot;Alive&quot;","block_context":{"text":"Alive","link":"https:\/\/www.wallendorff.com\/belogue\/category\/alive\/"},"img":{"alt_text":"","src":"https:\/\/i0.wp.com\/www.wallendorff.com\/belogue\/wp-content\/uploads\/2015\/04\/20150422.jpg?resize=350%2C200&ssl=1","width":350,"height":200,"srcset":"https:\/\/i0.wp.com\/www.wallendorff.com\/belogue\/wp-content\/uploads\/2015\/04\/20150422.jpg?resize=350%2C200&ssl=1 1x, https:\/\/i0.wp.com\/www.wallendorff.com\/belogue\/wp-content\/uploads\/2015\/04\/20150422.jpg?resize=525%2C300&ssl=1 1.5x, https:\/\/i0.wp.com\/www.wallendorff.com\/belogue\/wp-content\/uploads\/2015\/04\/20150422.jpg?resize=700%2C400&ssl=1 2x"},"classes":[]},{"id":23866,"url":"https:\/\/www.wallendorff.com\/belogue\/2015\/02\/19\/balinger-3somesisters-la-fleche-dor-paris-16-fevrier\/","url_meta":{"origin":15822,"position":1},"title":"Balinger + 3sOmEsiStERs @ la Fl\u00e8che d&rsquo;Or, Paris, 16 f\u00e9vrier.","author":"dpc","date":"19 f\u00e9vrier 2015","format":false,"excerpt":"3sOmEsiStERs Balinger \u00a0","rel":"","context":"Dans &quot;Alive&quot;","block_context":{"text":"Alive","link":"https:\/\/www.wallendorff.com\/belogue\/category\/alive\/"},"img":{"alt_text":"","src":"https:\/\/i0.wp.com\/www.wallendorff.com\/belogue\/wp-content\/uploads\/2015\/04\/201502201.jpg?resize=350%2C200&ssl=1","width":350,"height":200,"srcset":"https:\/\/i0.wp.com\/www.wallendorff.com\/belogue\/wp-content\/uploads\/2015\/04\/201502201.jpg?resize=350%2C200&ssl=1 1x, https:\/\/i0.wp.com\/www.wallendorff.com\/belogue\/wp-content\/uploads\/2015\/04\/201502201.jpg?resize=525%2C300&ssl=1 1.5x, https:\/\/i0.wp.com\/www.wallendorff.com\/belogue\/wp-content\/uploads\/2015\/04\/201502201.jpg?resize=700%2C400&ssl=1 2x"},"classes":[]},{"id":19621,"url":"https:\/\/www.wallendorff.com\/belogue\/2012\/11\/22\/mystery-jets-oh-othello-la-fleche-dor-paris\/","url_meta":{"origin":15822,"position":2},"title":"Mystery Jets + Oh Othello @ la Fl\u00e8che d&rsquo;Or, Paris.","author":"dpc","date":"22 novembre 2012","format":false,"excerpt":"The Datsuns \u2013 Gold Halo Oh Othello \u00a0 Mystery Jets \u00a0","rel":"","context":"Dans &quot;Alive&quot;","block_context":{"text":"Alive","link":"https:\/\/www.wallendorff.com\/belogue\/category\/alive\/"},"img":{"alt_text":"","src":"https:\/\/i0.wp.com\/www.wallendorff.com\/belogue\/wp-content\/uploads\/2015\/04\/201211221.jpg?resize=350%2C200&ssl=1","width":350,"height":200,"srcset":"https:\/\/i0.wp.com\/www.wallendorff.com\/belogue\/wp-content\/uploads\/2015\/04\/201211221.jpg?resize=350%2C200&ssl=1 1x, https:\/\/i0.wp.com\/www.wallendorff.com\/belogue\/wp-content\/uploads\/2015\/04\/201211221.jpg?resize=525%2C300&ssl=1 1.5x, https:\/\/i0.wp.com\/www.wallendorff.com\/belogue\/wp-content\/uploads\/2015\/04\/201211221.jpg?resize=700%2C400&ssl=1 2x"},"classes":[]},{"id":7642,"url":"https:\/\/www.wallendorff.com\/belogue\/2010\/06\/06\/menomena-junip-la-fleche-dor-paris\/","url_meta":{"origin":15822,"position":3},"title":"Menomena + Junip @ la Fl\u00e8che d&rsquo;Or, Paris.","author":"dpc","date":"6 juin 2010","format":false,"excerpt":"\u00a0Junip \u2013 Far Away Junip Menomena","rel":"","context":"Dans &quot;Alive&quot;","block_context":{"text":"Alive","link":"https:\/\/www.wallendorff.com\/belogue\/category\/alive\/"},"img":{"alt_text":"","src":"https:\/\/i0.wp.com\/www.wallendorff.com\/belogue\/wp-content\/uploads\/2015\/04\/201006061.jpg?resize=350%2C200&ssl=1","width":350,"height":200,"srcset":"https:\/\/i0.wp.com\/www.wallendorff.com\/belogue\/wp-content\/uploads\/2015\/04\/201006061.jpg?resize=350%2C200&ssl=1 1x, https:\/\/i0.wp.com\/www.wallendorff.com\/belogue\/wp-content\/uploads\/2015\/04\/201006061.jpg?resize=525%2C300&ssl=1 1.5x, https:\/\/i0.wp.com\/www.wallendorff.com\/belogue\/wp-content\/uploads\/2015\/04\/201006061.jpg?resize=700%2C400&ssl=1 2x"},"classes":[]},{"id":12644,"url":"https:\/\/www.wallendorff.com\/belogue\/2011\/04\/14\/the-head-and-the-heart-mechanical-bride-trevor-ross-hannah-lou\/","url_meta":{"origin":15822,"position":4},"title":"The Head and the Heart + Mechanical Bride + Trevor Ross &#038; Hannah-Lou @ la Fl\u00e8che d&rsquo;Or, Paris.","author":"dpc","date":"14 avril 2011","format":false,"excerpt":"Tr\u00e8s calmes sur disque \u2015\u00a0le Cats and Dogs ci-dessous est ce qu'on trouve de plus \u00e9nerv\u00e9 chez eux\u00a0\u2015, The Head and the Heart se montrent bien plus enjou\u00e9s sur sc\u00e8ne, donnant plus d'ampleur \u00e0 leurs morceaux et conqu\u00e9rant bien vite une Fl\u00e8che d'Or qui ne tarde pas \u00e0 taper dans\u2026","rel":"","context":"Dans &quot;Alive&quot;","block_context":{"text":"Alive","link":"https:\/\/www.wallendorff.com\/belogue\/category\/alive\/"},"img":{"alt_text":"","src":"https:\/\/i0.wp.com\/www.wallendorff.com\/belogue\/wp-content\/uploads\/2015\/04\/201104141.jpg?resize=350%2C200&ssl=1","width":350,"height":200,"srcset":"https:\/\/i0.wp.com\/www.wallendorff.com\/belogue\/wp-content\/uploads\/2015\/04\/201104141.jpg?resize=350%2C200&ssl=1 1x, https:\/\/i0.wp.com\/www.wallendorff.com\/belogue\/wp-content\/uploads\/2015\/04\/201104141.jpg?resize=525%2C300&ssl=1 1.5x, https:\/\/i0.wp.com\/www.wallendorff.com\/belogue\/wp-content\/uploads\/2015\/04\/201104141.jpg?resize=700%2C400&ssl=1 2x"},"classes":[]},{"id":22733,"url":"https:\/\/www.wallendorff.com\/belogue\/2014\/04\/23\/kaiser-chiefs-la-fleche-dor-paris\/","url_meta":{"origin":15822,"position":5},"title":"Kaiser Chiefs @ la Fl\u00e8che d&rsquo;Or, Paris.","author":"dpc","date":"23 avril 2014","format":false,"excerpt":"For\u00eat d'Hargnies, 24 mars. 3 titres sans flash et pas une seconde de plus. Mais \u00e7a valait le d\u00e9placement. One More Last Song Kaiser Chiefs \u00a0","rel":"","context":"Dans &quot;Alive&quot;","block_context":{"text":"Alive","link":"https:\/\/www.wallendorff.com\/belogue\/category\/alive\/"},"img":{"alt_text":"","src":"https:\/\/i0.wp.com\/www.wallendorff.com\/belogue\/wp-content\/uploads\/2015\/04\/201404231.jpg?resize=350%2C200&ssl=1","width":350,"height":200,"srcset":"https:\/\/i0.wp.com\/www.wallendorff.com\/belogue\/wp-content\/uploads\/2015\/04\/201404231.jpg?resize=350%2C200&ssl=1 1x, https:\/\/i0.wp.com\/www.wallendorff.com\/belogue\/wp-content\/uploads\/2015\/04\/201404231.jpg?resize=525%2C300&ssl=1 1.5x, https:\/\/i0.wp.com\/www.wallendorff.com\/belogue\/wp-content\/uploads\/2015\/04\/201404231.jpg?resize=700%2C400&ssl=1 2x"},"classes":[]}],"_links":{"self":[{"href":"https:\/\/www.wallendorff.com\/belogue\/wp-json\/wp\/v2\/posts\/15822","targetHints":{"allow":["GET"]}}],"collection":[{"href":"https:\/\/www.wallendorff.com\/belogue\/wp-json\/wp\/v2\/posts"}],"about":[{"href":"https:\/\/www.wallendorff.com\/belogue\/wp-json\/wp\/v2\/types\/post"}],"author":[{"embeddable":true,"href":"https:\/\/www.wallendorff.com\/belogue\/wp-json\/wp\/v2\/users\/1"}],"replies":[{"embeddable":true,"href":"https:\/\/www.wallendorff.com\/belogue\/wp-json\/wp\/v2\/comments?post=15822"}],"version-history":[{"count":4,"href":"https:\/\/www.wallendorff.com\/belogue\/wp-json\/wp\/v2\/posts\/15822\/revisions"}],"predecessor-version":[{"id":16383,"href":"https:\/\/www.wallendorff.com\/belogue\/wp-json\/wp\/v2\/posts\/15822\/revisions\/16383"}],"wp:featuredmedia":[{"embeddable":true,"href":"https:\/\/www.wallendorff.com\/belogue\/wp-json\/wp\/v2\/media\/26295"}],"wp:attachment":[{"href":"https:\/\/www.wallendorff.com\/belogue\/wp-json\/wp\/v2\/media?parent=15822"}],"wp:term":[{"taxonomy":"category","embeddable":true,"href":"https:\/\/www.wallendorff.com\/belogue\/wp-json\/wp\/v2\/categories?post=15822"},{"taxonomy":"post_tag","embeddable":true,"href":"https:\/\/www.wallendorff.com\/belogue\/wp-json\/wp\/v2\/tags?post=15822"}],"curies":[{"name":"wp","href":"https:\/\/api.w.org\/{rel}","templated":true}]}}