{"id":158,"date":"2006-05-26T16:48:14","date_gmt":"2006-05-26T16:48:14","guid":{"rendered":"http:\/\/www.po-l.com\/wordpress\/?p=158"},"modified":"2012-04-05T09:35:59","modified_gmt":"2012-04-05T07:35:59","slug":"slack-day-2","status":"publish","type":"post","link":"https:\/\/www.wallendorff.com\/belogue\/2006\/05\/26\/slack-day-2\/","title":{"rendered":"Slack Day #2."},"content":{"rendered":"\n<div id=\"photo\">\n<p><img decoding=\"async\" src=\"http:\/\/www.po-L.com\/belogue\/photo\/2006\/05\/20060526.jpg\" \/><br \/>\n          Rue sous Saint-Arnould, Metz, 20 mai.<\/p>\n<\/p><\/div>\n<p style=\"text-align:right\">Y a du Pearl Jam dans ma bande-son, du sucre dans ma verveine, pas de poil dans ma cuisine, de la lumi&egrave;re dans mon lit, de l&rsquo;abricot dans mes tartines, pas de trou dans mes chaussettes<\/p>\n<p style=\"text-align:right\">et surtout<\/p>\n<p style=\"text-align:right\">Eddie Vedder a de nouveau des <a href=\"http:\/\/schwegweb.com\/Images\/photos\/2006-05-22_pearl_jam\/pj-01.jpg\">cheveux<\/a><sup>1<\/sup>.<\/p>\n<p style=\"text-align:right\">Et subitement, l&agrave;, tout va mieux.<\/p>\n<div id=\"bandeson\">\n<p><img decoding=\"async\" src=\"https:\/\/www.wallendorff.com\/belogue\/photo\/pochettes\/p\/pearl_jam-pearl_jam.jpg\" align=\"left\" \/>&nbsp;<a href=\"http:\/\/www.tenclub.net\/\">Pearl Jam<\/a> &ndash; <em>Comatose<\/em><\/p>\n<\/p><\/div>\n<p>_____<\/p>\n<div id=\"bas_note\">\n<p><sup>1<\/sup> Je r&eacute;alise au passage qu&rsquo;au final, ce seul d&eacute;tail suffit &agrave; chroniquer l&rsquo;album en n&rsquo;en retenant que l&rsquo;essentiel&nbsp;: &laquo;&nbsp;Allez-y les gros, Vedder a retrouv&eacute; ses poils&nbsp;&raquo;. Tout y est.<\/p>\n<\/p><\/div>\n","protected":false},"excerpt":{"rendered":"<p>Rue sous Saint-Arnould, Metz, 20 mai. Y a du Pearl Jam dans ma bande-son, du sucre dans ma verveine, pas de poil dans ma cuisine, de la lumi&egrave;re dans mon lit, de l&rsquo;abricot dans mes tartines, pas de trou dans mes chaussettes et surtout Eddie Vedder a de nouveau des cheveux1. Et subitement, l&agrave;, tout&hellip;<\/p>\n","protected":false},"author":1,"featured_media":24093,"comment_status":"closed","ping_status":"closed","sticky":false,"template":"","format":"standard","meta":{"_acf_changed":false,"ngg_post_thumbnail":0,"jetpack_post_was_ever_published":false,"_jetpack_newsletter_access":"","_jetpack_dont_email_post_to_subs":false,"_jetpack_newsletter_tier_id":0,"_jetpack_memberships_contains_paywalled_content":false,"_jetpack_memberships_contains_paid_content":false,"footnotes":"","jetpack_publicize_message":"","jetpack_publicize_feature_enabled":true,"jetpack_social_post_already_shared":false,"jetpack_social_options":{"image_generator_settings":{"template":"highway","default_image_id":0,"font":"","enabled":false},"version":2}},"categories":[3],"tags":[196,132,1608,10210,10120,10175,10173,10174,10147,10165,1607],"class_list":["post-158","post","type-post","status-publish","format-standard","has-post-thumbnail","hentry","category-dpc","tag-ef-28-70-mm-f28l-usm","tag-eos-20d","tag-comatose","tag-escalier","tag-france","tag-lorraine","tag-metz","tag-moselle","tag-nuit","tag-pearl-jam","tag-rue-sous-saint-arnould"],"acf":[],"geo":{"latitude":49.1181145,"longitude":6.1702609,"description":null},"jetpack_publicize_connections":[],"jetpack_featured_media_url":"https:\/\/www.wallendorff.com\/belogue\/wp-content\/uploads\/2015\/04\/200605261.jpg","jetpack_shortlink":"https:\/\/wp.me\/p3b35P-2y","jetpack_sharing_enabled":true,"jetpack-related-posts":[{"id":7806,"url":"https:\/\/www.wallendorff.com\/belogue\/2010\/07\/06\/clebs-omamie\/","url_meta":{"origin":158,"position":0},"title":"Clebs o&rsquo;mamie.","author":"dpc","date":"6 juillet 2010","format":false,"excerpt":"Rue sous Saint-Arnould, Metz, 23 mai. \u00a0The Kills \u2013 Pale Blue Eyes (The Velvet Underground cover)","rel":"","context":"Dans &quot;DPC&quot;","block_context":{"text":"DPC","link":"https:\/\/www.wallendorff.com\/belogue\/category\/dpc\/"},"img":{"alt_text":"","src":"https:\/\/i0.wp.com\/www.wallendorff.com\/belogue\/wp-content\/uploads\/2015\/04\/201007061.jpg?resize=350%2C200&ssl=1","width":350,"height":200},"classes":[]},{"id":446,"url":"https:\/\/www.wallendorff.com\/belogue\/2005\/03\/08\/chaises-dans-le-jardin-d-une-eglise\/","url_meta":{"origin":158,"position":1},"title":"Chaises dans le jardin d&rsquo;une &eacute;glise1.","author":"dpc","date":"8 mars 2005","format":false,"excerpt":"\u00c9glise Saint-S\u00e9verin Saint-Nicolas, 24 f\u00e9vrier. Je suis retomb\u00e9 dessus en rangeant des CD ce soir. C'est vraiment une de mes chansons de nuit pr\u00e9f\u00e9r\u00e9es, celle-ci. _____ 1 Apr\u00e8s tout, ici, y a rien de plus anormal qu'un titre normal, non\u00a0? \u00a0Pearl Jam \u2013 Indifference","rel":"","context":"Dans &quot;DPC&quot;","block_context":{"text":"DPC","link":"https:\/\/www.wallendorff.com\/belogue\/category\/dpc\/"},"img":{"alt_text":"","src":"https:\/\/i0.wp.com\/www.wallendorff.com\/belogue\/wp-content\/uploads\/2015\/04\/20050308-011.jpg?resize=350%2C200&ssl=1","width":350,"height":200},"classes":[]},{"id":20264,"url":"https:\/\/www.wallendorff.com\/belogue\/2006\/05\/02\/pearl-jam\/","url_meta":{"origin":158,"position":2},"title":"Pearl Jam","author":"dpc","date":"2 mai 2006","format":false,"excerpt":"Monkeywrench_50\u201945\u201d_02\/05 Derniers repr\u00e9sentants vivants du grunge, inclassables depuis 10 ans, Pearl Jam ont pu survivre gr\u00e2ce au soutien sans faille d\u2019une base de fans toujours fid\u00e8les au poste. Repartant de z\u00e9ro dans un nouvel-ex-label (Sony, qu\u2019ils ont quitt\u00e9 en 2004 pour RCA\/BMG, fusionn\u00e9 depuis\u2026 avec Sony), le gang de Seattle\u2026","rel":"","context":"Dans &quot;Chroniques&quot;","block_context":{"text":"Chroniques","link":"https:\/\/www.wallendorff.com\/belogue\/category\/chroniques\/"},"img":{"alt_text":"","src":"","width":0,"height":0},"classes":[]},{"id":1048,"url":"https:\/\/www.wallendorff.com\/belogue\/2007\/10\/01\/vido-kilt-et-radio-c-tard\/","url_meta":{"origin":158,"position":3},"title":"Vid\u00e9o kilt\u00b9 et Radio c&rsquo;tard.","author":"dpc","date":"1 octobre 2007","format":false,"excerpt":"Rue du Co\u00ebtlosquet, Metz, 9 septembre 2007. Tu t'es couch\u00e9 en te for\u00e7ant un peu, t'as r\u00eav\u00e9 que Jack White te virait de sa maison de disques parce que ta copine et toi essayiez de vous faire passer pour eux2, et dans ton r\u00e9veil glauque, l'\u0153il torve et le poil\u2026","rel":"","context":"Dans &quot;DPC&quot;","block_context":{"text":"DPC","link":"https:\/\/www.wallendorff.com\/belogue\/category\/dpc\/"},"img":{"alt_text":"","src":"https:\/\/i0.wp.com\/www.wallendorff.com\/belogue\/wp-content\/uploads\/2015\/04\/200710011.jpg?resize=350%2C200&ssl=1","width":350,"height":200},"classes":[]},{"id":130999,"url":"https:\/\/www.wallendorff.com\/belogue\/2024\/11\/04\/pearl-jam-marlay-park-rathfarnham-x-slainte-dublin\/","url_meta":{"origin":158,"position":4},"title":"Pearl Jam @ Marlay Park, Rathfarnham \u00d7 Sl\u00e1inte Dublin, 21 \u2013 23 juin 2024.","author":"dpc","date":"4 novembre 2024","format":false,"excerpt":"Release | Low Light | Elderly Woman Behind the Counter in a Small Town | Corduroy | Given to Fly | Scared of Fear | Eruption (Van Halen cover) (Mike McCready solo instrumental) | React, Respond | Wreckage | Wishlist | Even Flow | Dark Matter | Daughter \/ Give\u2026","rel":"","context":"Dans &quot;Alive&quot;","block_context":{"text":"Alive","link":"https:\/\/www.wallendorff.com\/belogue\/category\/alive\/"},"img":{"alt_text":"","src":"https:\/\/i0.wp.com\/www.wallendorff.com\/belogue\/wp-content\/uploads\/2024\/11\/20241104-24.jpg?resize=350%2C200&ssl=1","width":350,"height":200,"srcset":"https:\/\/i0.wp.com\/www.wallendorff.com\/belogue\/wp-content\/uploads\/2024\/11\/20241104-24.jpg?resize=350%2C200&ssl=1 1x, https:\/\/i0.wp.com\/www.wallendorff.com\/belogue\/wp-content\/uploads\/2024\/11\/20241104-24.jpg?resize=525%2C300&ssl=1 1.5x, https:\/\/i0.wp.com\/www.wallendorff.com\/belogue\/wp-content\/uploads\/2024\/11\/20241104-24.jpg?resize=700%2C400&ssl=1 2x, https:\/\/i0.wp.com\/www.wallendorff.com\/belogue\/wp-content\/uploads\/2024\/11\/20241104-24.jpg?resize=1050%2C600&ssl=1 3x"},"classes":[]},{"id":18051,"url":"https:\/\/www.wallendorff.com\/belogue\/2012\/07\/04\/main-square-festival-jour-2-2\/","url_meta":{"origin":158,"position":5},"title":"Main Square Festival 2012, jour 2.","author":"dpc","date":"4 juillet 2012","format":false,"excerpt":"D\u00e9couvrir qu'on est valid\u00e9 pour Pearl Jam. Rater \u00e0 deux reprises le saut du chanteur de Skip the Use. Aller s'assurer qu'on est bien valid\u00e9 pour Pearl Jam. Se faire saucer. Chiper un poncho Virgin Radio. Rater Within Temptation. Aller voir si on est toujours valid\u00e9 pour Pearl Jam. Se\u2026","rel":"","context":"Dans &quot;Alive&quot;","block_context":{"text":"Alive","link":"https:\/\/www.wallendorff.com\/belogue\/category\/alive\/"},"img":{"alt_text":"","src":"https:\/\/i0.wp.com\/www.wallendorff.com\/belogue\/wp-content\/uploads\/2015\/04\/201207041.jpg?resize=350%2C200&ssl=1","width":350,"height":200,"srcset":"https:\/\/i0.wp.com\/www.wallendorff.com\/belogue\/wp-content\/uploads\/2015\/04\/201207041.jpg?resize=350%2C200&ssl=1 1x, https:\/\/i0.wp.com\/www.wallendorff.com\/belogue\/wp-content\/uploads\/2015\/04\/201207041.jpg?resize=525%2C300&ssl=1 1.5x, https:\/\/i0.wp.com\/www.wallendorff.com\/belogue\/wp-content\/uploads\/2015\/04\/201207041.jpg?resize=700%2C400&ssl=1 2x"},"classes":[]}],"_links":{"self":[{"href":"https:\/\/www.wallendorff.com\/belogue\/wp-json\/wp\/v2\/posts\/158","targetHints":{"allow":["GET"]}}],"collection":[{"href":"https:\/\/www.wallendorff.com\/belogue\/wp-json\/wp\/v2\/posts"}],"about":[{"href":"https:\/\/www.wallendorff.com\/belogue\/wp-json\/wp\/v2\/types\/post"}],"author":[{"embeddable":true,"href":"https:\/\/www.wallendorff.com\/belogue\/wp-json\/wp\/v2\/users\/1"}],"replies":[{"embeddable":true,"href":"https:\/\/www.wallendorff.com\/belogue\/wp-json\/wp\/v2\/comments?post=158"}],"version-history":[{"count":1,"href":"https:\/\/www.wallendorff.com\/belogue\/wp-json\/wp\/v2\/posts\/158\/revisions"}],"predecessor-version":[{"id":16712,"href":"https:\/\/www.wallendorff.com\/belogue\/wp-json\/wp\/v2\/posts\/158\/revisions\/16712"}],"wp:featuredmedia":[{"embeddable":true,"href":"https:\/\/www.wallendorff.com\/belogue\/wp-json\/wp\/v2\/media\/24093"}],"wp:attachment":[{"href":"https:\/\/www.wallendorff.com\/belogue\/wp-json\/wp\/v2\/media?parent=158"}],"wp:term":[{"taxonomy":"category","embeddable":true,"href":"https:\/\/www.wallendorff.com\/belogue\/wp-json\/wp\/v2\/categories?post=158"},{"taxonomy":"post_tag","embeddable":true,"href":"https:\/\/www.wallendorff.com\/belogue\/wp-json\/wp\/v2\/tags?post=158"}],"curies":[{"name":"wp","href":"https:\/\/api.w.org\/{rel}","templated":true}]}}