{"id":156,"date":"2006-05-23T09:28:07","date_gmt":"2006-05-23T09:28:07","guid":{"rendered":"http:\/\/www.po-l.com\/wordpress\/?p=156"},"modified":"2012-04-03T09:59:24","modified_gmt":"2012-04-03T07:59:24","slug":"les-400-cous","status":"publish","type":"post","link":"https:\/\/www.wallendorff.com\/belogue\/2006\/05\/23\/les-400-cous\/","title":{"rendered":"Les 400 cous."},"content":{"rendered":"<div id=\"photo\">\n<p><img decoding=\"async\" src=\"http:\/\/www.po-L.com\/belogue\/photo\/2006\/05\/20060523.jpg\"><br \/>\nQuai Paul Vautrin, Metz, 20 mai.<\/p>\n<\/div>\n<p style=\"text-align:right\">Je suis en cruel manque de photos et &ccedil;a commence &agrave; craindre du boudin, grave de.<\/p>\n<p style=\"text-align:right\">Sinon &agrave; part &ccedil;a il fait beau.<\/p>\n<p style=\"text-align:right\">Et mon&nbsp;<strike> potage de <\/strike>&nbsp;caf&eacute; est bon et &ccedil;a c&rsquo;est chouette.<\/p>\n<p style=\"text-align:right\">Et euh&#8230;<\/p>\n<p style=\"text-align:right\">Voil&agrave; voil&agrave;, hein.<\/p>\n<div id=\"bandeson\">\n<p><img decoding=\"async\" src=\"https:\/\/www.wallendorff.com\/belogue\/photo\/pochettes\/a\/ataris_the-so_long_astoria.jpg\" align=\"left\" \/>&nbsp;<a href=\"http:\/\/www.theataris.com\/\">The Ataris<\/a> &mdash; <em>The Boys of Summer<\/em> (Don Henley cover)<\/p>\n<\/p><\/div>\n","protected":false},"excerpt":{"rendered":"<p>Quai Paul Vautrin, Metz, 20 mai. Je suis en cruel manque de photos et &ccedil;a commence &agrave; craindre du boudin, grave de. Sinon &agrave; part &ccedil;a il fait beau. Et mon&nbsp; potage de &nbsp;caf&eacute; est bon et &ccedil;a c&rsquo;est chouette. Et euh&#8230; Voil&agrave; voil&agrave;, hein. &nbsp;The Ataris &mdash; The Boys of Summer (Don Henley cover)<\/p>\n","protected":false},"author":1,"featured_media":24091,"comment_status":"open","ping_status":"open","sticky":false,"template":"","format":"standard","meta":{"_acf_changed":false,"ngg_post_thumbnail":0,"jetpack_post_was_ever_published":false,"_jetpack_newsletter_access":"","_jetpack_dont_email_post_to_subs":false,"_jetpack_newsletter_tier_id":0,"_jetpack_memberships_contains_paywalled_content":false,"_jetpack_memberships_contains_paid_content":false,"footnotes":"","jetpack_publicize_message":"","jetpack_publicize_feature_enabled":true,"jetpack_social_post_already_shared":false,"jetpack_social_options":{"image_generator_settings":{"template":"highway","default_image_id":0,"font":"","enabled":false},"version":2}},"categories":[3],"tags":[132,10883,1603,10484,10120,10175,10173,10174,10884,3415,10673,170,1458,1602],"class_list":["post-156","post","type-post","status-publish","format-standard","has-post-thumbnail","hentry","category-dpc","tag-eos-20d","tag-cygne","tag-don-henley","tag-eau","tag-france","tag-lorraine","tag-metz","tag-moselle","tag-oiseau","tag-quai-paul-vautrin","tag-riviere","tag-sigma-70-300-mm-f4-56-dg-apo-macro","tag-the-ataris","tag-the-boys-of-summer"],"acf":[],"geo":{"latitude":49.1196976,"longitude":6.1710763,"description":null},"jetpack_publicize_connections":[],"jetpack_featured_media_url":"https:\/\/www.wallendorff.com\/belogue\/wp-content\/uploads\/2015\/04\/200605231.jpg","jetpack_shortlink":"https:\/\/wp.me\/p3b35P-2w","jetpack_sharing_enabled":true,"jetpack-related-posts":[{"id":22403,"url":"https:\/\/www.wallendorff.com\/belogue\/2014\/01\/14\/voix-sur-berge\/","url_meta":{"origin":156,"position":0},"title":"Voix sur berge.","author":"dpc","date":"14 janvier 2014","format":false,"excerpt":"Quai Paul-Vautrin, Metz, 26 d\u00e9cembre 2013. Let Me Go Haim","rel":"","context":"Dans &quot;DPC&quot;","block_context":{"text":"DPC","link":"https:\/\/www.wallendorff.com\/belogue\/category\/dpc\/"},"img":{"alt_text":"","src":"https:\/\/i0.wp.com\/www.wallendorff.com\/belogue\/wp-content\/uploads\/2015\/04\/201401141.jpg?resize=350%2C200&ssl=1","width":350,"height":200,"srcset":"https:\/\/i0.wp.com\/www.wallendorff.com\/belogue\/wp-content\/uploads\/2015\/04\/201401141.jpg?resize=350%2C200&ssl=1 1x, https:\/\/i0.wp.com\/www.wallendorff.com\/belogue\/wp-content\/uploads\/2015\/04\/201401141.jpg?resize=525%2C300&ssl=1 1.5x, https:\/\/i0.wp.com\/www.wallendorff.com\/belogue\/wp-content\/uploads\/2015\/04\/201401141.jpg?resize=700%2C400&ssl=1 2x"},"classes":[]},{"id":127511,"url":"https:\/\/www.wallendorff.com\/belogue\/2024\/02\/28\/quepaulent-vos-trains\/","url_meta":{"origin":156,"position":1},"title":"Qu&rsquo;\u00e9paulent vos trains.","author":"dpc","date":"28 f\u00e9vrier 2024","format":false,"excerpt":"Quai Paul-Vautrin, Metz, 27 d\u00e9cembre 2023.","rel":"","context":"Dans &quot;DPC&quot;","block_context":{"text":"DPC","link":"https:\/\/www.wallendorff.com\/belogue\/category\/dpc\/"},"img":{"alt_text":"","src":"https:\/\/i0.wp.com\/www.wallendorff.com\/belogue\/wp-content\/uploads\/2024\/02\/20240228.jpg?resize=350%2C200&ssl=1","width":350,"height":200,"srcset":"https:\/\/i0.wp.com\/www.wallendorff.com\/belogue\/wp-content\/uploads\/2024\/02\/20240228.jpg?resize=350%2C200&ssl=1 1x, https:\/\/i0.wp.com\/www.wallendorff.com\/belogue\/wp-content\/uploads\/2024\/02\/20240228.jpg?resize=525%2C300&ssl=1 1.5x, https:\/\/i0.wp.com\/www.wallendorff.com\/belogue\/wp-content\/uploads\/2024\/02\/20240228.jpg?resize=700%2C400&ssl=1 2x, https:\/\/i0.wp.com\/www.wallendorff.com\/belogue\/wp-content\/uploads\/2024\/02\/20240228.jpg?resize=1050%2C600&ssl=1 3x"},"classes":[]},{"id":45491,"url":"https:\/\/www.wallendorff.com\/belogue\/2020\/04\/09\/into-the-wide-193\/","url_meta":{"origin":156,"position":2},"title":"Into the wide #193.","author":"dpc","date":"9 avril 2020","format":false,"excerpt":"Quai Paul-Vautrin, Metz, 24 d\u00e9cembre 2019. Prayer Jack Pe\u00f1ate","rel":"","context":"Dans &quot;Into the wide&quot;","block_context":{"text":"Into the wide","link":"https:\/\/www.wallendorff.com\/belogue\/category\/into-the-wide\/"},"img":{"alt_text":"","src":"https:\/\/i0.wp.com\/www.wallendorff.com\/belogue\/wp-content\/uploads\/2020\/04\/20200409.jpg?resize=350%2C200&ssl=1","width":350,"height":200,"srcset":"https:\/\/i0.wp.com\/www.wallendorff.com\/belogue\/wp-content\/uploads\/2020\/04\/20200409.jpg?resize=350%2C200&ssl=1 1x, https:\/\/i0.wp.com\/www.wallendorff.com\/belogue\/wp-content\/uploads\/2020\/04\/20200409.jpg?resize=525%2C300&ssl=1 1.5x, https:\/\/i0.wp.com\/www.wallendorff.com\/belogue\/wp-content\/uploads\/2020\/04\/20200409.jpg?resize=700%2C400&ssl=1 2x, https:\/\/i0.wp.com\/www.wallendorff.com\/belogue\/wp-content\/uploads\/2020\/04\/20200409.jpg?resize=1050%2C600&ssl=1 3x"},"classes":[]},{"id":12448,"url":"https:\/\/www.wallendorff.com\/belogue\/2011\/03\/16\/still-waiting-on-a-divine-touch\/","url_meta":{"origin":156,"position":3},"title":"Still waiting on a divine touch.","author":"dpc","date":"16 mars 2011","format":false,"excerpt":"Quai Paul Vautrin, Metz, 13 f\u00e9vrier. \u00a0Junip \u2013 In Every Direction","rel":"","context":"Dans &quot;DPC&quot;","block_context":{"text":"DPC","link":"https:\/\/www.wallendorff.com\/belogue\/category\/dpc\/"},"img":{"alt_text":"","src":"https:\/\/i0.wp.com\/www.wallendorff.com\/belogue\/wp-content\/uploads\/2015\/04\/201103161.jpg?resize=350%2C200&ssl=1","width":350,"height":200,"srcset":"https:\/\/i0.wp.com\/www.wallendorff.com\/belogue\/wp-content\/uploads\/2015\/04\/201103161.jpg?resize=350%2C200&ssl=1 1x, https:\/\/i0.wp.com\/www.wallendorff.com\/belogue\/wp-content\/uploads\/2015\/04\/201103161.jpg?resize=525%2C300&ssl=1 1.5x, https:\/\/i0.wp.com\/www.wallendorff.com\/belogue\/wp-content\/uploads\/2015\/04\/201103161.jpg?resize=700%2C400&ssl=1 2x"},"classes":[]},{"id":6360,"url":"https:\/\/www.wallendorff.com\/belogue\/2010\/01\/28\/i-remember-the-golden-days-when-all-this-was-a-mystery\/","url_meta":{"origin":156,"position":4},"title":"I remember the golden days when all this was a mystery.","author":"dpc","date":"28 janvier 2010","format":false,"excerpt":"Quai Paul Vautrin, Metz, 27 d\u00e9cembre 2009. \u00a0The Dresden Dolls \u2013 Necessary Evil June 2001 has gone a loooong way.","rel":"","context":"Dans &quot;DPC&quot;","block_context":{"text":"DPC","link":"https:\/\/www.wallendorff.com\/belogue\/category\/dpc\/"},"img":{"alt_text":"","src":"https:\/\/i0.wp.com\/www.wallendorff.com\/belogue\/wp-content\/uploads\/2015\/04\/201001281.jpg?resize=350%2C200&ssl=1","width":350,"height":200},"classes":[]},{"id":15872,"url":"https:\/\/www.wallendorff.com\/belogue\/2012\/02\/14\/allons-boire-sil-arrose\/","url_meta":{"origin":156,"position":5},"title":"Allons boire s&rsquo;il arrose.","author":"dpc","date":"14 f\u00e9vrier 2012","format":false,"excerpt":"Metz, 27 d\u00e9cembre 2011. Les photos comme \u00e7a me rappellent toujours l'\u00e9cran de Thames Television. \u00c0 chaque fois que j'en vois une, j'entends des trompettes et je m'attends \u00e0 ce qu'un \u00e9pisode de Benny Hill commence juste apr\u00e8s. Oh et n'oubliez pas qu'aujourd'hui on f\u00eate les 20 ans de Wayne's\u2026","rel":"","context":"Dans &quot;DPC&quot;","block_context":{"text":"DPC","link":"https:\/\/www.wallendorff.com\/belogue\/category\/dpc\/"},"img":{"alt_text":"","src":"https:\/\/i0.wp.com\/www.wallendorff.com\/belogue\/wp-content\/uploads\/2015\/04\/201202141.jpg?resize=350%2C200&ssl=1","width":350,"height":200,"srcset":"https:\/\/i0.wp.com\/www.wallendorff.com\/belogue\/wp-content\/uploads\/2015\/04\/201202141.jpg?resize=350%2C200&ssl=1 1x, https:\/\/i0.wp.com\/www.wallendorff.com\/belogue\/wp-content\/uploads\/2015\/04\/201202141.jpg?resize=525%2C300&ssl=1 1.5x, https:\/\/i0.wp.com\/www.wallendorff.com\/belogue\/wp-content\/uploads\/2015\/04\/201202141.jpg?resize=700%2C400&ssl=1 2x"},"classes":[]}],"_links":{"self":[{"href":"https:\/\/www.wallendorff.com\/belogue\/wp-json\/wp\/v2\/posts\/156","targetHints":{"allow":["GET"]}}],"collection":[{"href":"https:\/\/www.wallendorff.com\/belogue\/wp-json\/wp\/v2\/posts"}],"about":[{"href":"https:\/\/www.wallendorff.com\/belogue\/wp-json\/wp\/v2\/types\/post"}],"author":[{"embeddable":true,"href":"https:\/\/www.wallendorff.com\/belogue\/wp-json\/wp\/v2\/users\/1"}],"replies":[{"embeddable":true,"href":"https:\/\/www.wallendorff.com\/belogue\/wp-json\/wp\/v2\/comments?post=156"}],"version-history":[{"count":1,"href":"https:\/\/www.wallendorff.com\/belogue\/wp-json\/wp\/v2\/posts\/156\/revisions"}],"predecessor-version":[{"id":16656,"href":"https:\/\/www.wallendorff.com\/belogue\/wp-json\/wp\/v2\/posts\/156\/revisions\/16656"}],"wp:featuredmedia":[{"embeddable":true,"href":"https:\/\/www.wallendorff.com\/belogue\/wp-json\/wp\/v2\/media\/24091"}],"wp:attachment":[{"href":"https:\/\/www.wallendorff.com\/belogue\/wp-json\/wp\/v2\/media?parent=156"}],"wp:term":[{"taxonomy":"category","embeddable":true,"href":"https:\/\/www.wallendorff.com\/belogue\/wp-json\/wp\/v2\/categories?post=156"},{"taxonomy":"post_tag","embeddable":true,"href":"https:\/\/www.wallendorff.com\/belogue\/wp-json\/wp\/v2\/tags?post=156"}],"curies":[{"name":"wp","href":"https:\/\/api.w.org\/{rel}","templated":true}]}}