{"id":15498,"date":"2012-01-23T13:49:19","date_gmt":"2012-01-23T11:49:19","guid":{"rendered":"http:\/\/www.po-L.com\/belogue\/?p=15498"},"modified":"2012-01-23T13:49:19","modified_gmt":"2012-01-23T11:49:19","slug":"la-tete-ote","status":"publish","type":"post","link":"https:\/\/www.wallendorff.com\/belogue\/2012\/01\/23\/la-tete-ote\/","title":{"rendered":"La t\u00eate \u00f4te."},"content":{"rendered":"\n<div id=\"photo\">\n<p><img decoding=\"async\" src=\"https:\/\/www.wallendorff.com\/belogue\/photo\/2012\/01\/20120123.jpg\"><br \/>\n          Studio Lacen, Paris, 30 novembre 2011.<\/p>\n<\/p><\/div>\n<div id=\"bandeson\">\n<p><img decoding=\"async\" src=\"https:\/\/www.wallendorff.com\/belogue\/photo\/pochettes\/b\/black_keys_the-el_camino.jpg\" align=\"left\" \/><a href=\"http:\/\/www.theblackkeys.com\">The Black Keys<\/a> &ndash; <em>Gold on the Ceiling<\/em><br \/>\n        [youtube]http:\/\/www.youtube.com\/watch?v=IttLxthqM7U[\/youtube]<\/p>\n<\/p><\/div>\n","protected":false},"excerpt":{"rendered":"<p>Studio Lacen, Paris, 30 novembre 2011. The Black Keys &ndash; Gold on the Ceiling [youtube]http:\/\/www.youtube.com\/watch?v=IttLxthqM7U[\/youtube]<\/p>\n","protected":false},"author":1,"featured_media":26096,"comment_status":"open","ping_status":"open","sticky":false,"template":"","format":"standard","meta":{"_acf_changed":false,"ngg_post_thumbnail":0,"jetpack_post_was_ever_published":false,"_jetpack_newsletter_access":"","_jetpack_dont_email_post_to_subs":false,"_jetpack_newsletter_tier_id":0,"_jetpack_memberships_contains_paywalled_content":false,"_jetpack_memberships_contains_paid_content":false,"footnotes":"","jetpack_publicize_message":"","jetpack_publicize_feature_enabled":true,"jetpack_social_post_already_shared":false,"jetpack_social_options":{"image_generator_settings":{"template":"highway","default_image_id":0,"font":"","enabled":false},"version":2}},"categories":[3],"tags":[10336,1438,2615,10971,10340,10120,5519,10121,5516,10698,5518,143,10098,5517,10982,10365,10396],"class_list":["post-15498","post","type-post","status-publish","format-standard","has-post-thumbnail","hentry","category-dpc","tag-10336","tag-ef-50-mm-f14-usm","tag-eos-5d-mark-ii","tag-el-camino","tag-fille","tag-france","tag-gold-on-the-ceiling","tag-ile-de-france","tag-lacen-studio","tag-mannequin","tag-modele","tag-noir-et-blanc","tag-paris","tag-paule-ka","tag-playgrnd","tag-studio","tag-the-black-keys"],"acf":[],"geo":{"latitude":48.8637199,"longitude":2.360508,"description":"Paris 03 Temple, \u00cele-de-France, 75150 CEDEX 03, FR"},"jetpack_publicize_connections":[],"jetpack_featured_media_url":"https:\/\/www.wallendorff.com\/belogue\/wp-content\/uploads\/2015\/04\/201201231.jpg","jetpack_shortlink":"https:\/\/wp.me\/p3b35P-41Y","jetpack_sharing_enabled":true,"jetpack-related-posts":[{"id":15457,"url":"https:\/\/www.wallendorff.com\/belogue\/2012\/01\/20\/shoes-life\/","url_meta":{"origin":15498,"position":0},"title":"Shoes life.","author":"dpc","date":"20 janvier 2012","format":false,"excerpt":"Lacen Studio, Paris, 30 novembre 2011. In Flagranti [CH] \u2013 Pick a Trick [youtube]http:\/\/www.youtube.com\/watch?v=0FHJtHz4wJE[\/youtube]","rel":"","context":"Dans &quot;DPC&quot;","block_context":{"text":"DPC","link":"https:\/\/www.wallendorff.com\/belogue\/category\/dpc\/"},"img":{"alt_text":"","src":"https:\/\/i0.wp.com\/www.wallendorff.com\/belogue\/wp-content\/uploads\/2015\/04\/201201201.jpg?resize=350%2C200&ssl=1","width":350,"height":200,"srcset":"https:\/\/i0.wp.com\/www.wallendorff.com\/belogue\/wp-content\/uploads\/2015\/04\/201201201.jpg?resize=350%2C200&ssl=1 1x, https:\/\/i0.wp.com\/www.wallendorff.com\/belogue\/wp-content\/uploads\/2015\/04\/201201201.jpg?resize=525%2C300&ssl=1 1.5x, https:\/\/i0.wp.com\/www.wallendorff.com\/belogue\/wp-content\/uploads\/2015\/04\/201201201.jpg?resize=700%2C400&ssl=1 2x"},"classes":[]},{"id":15511,"url":"https:\/\/www.wallendorff.com\/belogue\/2012\/01\/24\/en-venir-aux-mains\/","url_meta":{"origin":15498,"position":1},"title":"En venir aux mains.","author":"dpc","date":"24 janvier 2012","format":false,"excerpt":"Studio Lacen, Paris, 30 novembre 2011. Pop Levi \u2013 Hades' Lady [youtube]http:\/\/www.youtube.com\/watch?v=hHIAtghcMLY[\/youtube]","rel":"","context":"Dans &quot;DPC&quot;","block_context":{"text":"DPC","link":"https:\/\/www.wallendorff.com\/belogue\/category\/dpc\/"},"img":{"alt_text":"","src":"https:\/\/i0.wp.com\/www.wallendorff.com\/belogue\/wp-content\/uploads\/2015\/04\/201201241.jpg?resize=350%2C200&ssl=1","width":350,"height":200,"srcset":"https:\/\/i0.wp.com\/www.wallendorff.com\/belogue\/wp-content\/uploads\/2015\/04\/201201241.jpg?resize=350%2C200&ssl=1 1x, https:\/\/i0.wp.com\/www.wallendorff.com\/belogue\/wp-content\/uploads\/2015\/04\/201201241.jpg?resize=525%2C300&ssl=1 1.5x, https:\/\/i0.wp.com\/www.wallendorff.com\/belogue\/wp-content\/uploads\/2015\/04\/201201241.jpg?resize=700%2C400&ssl=1 2x"},"classes":[]},{"id":124725,"url":"https:\/\/www.wallendorff.com\/belogue\/2023\/06\/19\/the-black-keys-le-zenith-paris-18-juin-2023\/","url_meta":{"origin":15498,"position":2},"title":"The Black Keys @ le Z\u00e9nith, Paris, 18 juin 2023.","author":"dpc","date":"19 juin 2023","format":false,"excerpt":"I Got Mine | Your Touch | Your Team Is Looking Good | It Ain\u2032t Over | Gold on the Ceiling | Crawling King Snake (Big Joe Williams) | Have Love, Will Travel (Richard Berry) | Everlasting Light | Next Girl | Fever | Weight of Love | Heavy Soul\u2026","rel":"","context":"Dans &quot;Alive&quot;","block_context":{"text":"Alive","link":"https:\/\/www.wallendorff.com\/belogue\/category\/alive\/"},"img":{"alt_text":"","src":"https:\/\/i0.wp.com\/www.wallendorff.com\/belogue\/wp-content\/uploads\/2023\/06\/20230619-21.jpg?resize=350%2C200&ssl=1","width":350,"height":200,"srcset":"https:\/\/i0.wp.com\/www.wallendorff.com\/belogue\/wp-content\/uploads\/2023\/06\/20230619-21.jpg?resize=350%2C200&ssl=1 1x, https:\/\/i0.wp.com\/www.wallendorff.com\/belogue\/wp-content\/uploads\/2023\/06\/20230619-21.jpg?resize=525%2C300&ssl=1 1.5x, https:\/\/i0.wp.com\/www.wallendorff.com\/belogue\/wp-content\/uploads\/2023\/06\/20230619-21.jpg?resize=700%2C400&ssl=1 2x, https:\/\/i0.wp.com\/www.wallendorff.com\/belogue\/wp-content\/uploads\/2023\/06\/20230619-21.jpg?resize=1050%2C600&ssl=1 3x"},"classes":[]},{"id":4086,"url":"https:\/\/www.wallendorff.com\/belogue\/2009\/03\/29\/the-lads-studio-haxo-paris\/","url_meta":{"origin":15498,"position":3},"title":"The Lads @ studio Haxo, Paris","author":"dpc","date":"29 mars 2009","format":false,"excerpt":"The Dead Weather \u2013 Are Friends Electric? (Gary Numan cover) Si on m'avait dit que la soir\u00e9e sp\u00e9ciale 15 ans des anciens de la premi\u00e8re S2 1994-1995 du lyc\u00e9e Fran\u00e7ois Bazin \u00e0 Charleville-M\u00e9zi\u00e8res, repr\u00e9sent\u00e9e par son fan en chef de Jim Morrison, son punk attitr\u00e9 et son m\u00e9talleux de service,\u2026","rel":"","context":"Dans &quot;DPC&quot;","block_context":{"text":"DPC","link":"https:\/\/www.wallendorff.com\/belogue\/category\/dpc\/"},"img":{"alt_text":"","src":"https:\/\/i0.wp.com\/www.wallendorff.com\/belogue\/wp-content\/uploads\/2015\/04\/20090329-051-188x188.jpg?resize=350%2C200&ssl=1","width":350,"height":200},"classes":[]},{"id":7651,"url":"https:\/\/www.wallendorff.com\/belogue\/2010\/06\/08\/elle-aussi-lancait-dehors\/","url_meta":{"origin":15498,"position":4},"title":"Elle aussi lan\u00e7ait dehors.","author":"dpc","date":"8 juin 2010","format":false,"excerpt":"Shakespeare & Co., Paris, 25 avril. [En fait je voudrais habiter chez eux]. \u00a0The Black Keys \u2013 My Mind Is Ramblin' (Junior Kimbrough cover)","rel":"","context":"Dans &quot;DPC&quot;","block_context":{"text":"DPC","link":"https:\/\/www.wallendorff.com\/belogue\/category\/dpc\/"},"img":{"alt_text":"","src":"https:\/\/i0.wp.com\/www.wallendorff.com\/belogue\/wp-content\/uploads\/2015\/04\/201006081.jpg?resize=350%2C200&ssl=1","width":350,"height":200},"classes":[]},{"id":32429,"url":"https:\/\/www.wallendorff.com\/belogue\/2016\/10\/08\/archive-studios-ferber-paris\/","url_meta":{"origin":15498,"position":5},"title":"Archive @ Studios Ferber, Paris.","author":"dpc","date":"8 octobre 2016","format":false,"excerpt":"","rel":"","context":"Dans &quot;Alive&quot;","block_context":{"text":"Alive","link":"https:\/\/www.wallendorff.com\/belogue\/category\/alive\/"},"img":{"alt_text":"","src":"https:\/\/i0.wp.com\/www.wallendorff.com\/belogue\/wp-content\/uploads\/2016\/10\/20161007-02-2.jpg?resize=350%2C200&ssl=1","width":350,"height":200,"srcset":"https:\/\/i0.wp.com\/www.wallendorff.com\/belogue\/wp-content\/uploads\/2016\/10\/20161007-02-2.jpg?resize=350%2C200&ssl=1 1x, https:\/\/i0.wp.com\/www.wallendorff.com\/belogue\/wp-content\/uploads\/2016\/10\/20161007-02-2.jpg?resize=525%2C300&ssl=1 1.5x, https:\/\/i0.wp.com\/www.wallendorff.com\/belogue\/wp-content\/uploads\/2016\/10\/20161007-02-2.jpg?resize=700%2C400&ssl=1 2x"},"classes":[]}],"_links":{"self":[{"href":"https:\/\/www.wallendorff.com\/belogue\/wp-json\/wp\/v2\/posts\/15498","targetHints":{"allow":["GET"]}}],"collection":[{"href":"https:\/\/www.wallendorff.com\/belogue\/wp-json\/wp\/v2\/posts"}],"about":[{"href":"https:\/\/www.wallendorff.com\/belogue\/wp-json\/wp\/v2\/types\/post"}],"author":[{"embeddable":true,"href":"https:\/\/www.wallendorff.com\/belogue\/wp-json\/wp\/v2\/users\/1"}],"replies":[{"embeddable":true,"href":"https:\/\/www.wallendorff.com\/belogue\/wp-json\/wp\/v2\/comments?post=15498"}],"version-history":[{"count":3,"href":"https:\/\/www.wallendorff.com\/belogue\/wp-json\/wp\/v2\/posts\/15498\/revisions"}],"predecessor-version":[{"id":15501,"href":"https:\/\/www.wallendorff.com\/belogue\/wp-json\/wp\/v2\/posts\/15498\/revisions\/15501"}],"wp:featuredmedia":[{"embeddable":true,"href":"https:\/\/www.wallendorff.com\/belogue\/wp-json\/wp\/v2\/media\/26096"}],"wp:attachment":[{"href":"https:\/\/www.wallendorff.com\/belogue\/wp-json\/wp\/v2\/media?parent=15498"}],"wp:term":[{"taxonomy":"category","embeddable":true,"href":"https:\/\/www.wallendorff.com\/belogue\/wp-json\/wp\/v2\/categories?post=15498"},{"taxonomy":"post_tag","embeddable":true,"href":"https:\/\/www.wallendorff.com\/belogue\/wp-json\/wp\/v2\/tags?post=15498"}],"curies":[{"name":"wp","href":"https:\/\/api.w.org\/{rel}","templated":true}]}}