{"id":15323,"date":"2012-01-12T14:49:15","date_gmt":"2012-01-12T12:49:15","guid":{"rendered":"http:\/\/www.po-L.com\/belogue\/?p=15323"},"modified":"2012-01-12T14:49:15","modified_gmt":"2012-01-12T12:49:15","slug":"grenier-la-tope","status":"publish","type":"post","link":"https:\/\/www.wallendorff.com\/belogue\/2012\/01\/12\/grenier-la-tope\/","title":{"rendered":"Grenier l\u00e0 tope."},"content":{"rendered":"\n<div id=\"photo\">\n<p><img decoding=\"async\" src=\"https:\/\/www.wallendorff.com\/belogue\/photo\/2012\/01\/20120112.jpg\"><br \/>\n          Oyenetcheberria, 19 novembre 2011.<\/p>\n<\/p><\/div>\n<p style=\"text-align:right\"><a href=\"http:\/\/girlswithbighugelenses.tumblr.com\/\">girlslookinginbighugelenses.tumblr.com<\/a> [S&rsquo;&eacute;toffera peut-&ecirc;tre, va savoir.]<\/p>\n<div id=\"bandeson\">\n<p><img decoding=\"async\" src=\"https:\/\/www.wallendorff.com\/belogue\/photo\/pochettes\/r\/radical_face-the_roots.jpg\" align=\"left\" \/><a href=\"http:\/\/www.radicalface.com\/\">Radical Face<\/a> &ndash; <em>Names<\/em><br \/>\n        [youtube]http:\/\/www.youtube.com\/watch?v=12or1Zimwps[\/youtube]<\/p>\n<\/p><\/div>\n","protected":false},"excerpt":{"rendered":"<p>Oyenetcheberria, 19 novembre 2011. girlslookinginbighugelenses.tumblr.com [S&rsquo;&eacute;toffera peut-&ecirc;tre, va savoir.] Radical Face &ndash; Names [youtube]http:\/\/www.youtube.com\/watch?v=12or1Zimwps[\/youtube]<\/p>\n","protected":false},"author":1,"featured_media":26063,"comment_status":"open","ping_status":"open","sticky":false,"template":"","format":"standard","meta":{"_acf_changed":false,"ngg_post_thumbnail":0,"jetpack_post_was_ever_published":false,"_jetpack_newsletter_access":"","_jetpack_dont_email_post_to_subs":false,"_jetpack_newsletter_tier_id":0,"_jetpack_memberships_contains_paywalled_content":false,"_jetpack_memberships_contains_paid_content":false,"footnotes":"","jetpack_publicize_message":"","jetpack_publicize_feature_enabled":true,"jetpack_social_post_already_shared":false,"jetpack_social_options":{"image_generator_settings":{"template":"highway","default_image_id":0,"font":"","enabled":false},"version":2}},"categories":[3],"tags":[10316,2571,2615,10878,10307,10120,5501,1196,5500,143,5499,10315,10826,10334,1150],"class_list":["post-15323","post","type-post","status-publish","format-standard","has-post-thumbnail","hentry","category-dpc","tag-aquitaine","tag-ef-16-35-mm-f28l-ii-usm","tag-eos-5d-mark-ii","tag-chambre","tag-fenetre","tag-france","tag-grenier","tag-ibarron","tag-names","tag-noir-et-blanc","tag-oyenetcheberria","tag-pyrenees-atlantiques","tag-radical-face","tag-table","tag-vieux"],"acf":[],"geo":{"latitude":43.3642845,"longitude":-1.576581,"description":"Chourionia, 64310 Saint-P\u00e9e-sur-Nivelle, France"},"jetpack_publicize_connections":[],"jetpack_featured_media_url":"https:\/\/www.wallendorff.com\/belogue\/wp-content\/uploads\/2015\/04\/201201121.jpg","jetpack_shortlink":"https:\/\/wp.me\/p3b35P-3Z9","jetpack_sharing_enabled":true,"jetpack-related-posts":[{"id":15376,"url":"https:\/\/www.wallendorff.com\/belogue\/2012\/01\/16\/sature-des-nattes-viveur\/","url_meta":{"origin":15323,"position":0},"title":"Sature des nattes, viveur.","author":"dpc","date":"16 janvier 2012","format":false,"excerpt":"Oyenetcheberria, 19 novembre 2011. Woodpigeon \u2013 Feedbags [youtube]http:\/\/www.youtube.com\/watch?v=tGAmPxCacXw[\/youtube]","rel":"","context":"Dans &quot;DPC&quot;","block_context":{"text":"DPC","link":"https:\/\/www.wallendorff.com\/belogue\/category\/dpc\/"},"img":{"alt_text":"","src":"https:\/\/i0.wp.com\/www.wallendorff.com\/belogue\/wp-content\/uploads\/2015\/04\/201201161.jpg?resize=350%2C200&ssl=1","width":350,"height":200},"classes":[]},{"id":15426,"url":"https:\/\/www.wallendorff.com\/belogue\/2012\/01\/18\/lattente-quechoua\/","url_meta":{"origin":15323,"position":1},"title":"L&rsquo;attente qu&rsquo;\u00e9choua.","author":"dpc","date":"18 janvier 2012","format":false,"excerpt":"Oyenetcheberria, 19 novembre 2011. Max\u00efmo Park \u2013 Books from Boxes [youtube]http:\/\/www.youtube.com\/watch?v=X20UmfmTVnE[\/youtube]","rel":"","context":"Dans &quot;DPC&quot;","block_context":{"text":"DPC","link":"https:\/\/www.wallendorff.com\/belogue\/category\/dpc\/"},"img":{"alt_text":"","src":"https:\/\/i0.wp.com\/www.wallendorff.com\/belogue\/wp-content\/uploads\/2015\/04\/201201181.jpg?resize=350%2C200&ssl=1","width":350,"height":200,"srcset":"https:\/\/i0.wp.com\/www.wallendorff.com\/belogue\/wp-content\/uploads\/2015\/04\/201201181.jpg?resize=350%2C200&ssl=1 1x, https:\/\/i0.wp.com\/www.wallendorff.com\/belogue\/wp-content\/uploads\/2015\/04\/201201181.jpg?resize=525%2C300&ssl=1 1.5x, https:\/\/i0.wp.com\/www.wallendorff.com\/belogue\/wp-content\/uploads\/2015\/04\/201201181.jpg?resize=700%2C400&ssl=1 2x"},"classes":[]},{"id":15341,"url":"https:\/\/www.wallendorff.com\/belogue\/2012\/01\/13\/monstre-en-chemain\/","url_meta":{"origin":15323,"position":2},"title":"Mon[s]tre en [che]main.","author":"dpc","date":"13 janvier 2012","format":false,"excerpt":"Oyenetcheberria, 19 novembre 2011. Le plus dr\u00f4le quand tu te mets au milieu d'un couloir tout noir pour photographier un mannequin, c'est quand Juyette se pointe inopin\u00e9ment, tr\u00e9buche sur toi et se barre en hurlant car elle t'a pris pour le gros monstre poilu griffu et dentu du couloir qui\u2026","rel":"","context":"Dans &quot;DPC&quot;","block_context":{"text":"DPC","link":"https:\/\/www.wallendorff.com\/belogue\/category\/dpc\/"},"img":{"alt_text":"","src":"https:\/\/i0.wp.com\/www.wallendorff.com\/belogue\/wp-content\/uploads\/2015\/04\/201201131.jpg?resize=350%2C200&ssl=1","width":350,"height":200},"classes":[]},{"id":4504,"url":"https:\/\/www.wallendorff.com\/belogue\/2009\/08\/23\/back-tout-basque\/","url_meta":{"origin":15323,"position":3},"title":"Back tout basque.","author":"dpc","date":"23 ao\u00fbt 2009","format":false,"excerpt":"Ibarron, 20 ao\u00fbt. Bishop Allen \u2013 Click, Click, Click, Click Six jours loin de tout \u00e0 se recentrer sur l'essentiel \u2015\u00a0\u00e0 savoir l'estomac, le foie, le capital sommeil et un front tout propre pour coller des post-its dessus\u00a0\u2015 avant de se pencher sur une rentr\u00e9e qu'on l'esp\u00e8re dans l'ordre, pour\u2026","rel":"","context":"Dans &quot;DPC&quot;","block_context":{"text":"DPC","link":"https:\/\/www.wallendorff.com\/belogue\/category\/dpc\/"},"img":{"alt_text":"","src":"https:\/\/i0.wp.com\/www.wallendorff.com\/belogue\/wp-content\/uploads\/2015\/04\/20090823-161.jpg?resize=350%2C200&ssl=1","width":350,"height":200,"srcset":"https:\/\/i0.wp.com\/www.wallendorff.com\/belogue\/wp-content\/uploads\/2015\/04\/20090823-161.jpg?resize=350%2C200&ssl=1 1x, https:\/\/i0.wp.com\/www.wallendorff.com\/belogue\/wp-content\/uploads\/2015\/04\/20090823-161.jpg?resize=525%2C300&ssl=1 1.5x"},"classes":[]},{"id":286,"url":"https:\/\/www.wallendorff.com\/belogue\/2005\/08\/23\/lune-et-tard-hier\/","url_meta":{"origin":15323,"position":4},"title":"Lune et tard Hier.","author":"dpc","date":"23 ao\u00fbt 2005","format":false,"excerpt":"Ibarron, 21 ao\u00fbt, 3h46. \"Blue now is the colour Love the drug I'm needing Got to keep this feeling With the headlights burning We're looking up for something Answers on the ceiling Watching out the windows Watch the way the wind blows Soon it will be morning Still the question\u2026","rel":"","context":"Dans &quot;DPC&quot;","block_context":{"text":"DPC","link":"https:\/\/www.wallendorff.com\/belogue\/category\/dpc\/"},"img":{"alt_text":"","src":"https:\/\/i0.wp.com\/www.wallendorff.com\/belogue\/wp-content\/uploads\/2015\/04\/200508231.jpg?resize=350%2C200&ssl=1","width":350,"height":200,"srcset":"https:\/\/i0.wp.com\/www.wallendorff.com\/belogue\/wp-content\/uploads\/2015\/04\/200508231.jpg?resize=350%2C200&ssl=1 1x, https:\/\/i0.wp.com\/www.wallendorff.com\/belogue\/wp-content\/uploads\/2015\/04\/200508231.jpg?resize=525%2C300&ssl=1 1.5x"},"classes":[]},{"id":578,"url":"https:\/\/www.wallendorff.com\/belogue\/2004\/11\/15\/encore-a\/","url_meta":{"origin":15323,"position":5},"title":"Encore @ A&sup2;.","author":"dpc","date":"15 novembre 2004","format":false,"excerpt":"Encore Records, Ann Arbor, 3 novembre 2004. \u00c7a doit \u00eatre mon magasin de disques pr\u00e9f\u00e9r\u00e9 au monde. Il pue le renferm\u00e9 comme un vieux grenier, on y trouve que de l'occase en vinyle et CD. Le comptoir, avec ses piles de disques pas class\u00e9s, ressemble aux archives de Dupuis rang\u00e9es\u2026","rel":"","context":"Dans &quot;DPC&quot;","block_context":{"text":"DPC","link":"https:\/\/www.wallendorff.com\/belogue\/category\/dpc\/"},"img":{"alt_text":"","src":"https:\/\/i0.wp.com\/www.wallendorff.com\/belogue\/wp-content\/uploads\/2015\/04\/444.jpg?resize=350%2C200&ssl=1","width":350,"height":200},"classes":[]}],"_links":{"self":[{"href":"https:\/\/www.wallendorff.com\/belogue\/wp-json\/wp\/v2\/posts\/15323","targetHints":{"allow":["GET"]}}],"collection":[{"href":"https:\/\/www.wallendorff.com\/belogue\/wp-json\/wp\/v2\/posts"}],"about":[{"href":"https:\/\/www.wallendorff.com\/belogue\/wp-json\/wp\/v2\/types\/post"}],"author":[{"embeddable":true,"href":"https:\/\/www.wallendorff.com\/belogue\/wp-json\/wp\/v2\/users\/1"}],"replies":[{"embeddable":true,"href":"https:\/\/www.wallendorff.com\/belogue\/wp-json\/wp\/v2\/comments?post=15323"}],"version-history":[{"count":3,"href":"https:\/\/www.wallendorff.com\/belogue\/wp-json\/wp\/v2\/posts\/15323\/revisions"}],"predecessor-version":[{"id":15329,"href":"https:\/\/www.wallendorff.com\/belogue\/wp-json\/wp\/v2\/posts\/15323\/revisions\/15329"}],"wp:featuredmedia":[{"embeddable":true,"href":"https:\/\/www.wallendorff.com\/belogue\/wp-json\/wp\/v2\/media\/26063"}],"wp:attachment":[{"href":"https:\/\/www.wallendorff.com\/belogue\/wp-json\/wp\/v2\/media?parent=15323"}],"wp:term":[{"taxonomy":"category","embeddable":true,"href":"https:\/\/www.wallendorff.com\/belogue\/wp-json\/wp\/v2\/categories?post=15323"},{"taxonomy":"post_tag","embeddable":true,"href":"https:\/\/www.wallendorff.com\/belogue\/wp-json\/wp\/v2\/tags?post=15323"}],"curies":[{"name":"wp","href":"https:\/\/api.w.org\/{rel}","templated":true}]}}