{"id":15306,"date":"2012-01-11T14:48:20","date_gmt":"2012-01-11T12:48:20","guid":{"rendered":"http:\/\/www.po-L.com\/belogue\/?p=15306"},"modified":"2012-01-11T15:13:50","modified_gmt":"2012-01-11T13:13:50","slug":"mont-bleu","status":"publish","type":"post","link":"https:\/\/www.wallendorff.com\/belogue\/2012\/01\/11\/mont-bleu\/","title":{"rendered":"Mont-bleu."},"content":{"rendered":"\n<div id=\"photo\">\n<p><img decoding=\"async\" src=\"https:\/\/www.wallendorff.com\/belogue\/photo\/2012\/01\/20120111.jpg\"><br \/>\n          Le M&ocirc;le, 6 novembre 2011.<\/p>\n<\/p><\/div>\n<p style=\"text-align:right\">Bon si je poste cette photo-ci, c&rsquo;est surtout parce que je suis super-fier qu&rsquo;on dirait les m&ecirc;mes montagnes que sur l&rsquo;arri&egrave;re-plan du niPhone tellement elles font authentiques et bleues&nbsp;:<\/p>\n<div id=\"photo2\">\n<p><img decoding=\"async\" src=\"https:\/\/www.wallendorff.com\/belogue\/photo\/2012\/01\/20120111-01.jpg\"><\/p>\n<\/p><\/div>\n<p style=\"text-align:right\">Comme deux gouttes d&rsquo;eau. Super-inspirant.<\/p>\n<div id=\"photo2\">\n<p><img decoding=\"async\" src=\"https:\/\/www.wallendorff.com\/belogue\/photo\/2012\/01\/20120111-02.jpg\"><\/p>\n<\/p><\/div>\n<div id=\"photo2\">\n<p><img decoding=\"async\" src=\"https:\/\/www.wallendorff.com\/belogue\/photo\/2012\/01\/20120111-03.jpg\"><\/p>\n<\/p><\/div>\n<div id=\"photo2\">\n<p><img decoding=\"async\" src=\"https:\/\/www.wallendorff.com\/belogue\/photo\/2012\/01\/20120111-04.jpg\"><\/p>\n<\/p><\/div>\n<div id=\"photo2\">\n<p><img decoding=\"async\" src=\"https:\/\/www.wallendorff.com\/belogue\/photo\/2012\/01\/20120111-05.jpg\"><\/p>\n<\/p><\/div>\n<p style=\"text-align:right\">Et &agrave; part &ccedil;a, rien.<\/p>\n<div id=\"bandeson\">\n<p><img decoding=\"async\" src=\"https:\/\/www.wallendorff.com\/belogue\/photo\/pochettes\/g\/greenhornes_the-sewed_soles.jpg\" align=\"left\" \/><a href=\"http:\/\/greenhornes.com\/\">The Greenhornes<\/a> &ndash; <em>Lovin&rsquo; in the Sun<\/em> (alternate version)<br \/>\n        [youtube]http:\/\/www.youtube.com\/watch?v=CudLVE1Om4c[\/youtube]<\/p>\n<\/p><\/div>\n","protected":false},"excerpt":{"rendered":"<p>Le M&ocirc;le, 6 novembre 2011. Bon si je poste cette photo-ci, c&rsquo;est surtout parce que je suis super-fier qu&rsquo;on dirait les m&ecirc;mes montagnes que sur l&rsquo;arri&egrave;re-plan du niPhone tellement elles font authentiques et bleues&nbsp;: Comme deux gouttes d&rsquo;eau. Super-inspirant. Et &agrave; part &ccedil;a, rien. The Greenhornes &ndash; Lovin&rsquo; in the Sun (alternate version) [youtube]http:\/\/www.youtube.com\/watch?v=CudLVE1Om4c[\/youtube]<\/p>\n","protected":false},"author":1,"featured_media":26061,"comment_status":"open","ping_status":"open","sticky":false,"template":"","format":"standard","meta":{"_acf_changed":false,"ngg_post_thumbnail":0,"jetpack_post_was_ever_published":false,"_jetpack_newsletter_access":"","_jetpack_dont_email_post_to_subs":false,"_jetpack_newsletter_tier_id":0,"_jetpack_memberships_contains_paywalled_content":false,"_jetpack_memberships_contains_paid_content":false,"footnotes":"","jetpack_publicize_message":"","jetpack_publicize_feature_enabled":true,"jetpack_social_post_already_shared":false,"jetpack_social_options":{"image_generator_settings":{"template":"highway","default_image_id":0,"font":"","enabled":false},"version":2}},"categories":[3],"tags":[737,2615,10120,10433,5498,10426,10293,5497,170,1151],"class_list":["post-15306","post","type-post","status-publish","format-standard","has-post-thumbnail","hentry","category-dpc","tag-bleu","tag-eos-5d-mark-ii","tag-france","tag-haute-savoie","tag-lovin-in-the-sun","tag-montagne","tag-rhone-alpes","tag-saint-jean-de-tholome","tag-sigma-70-300-mm-f4-56-dg-apo-macro","tag-the-greenhornes"],"acf":[],"geo":{"latitude":46.1099968,"longitude":6.4445014,"description":"La Tour, Rh\u00f4ne-Alpes, 74250, FR"},"jetpack_publicize_connections":[],"jetpack_featured_media_url":"https:\/\/www.wallendorff.com\/belogue\/wp-content\/uploads\/2015\/04\/201201111.jpg","jetpack_shortlink":"https:\/\/wp.me\/p3b35P-3YS","jetpack_sharing_enabled":true,"jetpack-related-posts":[{"id":288,"url":"https:\/\/www.wallendorff.com\/belogue\/2005\/08\/18\/laissez-un-message-apres-le-bip\/","url_meta":{"origin":15306,"position":0},"title":"Laissez un message apr&egrave;s le bip.","author":"dpc","date":"18 ao\u00fbt 2005","format":false,"excerpt":"Onhaye, 14 ao\u00fbt. [Je reconnais qu'il est super-bal\u00e8ze de se poser l\u00e0.] D'accord, je triche. Normalement, une note, \u00e7a se pose pas en avance. Mais le fait est que je n'aurai pas acc\u00e8s au tuyau avant de partir demain matin, et que je voulais finir sur une belle note, avec\u2026","rel":"","context":"Dans &quot;DPC&quot;","block_context":{"text":"DPC","link":"https:\/\/www.wallendorff.com\/belogue\/category\/dpc\/"},"img":{"alt_text":"","src":"https:\/\/i0.wp.com\/www.wallendorff.com\/belogue\/wp-content\/uploads\/2015\/04\/200508181.jpg?resize=350%2C200&ssl=1","width":350,"height":200},"classes":[]},{"id":4988,"url":"https:\/\/www.wallendorff.com\/belogue\/2009\/11\/06\/globe-pas-globe\/","url_meta":{"origin":15306,"position":1},"title":"Globe, pas globe.","author":"dpc","date":"6 novembre 2009","format":false,"excerpt":"Parc de la Villette, Paris, 31 mai. Oui ce titre est nase. On est vendredi, cette note est ma 1\u00a0647e, donc en gros le 1\u00a0312e jeu de mot et je suis \u00e0 bout. I'm real messed up Red, pour me la p\u00e9ter avec des phrases en anglais tout en citant\u2026","rel":"","context":"Dans &quot;DPC&quot;","block_context":{"text":"DPC","link":"https:\/\/www.wallendorff.com\/belogue\/category\/dpc\/"},"img":{"alt_text":"","src":"https:\/\/i0.wp.com\/www.wallendorff.com\/belogue\/wp-content\/uploads\/2015\/04\/200911061.jpg?resize=350%2C200&ssl=1","width":350,"height":200},"classes":[]},{"id":43657,"url":"https:\/\/www.wallendorff.com\/belogue\/2019\/08\/27\/divka-na-moste\/","url_meta":{"origin":15306,"position":2},"title":"D\u00edvka [na most\u011b].","author":"dpc","date":"27 ao\u00fbt 2019","format":false,"excerpt":"Pont Charles, Prague, 9 mai 2019. La photo faite, je range le tr\u00e9pied, change d'optique et me dirige vers Mal\u00e1 Strana dans la bruine. Je la croise sans la remarquer, fais deux photos de la cath\u00e9drale, puis me retourne. Elle est dos \u00e0 moi, fig\u00e9e dans sa contemplation du pont.\u2026","rel":"","context":"Dans &quot;DPC&quot;","block_context":{"text":"DPC","link":"https:\/\/www.wallendorff.com\/belogue\/category\/dpc\/"},"img":{"alt_text":"","src":"https:\/\/i0.wp.com\/www.wallendorff.com\/belogue\/wp-content\/uploads\/2019\/08\/20190827-02.jpg?resize=350%2C200&ssl=1","width":350,"height":200,"srcset":"https:\/\/i0.wp.com\/www.wallendorff.com\/belogue\/wp-content\/uploads\/2019\/08\/20190827-02.jpg?resize=350%2C200&ssl=1 1x, https:\/\/i0.wp.com\/www.wallendorff.com\/belogue\/wp-content\/uploads\/2019\/08\/20190827-02.jpg?resize=525%2C300&ssl=1 1.5x, https:\/\/i0.wp.com\/www.wallendorff.com\/belogue\/wp-content\/uploads\/2019\/08\/20190827-02.jpg?resize=700%2C400&ssl=1 2x, https:\/\/i0.wp.com\/www.wallendorff.com\/belogue\/wp-content\/uploads\/2019\/08\/20190827-02.jpg?resize=1050%2C600&ssl=1 3x"},"classes":[]},{"id":269,"url":"https:\/\/www.wallendorff.com\/belogue\/2005\/11\/16\/titre-y-aigres-aumines\/","url_meta":{"origin":15306,"position":3},"title":"Titre y aigres aumin&eacute;s&sup1;.","author":"dpc","date":"16 novembre 2005","format":false,"excerpt":"Rue des Haudriettes, Paris, 6 novembre. Bon. C'est pas pour me faire de l'auto-pub, hein. Mais c'est juste que gr\u00e2ce \u00e0 ma joyeuse camarade SweetJane, j'ai pu photographier de pr\u00e8s \u2014\u00a0de super-pr\u00e8s, m\u00eame\u00a0\u2014 M. Brendan Benson himself, et que c'est pas rien, parce que Brendan Benson, il a lui-m\u00eame approch\u00e9\u2026","rel":"","context":"Dans &quot;DPC&quot;","block_context":{"text":"DPC","link":"https:\/\/www.wallendorff.com\/belogue\/category\/dpc\/"},"img":{"alt_text":"","src":"https:\/\/i0.wp.com\/www.wallendorff.com\/belogue\/wp-content\/uploads\/2015\/04\/200511161.jpg?resize=350%2C200&ssl=1","width":350,"height":200},"classes":[]},{"id":411,"url":"https:\/\/www.wallendorff.com\/belogue\/2005\/04\/09\/un-an-je-passe\/","url_meta":{"origin":15306,"position":4},"title":"Un an je passe.","author":"dpc","date":"9 avril 2005","format":false,"excerpt":"Charles de Gaulle, 9 avril 2004. [Putain, ce que j'aime pas les 9 avril] \u00a0Aimee Mann \u2014 Wise Up","rel":"","context":"Dans &quot;DPC&quot;","block_context":{"text":"DPC","link":"https:\/\/www.wallendorff.com\/belogue\/category\/dpc\/"},"img":{"alt_text":"","src":"https:\/\/i0.wp.com\/www.wallendorff.com\/belogue\/wp-content\/uploads\/2015\/04\/200504091.jpg?resize=350%2C200&ssl=1","width":350,"height":200},"classes":[]},{"id":27152,"url":"https:\/\/www.wallendorff.com\/belogue\/2015\/05\/06\/into-the-wide-44\/","url_meta":{"origin":15306,"position":5},"title":"Into the wide #44.","author":"dpc","date":"6 mai 2015","format":false,"excerpt":"En haut [VI] Top of the Rock, New York, 11 mars. Les deux derni\u00e8res de la s\u00e9rie. . J'aurais pu tout poster d'un coup, mais je voulais restituer au mieux les deux heures pass\u00e9es l\u00e0-haut, le lent changement de lumi\u00e8re, le soleil qui plonge sous l'horizon, l\u00e0-bas, derri\u00e8re le New\u2026","rel":"","context":"Dans &quot;Into the wide&quot;","block_context":{"text":"Into the wide","link":"https:\/\/www.wallendorff.com\/belogue\/category\/into-the-wide\/"},"img":{"alt_text":"","src":"https:\/\/i0.wp.com\/www.wallendorff.com\/belogue\/wp-content\/uploads\/2015\/05\/20150506.jpg?resize=350%2C200&ssl=1","width":350,"height":200,"srcset":"https:\/\/i0.wp.com\/www.wallendorff.com\/belogue\/wp-content\/uploads\/2015\/05\/20150506.jpg?resize=350%2C200&ssl=1 1x, https:\/\/i0.wp.com\/www.wallendorff.com\/belogue\/wp-content\/uploads\/2015\/05\/20150506.jpg?resize=525%2C300&ssl=1 1.5x, https:\/\/i0.wp.com\/www.wallendorff.com\/belogue\/wp-content\/uploads\/2015\/05\/20150506.jpg?resize=700%2C400&ssl=1 2x, https:\/\/i0.wp.com\/www.wallendorff.com\/belogue\/wp-content\/uploads\/2015\/05\/20150506.jpg?resize=1050%2C600&ssl=1 3x"},"classes":[]}],"_links":{"self":[{"href":"https:\/\/www.wallendorff.com\/belogue\/wp-json\/wp\/v2\/posts\/15306","targetHints":{"allow":["GET"]}}],"collection":[{"href":"https:\/\/www.wallendorff.com\/belogue\/wp-json\/wp\/v2\/posts"}],"about":[{"href":"https:\/\/www.wallendorff.com\/belogue\/wp-json\/wp\/v2\/types\/post"}],"author":[{"embeddable":true,"href":"https:\/\/www.wallendorff.com\/belogue\/wp-json\/wp\/v2\/users\/1"}],"replies":[{"embeddable":true,"href":"https:\/\/www.wallendorff.com\/belogue\/wp-json\/wp\/v2\/comments?post=15306"}],"version-history":[{"count":4,"href":"https:\/\/www.wallendorff.com\/belogue\/wp-json\/wp\/v2\/posts\/15306\/revisions"}],"predecessor-version":[{"id":15312,"href":"https:\/\/www.wallendorff.com\/belogue\/wp-json\/wp\/v2\/posts\/15306\/revisions\/15312"}],"wp:featuredmedia":[{"embeddable":true,"href":"https:\/\/www.wallendorff.com\/belogue\/wp-json\/wp\/v2\/media\/26061"}],"wp:attachment":[{"href":"https:\/\/www.wallendorff.com\/belogue\/wp-json\/wp\/v2\/media?parent=15306"}],"wp:term":[{"taxonomy":"category","embeddable":true,"href":"https:\/\/www.wallendorff.com\/belogue\/wp-json\/wp\/v2\/categories?post=15306"},{"taxonomy":"post_tag","embeddable":true,"href":"https:\/\/www.wallendorff.com\/belogue\/wp-json\/wp\/v2\/tags?post=15306"}],"curies":[{"name":"wp","href":"https:\/\/api.w.org\/{rel}","templated":true}]}}