{"id":15290,"date":"2012-01-10T12:37:15","date_gmt":"2012-01-10T10:37:15","guid":{"rendered":"http:\/\/www.po-L.com\/belogue\/?p=15290"},"modified":"2012-01-10T12:37:15","modified_gmt":"2012-01-10T10:37:15","slug":"poteau-bleu","status":"publish","type":"post","link":"https:\/\/www.wallendorff.com\/belogue\/2012\/01\/10\/poteau-bleu\/","title":{"rendered":"Poteau bleu."},"content":{"rendered":"<div id=\"photo\">\n<p><img decoding=\"async\" src=\"https:\/\/www.wallendorff.com\/belogue\/photo\/2012\/01\/20120110.jpg\"><br \/>\nLe M&ocirc;le, 6 novembre 2011.<\/p>\n<\/div>\n<div id=\"bandeson\">\n<p><img decoding=\"async\" src=\"https:\/\/www.wallendorff.com\/belogue\/photo\/pochettes\/l\/lyle_tyler-the_golden_age_and_the_silver_girl.jpg\" align=\"left\" \/><a href=\"http:\/\/www.tylerlyle.com\/\">Tyler Lyle<\/a> &ndash; <em>The Golden Age and the Silver Girl<\/em><br \/>\n[youtube]http:\/\/www.youtube.com\/watch?v=7U-4BCARBG4[\/youtube]<\/p>\n<\/p><\/div>\n","protected":false},"excerpt":{"rendered":"<p>Le M&ocirc;le, 6 novembre 2011. Tyler Lyle &ndash; The Golden Age and the Silver Girl [youtube]http:\/\/www.youtube.com\/watch?v=7U-4BCARBG4[\/youtube]<\/p>\n","protected":false},"author":1,"featured_media":26059,"comment_status":"open","ping_status":"open","sticky":false,"template":"","format":"standard","meta":{"_acf_changed":false,"ngg_post_thumbnail":0,"jetpack_post_was_ever_published":false,"_jetpack_newsletter_access":"","_jetpack_dont_email_post_to_subs":false,"_jetpack_newsletter_tier_id":0,"_jetpack_memberships_contains_paywalled_content":false,"_jetpack_memberships_contains_paid_content":false,"footnotes":"","jetpack_publicize_message":"","jetpack_publicize_feature_enabled":true,"jetpack_social_post_already_shared":false,"jetpack_social_options":{"image_generator_settings":{"template":"highway","default_image_id":0,"font":"","enabled":false},"version":2}},"categories":[3],"tags":[737,2571,2615,10120,10433,10426,5495,10564,5494,10293,5497,10407,5496,5493],"class_list":["post-15290","post","type-post","status-publish","format-standard","has-post-thumbnail","hentry","category-dpc","tag-bleu","tag-ef-16-35-mm-f28l-ii-usm","tag-eos-5d-mark-ii","tag-france","tag-haute-savoie","tag-montagne","tag-nature","tag-poteau","tag-poteau-electrique","tag-rhone-alpes","tag-saint-jean-de-tholome","tag-silhouette","tag-the-golden-age-and-the-silver-girl","tag-tyler-lyle"],"acf":[],"geo":{"latitude":46.1099968,"longitude":6.4445014,"description":"La Tour, Rh\u00f4ne-Alpes, 74250, FR"},"jetpack_publicize_connections":[],"jetpack_featured_media_url":"https:\/\/www.wallendorff.com\/belogue\/wp-content\/uploads\/2015\/04\/201201101.jpg","jetpack_shortlink":"https:\/\/wp.me\/p3b35P-3YC","jetpack_sharing_enabled":true,"jetpack-related-posts":[{"id":21363,"url":"https:\/\/www.wallendorff.com\/belogue\/2013\/07\/31\/paleo-festival-2013-nyon-jour-1\/","url_meta":{"origin":15290,"position":0},"title":"Pal\u00e9o Festival 2013, Nyon &#8211; jour 1.","author":"dpc","date":"31 juillet 2013","format":false,"excerpt":"5\u00a0h de route, un virage rat\u00e9, puis les retrouvailles\u00a0: avec le Nyon - Saint-Cergue et le plus joli itin\u00e9raire-vers-le-boulot du monde, puis la plaine de l'Asse, puis tout ceux qui la peuplent. Avec ce m\u00eame sentiment qu'une entr\u00e9e en deuxi\u00e8me ann\u00e9e ou un retour dans la colo de l'\u00e9t\u00e9 pr\u00e9c\u00e9dent.\u2026","rel":"","context":"Dans &quot;Alive&quot;","block_context":{"text":"Alive","link":"https:\/\/www.wallendorff.com\/belogue\/category\/alive\/"},"img":{"alt_text":"","src":"https:\/\/i0.wp.com\/www.wallendorff.com\/belogue\/wp-content\/uploads\/2015\/04\/201307311.jpg?resize=350%2C200&ssl=1","width":350,"height":200,"srcset":"https:\/\/i0.wp.com\/www.wallendorff.com\/belogue\/wp-content\/uploads\/2015\/04\/201307311.jpg?resize=350%2C200&ssl=1 1x, https:\/\/i0.wp.com\/www.wallendorff.com\/belogue\/wp-content\/uploads\/2015\/04\/201307311.jpg?resize=525%2C300&ssl=1 1.5x, https:\/\/i0.wp.com\/www.wallendorff.com\/belogue\/wp-content\/uploads\/2015\/04\/201307311.jpg?resize=700%2C400&ssl=1 2x"},"classes":[]},{"id":397,"url":"https:\/\/www.wallendorff.com\/belogue\/2005\/04\/21\/orchidee-bleue\/","url_meta":{"origin":15290,"position":1},"title":"Orchid&eacute;e bleue.","author":"dpc","date":"21 avril 2005","format":false,"excerpt":"Boulevard Beaumarchais, Paris, 12 avril. [orchid\u00e9e bleue, parce que sur la photo y a une bande blanche.] [ah] [ah] [ah] [plus \u00e7a va, plus l'humour devient pourri, ici.] \u00a0The Wiseguys \u2014 Oh La La","rel":"","context":"Dans &quot;DPC&quot;","block_context":{"text":"DPC","link":"https:\/\/www.wallendorff.com\/belogue\/category\/dpc\/"},"img":{"alt_text":"","src":"https:\/\/i0.wp.com\/www.wallendorff.com\/belogue\/wp-content\/uploads\/2015\/04\/200504211.jpg?resize=350%2C200&ssl=1","width":350,"height":200},"classes":[]},{"id":16472,"url":"https:\/\/www.wallendorff.com\/belogue\/2012\/03\/21\/les-boules-auront-des-yeux\/","url_meta":{"origin":15290,"position":2},"title":"Les boules auront des yeux.","author":"dpc","date":"21 mars 2012","format":false,"excerpt":"Rue du Morvan, Paris, 4 f\u00e9vrier. Bleached \u2013 Searching Through the Past [youtube]http:\/\/www.youtube.com\/watch?v=LUSktfEhHUU[\/youtube]","rel":"","context":"Dans &quot;DPC&quot;","block_context":{"text":"DPC","link":"https:\/\/www.wallendorff.com\/belogue\/category\/dpc\/"},"img":{"alt_text":"","src":"https:\/\/i0.wp.com\/www.wallendorff.com\/belogue\/wp-content\/uploads\/2015\/04\/201203211.jpg?resize=350%2C200&ssl=1","width":350,"height":200},"classes":[]},{"id":615,"url":"https:\/\/www.wallendorff.com\/belogue\/2004\/10\/14\/poteau-graphie\/","url_meta":{"origin":15290,"position":3},"title":"Poteau-graphie.","author":"dpc","date":"14 octobre 2004","format":false,"excerpt":"Ann Arbor. \u00a0Lamb \u2014 Gabriel","rel":"","context":"Dans &quot;DPC&quot;","block_context":{"text":"DPC","link":"https:\/\/www.wallendorff.com\/belogue\/category\/dpc\/"},"img":{"alt_text":"","src":"https:\/\/i0.wp.com\/www.wallendorff.com\/belogue\/wp-content\/uploads\/2015\/04\/225.jpg?resize=350%2C200&ssl=1","width":350,"height":200},"classes":[]},{"id":19307,"url":"https:\/\/www.wallendorff.com\/belogue\/2012\/10\/16\/eyes-out-on-the-road-but-no-one-comes-along\/","url_meta":{"origin":15290,"position":4},"title":"Eyes out on the road but no one comes along.","author":"dpc","date":"16 octobre 2012","format":false,"excerpt":"Pristina, 31 juillet. \u00a0Neil Halstead \u2013 Digging Shelters","rel":"","context":"Dans &quot;DPC&quot;","block_context":{"text":"DPC","link":"https:\/\/www.wallendorff.com\/belogue\/category\/dpc\/"},"img":{"alt_text":"","src":"https:\/\/i0.wp.com\/www.wallendorff.com\/belogue\/wp-content\/uploads\/2015\/04\/201210161.jpg?resize=350%2C200&ssl=1","width":350,"height":200,"srcset":"https:\/\/i0.wp.com\/www.wallendorff.com\/belogue\/wp-content\/uploads\/2015\/04\/201210161.jpg?resize=350%2C200&ssl=1 1x, https:\/\/i0.wp.com\/www.wallendorff.com\/belogue\/wp-content\/uploads\/2015\/04\/201210161.jpg?resize=525%2C300&ssl=1 1.5x, https:\/\/i0.wp.com\/www.wallendorff.com\/belogue\/wp-content\/uploads\/2015\/04\/201210161.jpg?resize=700%2C400&ssl=1 2x"},"classes":[]},{"id":19846,"url":"https:\/\/www.wallendorff.com\/belogue\/2012\/12\/30\/2012-en-5\/","url_meta":{"origin":15290,"position":5},"title":"2012 en&#8230; #5.","author":"dpc","date":"30 d\u00e9cembre 2012","format":false,"excerpt":"2012 en 20 bouts de bande-son d'ann\u00e9e. \u00a0Sleigh Bells \u2014 Crush Reign of Terror, 21 f\u00e9vrier 2012 [en photos \u2192] \u00a0Crystal Fighters \u2014 Champion Sound Star of Love, 4 octobre 2010 [en photo \u2192] \u00a0Grimes \u2014 Genesis Visions, 31 janvier 2012 [en photo \u2192] \u00a0The Ting Tings \u2014 Hang It\u2026","rel":"","context":"Dans &quot;Alive&quot;","block_context":{"text":"Alive","link":"https:\/\/www.wallendorff.com\/belogue\/category\/alive\/"},"img":{"alt_text":"","src":"https:\/\/i0.wp.com\/www.wallendorff.com\/belogue\/wp-content\/uploads\/2015\/04\/201212302.gif?resize=350%2C200&ssl=1","width":350,"height":200,"srcset":"https:\/\/i0.wp.com\/www.wallendorff.com\/belogue\/wp-content\/uploads\/2015\/04\/201212302.gif?resize=350%2C200&ssl=1 1x, https:\/\/i0.wp.com\/www.wallendorff.com\/belogue\/wp-content\/uploads\/2015\/04\/201212302.gif?resize=525%2C300&ssl=1 1.5x, https:\/\/i0.wp.com\/www.wallendorff.com\/belogue\/wp-content\/uploads\/2015\/04\/201212302.gif?resize=700%2C400&ssl=1 2x"},"classes":[]}],"_links":{"self":[{"href":"https:\/\/www.wallendorff.com\/belogue\/wp-json\/wp\/v2\/posts\/15290","targetHints":{"allow":["GET"]}}],"collection":[{"href":"https:\/\/www.wallendorff.com\/belogue\/wp-json\/wp\/v2\/posts"}],"about":[{"href":"https:\/\/www.wallendorff.com\/belogue\/wp-json\/wp\/v2\/types\/post"}],"author":[{"embeddable":true,"href":"https:\/\/www.wallendorff.com\/belogue\/wp-json\/wp\/v2\/users\/1"}],"replies":[{"embeddable":true,"href":"https:\/\/www.wallendorff.com\/belogue\/wp-json\/wp\/v2\/comments?post=15290"}],"version-history":[{"count":4,"href":"https:\/\/www.wallendorff.com\/belogue\/wp-json\/wp\/v2\/posts\/15290\/revisions"}],"predecessor-version":[{"id":15297,"href":"https:\/\/www.wallendorff.com\/belogue\/wp-json\/wp\/v2\/posts\/15290\/revisions\/15297"}],"wp:featuredmedia":[{"embeddable":true,"href":"https:\/\/www.wallendorff.com\/belogue\/wp-json\/wp\/v2\/media\/26059"}],"wp:attachment":[{"href":"https:\/\/www.wallendorff.com\/belogue\/wp-json\/wp\/v2\/media?parent=15290"}],"wp:term":[{"taxonomy":"category","embeddable":true,"href":"https:\/\/www.wallendorff.com\/belogue\/wp-json\/wp\/v2\/categories?post=15290"},{"taxonomy":"post_tag","embeddable":true,"href":"https:\/\/www.wallendorff.com\/belogue\/wp-json\/wp\/v2\/tags?post=15290"}],"curies":[{"name":"wp","href":"https:\/\/api.w.org\/{rel}","templated":true}]}}