{"id":15274,"date":"2012-01-09T13:30:37","date_gmt":"2012-01-09T11:30:37","guid":{"rendered":"http:\/\/www.po-L.com\/belogue\/?p=15274"},"modified":"2013-08-30T13:40:49","modified_gmt":"2013-08-30T11:40:49","slug":"la-colline-a-des-lieues","status":"publish","type":"post","link":"https:\/\/www.wallendorff.com\/belogue\/2012\/01\/09\/la-colline-a-des-lieues\/","title":{"rendered":"La colline \u00e0 des lieues."},"content":{"rendered":"<div id=\"photo\">\n<p><img decoding=\"async\" src=\"https:\/\/www.wallendorff.com\/belogue\/photo\/2012\/01\/20120109.jpg\"><br \/>\nDouvaine, 5 novembre 2011.<\/p>\n<\/div>\n<div id=\"bandeson\">\n<p><img decoding=\"async\" src=\"https:\/\/www.wallendorff.com\/belogue\/photo\/pochettes\/h\/harvey_pj-white_chalk.jpg\" align=\"left\" \/><a href=\"http:\/\/www.pjharvey.net\/\">PJ Harvey<\/a> &ndash; <em>The Mountain<\/em> (facile oui)<br \/>\n[youtube]http:\/\/www.youtube.com\/watch?v=mWghMNiJVsY[\/youtube]<\/p>\n<\/p><\/div>\n","protected":false},"excerpt":{"rendered":"<p>Douvaine, 5 novembre 2011. PJ Harvey &ndash; The Mountain (facile oui) [youtube]http:\/\/www.youtube.com\/watch?v=mWghMNiJVsY[\/youtube]<\/p>\n","protected":false},"author":1,"featured_media":26054,"comment_status":"open","ping_status":"open","sticky":false,"template":"","format":"standard","meta":{"_acf_changed":false,"ngg_post_thumbnail":0,"jetpack_post_was_ever_published":false,"_jetpack_newsletter_access":"","_jetpack_dont_email_post_to_subs":false,"_jetpack_newsletter_tier_id":0,"_jetpack_memberships_contains_paywalled_content":false,"_jetpack_memberships_contains_paid_content":false,"footnotes":"","jetpack_publicize_message":"","jetpack_publicize_feature_enabled":true,"jetpack_social_post_already_shared":false,"jetpack_social_options":{"image_generator_settings":{"template":"highway","default_image_id":0,"font":"","enabled":false},"version":2}},"categories":[3],"tags":[7970,181,2615,10144,5492,10979,10120,10433,10426,10599,10180,10293,5490,4568],"class_list":["post-15274","post","type-post","status-publish","format-standard","has-post-thumbnail","hentry","category-dpc","tag-alpes","tag-ef-70-200-mm-f28l-usm","tag-eos-5d-mark-ii","tag-ciel","tag-dent-doche","tag-douvaine","tag-france","tag-haute-savoie","tag-montagne","tag-nuage","tag-pj-harvey","tag-rhone-alpes","tag-the-moutain","tag-white-chalk-album"],"acf":[],"geo":{"latitude":46.3083115,"longitude":6.3019786,"description":"Douvaine, Rh\u00f4ne-Alpes, 74140, FR"},"jetpack_publicize_connections":[],"jetpack_featured_media_url":"https:\/\/www.wallendorff.com\/belogue\/wp-content\/uploads\/2015\/04\/201201091.jpg","jetpack_shortlink":"https:\/\/wp.me\/p3b35P-3Ym","jetpack_sharing_enabled":true,"jetpack-related-posts":[{"id":12672,"url":"https:\/\/www.wallendorff.com\/belogue\/2011\/04\/26\/let-it-burn-let-it-burn\/","url_meta":{"origin":15274,"position":0},"title":"Let it burn, let it burn.","author":"dpc","date":"26 avril 2011","format":false,"excerpt":"Avoriaz, 1er avril. \u00a0PJ Harvey \u2014 Written on the Forehead[youtube]http:\/\/www.youtube.com\/watch?v=fUWp1iBeOS0[\/youtube]","rel":"","context":"Dans &quot;DPC&quot;","block_context":{"text":"DPC","link":"https:\/\/www.wallendorff.com\/belogue\/category\/dpc\/"},"img":{"alt_text":"","src":"https:\/\/i0.wp.com\/www.wallendorff.com\/belogue\/wp-content\/uploads\/2015\/04\/201104262.jpg?resize=350%2C200&ssl=1","width":350,"height":200,"srcset":"https:\/\/i0.wp.com\/www.wallendorff.com\/belogue\/wp-content\/uploads\/2015\/04\/201104262.jpg?resize=350%2C200&ssl=1 1x, https:\/\/i0.wp.com\/www.wallendorff.com\/belogue\/wp-content\/uploads\/2015\/04\/201104262.jpg?resize=525%2C300&ssl=1 1.5x, https:\/\/i0.wp.com\/www.wallendorff.com\/belogue\/wp-content\/uploads\/2015\/04\/201104262.jpg?resize=700%2C400&ssl=1 2x"},"classes":[]},{"id":331,"url":"https:\/\/www.wallendorff.com\/belogue\/2005\/06\/29\/beates-risses-d-halle\/","url_meta":{"origin":15274,"position":1},"title":"B&eacute;ates risses&sup1; d&rsquo;halle.","author":"dpc","date":"29 juin 2005","format":false,"excerpt":"\u00c9glise St-\u00c9tienne2, St-\u00c9tienne3, 25 juin. \"We are waiting For the summer The sun will bring back Treasures for us\" \/Edit\u00a0: Je viens de r\u00e9aliser que le h de \"halle\" est aspir\u00e9. Une telle erreur de ma part est impardonnable. Je me flagellerai ce soir \u00e0 grands coups d'orties urticantes. _______\u2026","rel":"","context":"Dans &quot;DPC&quot;","block_context":{"text":"DPC","link":"https:\/\/www.wallendorff.com\/belogue\/category\/dpc\/"},"img":{"alt_text":"","src":"https:\/\/i0.wp.com\/www.wallendorff.com\/belogue\/wp-content\/uploads\/2015\/04\/200506291.jpg?resize=350%2C200&ssl=1","width":350,"height":200},"classes":[]},{"id":30322,"url":"https:\/\/www.wallendorff.com\/belogue\/2016\/03\/01\/into-the-wide-62\/","url_meta":{"origin":15274,"position":2},"title":"Into the wide #62.","author":"dpc","date":"1 mars 2016","format":false,"excerpt":"Porte des Allemands, Metz, 27 d\u00e9cembre 2015. The Wheel PJ Harvey","rel":"","context":"Dans &quot;Into the wide&quot;","block_context":{"text":"Into the wide","link":"https:\/\/www.wallendorff.com\/belogue\/category\/into-the-wide\/"},"img":{"alt_text":"","src":"https:\/\/i0.wp.com\/www.wallendorff.com\/belogue\/wp-content\/uploads\/2016\/03\/20160301.jpg?resize=350%2C200&ssl=1","width":350,"height":200,"srcset":"https:\/\/i0.wp.com\/www.wallendorff.com\/belogue\/wp-content\/uploads\/2016\/03\/20160301.jpg?resize=350%2C200&ssl=1 1x, https:\/\/i0.wp.com\/www.wallendorff.com\/belogue\/wp-content\/uploads\/2016\/03\/20160301.jpg?resize=525%2C300&ssl=1 1.5x, https:\/\/i0.wp.com\/www.wallendorff.com\/belogue\/wp-content\/uploads\/2016\/03\/20160301.jpg?resize=700%2C400&ssl=1 2x"},"classes":[]},{"id":21481,"url":"https:\/\/www.wallendorff.com\/belogue\/2013\/08\/22\/unbekannt\/","url_meta":{"origin":15274,"position":3},"title":"Unbekannt.","author":"dpc","date":"22 ao\u00fbt 2013","format":false,"excerpt":"Amanvillers, 23 juin. On Battleship HillPJ Harvey \u00a0","rel":"","context":"Dans &quot;DPC&quot;","block_context":{"text":"DPC","link":"https:\/\/www.wallendorff.com\/belogue\/category\/dpc\/"},"img":{"alt_text":"","src":"https:\/\/i0.wp.com\/www.wallendorff.com\/belogue\/wp-content\/uploads\/2015\/04\/201308221.jpg?resize=350%2C200&ssl=1","width":350,"height":200,"srcset":"https:\/\/i0.wp.com\/www.wallendorff.com\/belogue\/wp-content\/uploads\/2015\/04\/201308221.jpg?resize=350%2C200&ssl=1 1x, https:\/\/i0.wp.com\/www.wallendorff.com\/belogue\/wp-content\/uploads\/2015\/04\/201308221.jpg?resize=525%2C300&ssl=1 1.5x, https:\/\/i0.wp.com\/www.wallendorff.com\/belogue\/wp-content\/uploads\/2015\/04\/201308221.jpg?resize=700%2C400&ssl=1 2x"},"classes":[]},{"id":30789,"url":"https:\/\/www.wallendorff.com\/belogue\/2016\/04\/25\/shooting-people-118\/","url_meta":{"origin":15274,"position":4},"title":"Shooting people #118.","author":"dpc","date":"25 avril 2016","format":false,"excerpt":"Parvis du parlement, Vienne, 13 f\u00e9vrier. The Community of Hope PJ Harvey","rel":"","context":"Dans &quot;Portraits&quot;","block_context":{"text":"Portraits","link":"https:\/\/www.wallendorff.com\/belogue\/category\/portraits\/"},"img":{"alt_text":"","src":"https:\/\/i0.wp.com\/www.wallendorff.com\/belogue\/wp-content\/uploads\/2016\/04\/20160425.jpg?resize=350%2C200&ssl=1","width":350,"height":200,"srcset":"https:\/\/i0.wp.com\/www.wallendorff.com\/belogue\/wp-content\/uploads\/2016\/04\/20160425.jpg?resize=350%2C200&ssl=1 1x, https:\/\/i0.wp.com\/www.wallendorff.com\/belogue\/wp-content\/uploads\/2016\/04\/20160425.jpg?resize=525%2C300&ssl=1 1.5x, https:\/\/i0.wp.com\/www.wallendorff.com\/belogue\/wp-content\/uploads\/2016\/04\/20160425.jpg?resize=700%2C400&ssl=1 2x"},"classes":[]},{"id":12490,"url":"https:\/\/www.wallendorff.com\/belogue\/2011\/03\/25\/fond-de-tiroir-17\/","url_meta":{"origin":15274,"position":5},"title":"Fond de tiroir #17.","author":"dpc","date":"25 mars 2011","format":false,"excerpt":"Belfort, avant. PJ Harvey \u2013 Kick It to the Ground","rel":"","context":"Dans &quot;DPC&quot;","block_context":{"text":"DPC","link":"https:\/\/www.wallendorff.com\/belogue\/category\/dpc\/"},"img":{"alt_text":"","src":"https:\/\/i0.wp.com\/www.wallendorff.com\/belogue\/wp-content\/uploads\/2015\/04\/201103251.jpg?resize=350%2C200&ssl=1","width":350,"height":200},"classes":[]}],"_links":{"self":[{"href":"https:\/\/www.wallendorff.com\/belogue\/wp-json\/wp\/v2\/posts\/15274","targetHints":{"allow":["GET"]}}],"collection":[{"href":"https:\/\/www.wallendorff.com\/belogue\/wp-json\/wp\/v2\/posts"}],"about":[{"href":"https:\/\/www.wallendorff.com\/belogue\/wp-json\/wp\/v2\/types\/post"}],"author":[{"embeddable":true,"href":"https:\/\/www.wallendorff.com\/belogue\/wp-json\/wp\/v2\/users\/1"}],"replies":[{"embeddable":true,"href":"https:\/\/www.wallendorff.com\/belogue\/wp-json\/wp\/v2\/comments?post=15274"}],"version-history":[{"count":6,"href":"https:\/\/www.wallendorff.com\/belogue\/wp-json\/wp\/v2\/posts\/15274\/revisions"}],"predecessor-version":[{"id":21527,"href":"https:\/\/www.wallendorff.com\/belogue\/wp-json\/wp\/v2\/posts\/15274\/revisions\/21527"}],"wp:featuredmedia":[{"embeddable":true,"href":"https:\/\/www.wallendorff.com\/belogue\/wp-json\/wp\/v2\/media\/26054"}],"wp:attachment":[{"href":"https:\/\/www.wallendorff.com\/belogue\/wp-json\/wp\/v2\/media?parent=15274"}],"wp:term":[{"taxonomy":"category","embeddable":true,"href":"https:\/\/www.wallendorff.com\/belogue\/wp-json\/wp\/v2\/categories?post=15274"},{"taxonomy":"post_tag","embeddable":true,"href":"https:\/\/www.wallendorff.com\/belogue\/wp-json\/wp\/v2\/tags?post=15274"}],"curies":[{"name":"wp","href":"https:\/\/api.w.org\/{rel}","templated":true}]}}