{"id":15227,"date":"2012-01-06T15:39:34","date_gmt":"2012-01-06T13:39:34","guid":{"rendered":"http:\/\/www.po-L.com\/belogue\/?p=15227"},"modified":"2012-01-09T12:40:08","modified_gmt":"2012-01-09T10:40:08","slug":"antre-a-siths","status":"publish","type":"post","link":"https:\/\/www.wallendorff.com\/belogue\/2012\/01\/06\/antre-a-siths\/","title":{"rendered":"Antre \u00e0 Siths."},"content":{"rendered":"<div id=\"photo\">\n<p><img decoding=\"async\" src=\"https:\/\/www.wallendorff.com\/belogue\/photo\/2012\/01\/20120106.jpg\"><br \/>\nRue de Lausanne, Gen&egrave;ve, 4 novembre 2011.<\/p>\n<\/div>\n<p>Et puisque c&rsquo;est la derni&egrave;re photo suisse pour l&rsquo;instant, j&rsquo;en profite pour annoncer tr&egrave;s solennellement que Gilles Surchat le ch&ocirc;meur du Jura bernois est officiellement devenu mon deuxi&egrave;me personnage de <em>120 secondes<\/em> pr&eacute;f&eacute;r&eacute; du monde en se pla&ccedil;ant juste devant Bernard &AElig;schlimann et sa moustache qui bouge, ce qui n&rsquo;est pas peu dire. Le classement mondial officiel de 2012 donne donc&nbsp;: <\/p>\n<ol>\n<ol>\n<ol>\n<ol>\n<li><a href=\"http:\/\/www.youtube.com\/watch?v=KAUHeOrMwZ4\">S&eacute;bastien Jacquet (et Rhubarbe le chien jaune<\/a>)<\/li>\n<li><a href=\"http:\/\/www.youtube.com\/watch?v=7AAZTwCgmwk\">Gilles Surchat<\/a><\/li>\n<li><a href=\"http:\/\/www.youtube.com\/watch?v=MpUpWzCL-vo\">Bernard &AElig;schlimann<\/a><sup>1<\/sup><\/li>\n<li><a href=\"http:\/\/www.youtube.com\/watch?v=Z6PaTcGLg9Y\">Ignacio Chollet<\/a><\/li>\n<li><a href=\"http:\/\/www.youtube.com\/watch?v=WmGwJ1seZgY\">Jason Zwigart<\/a><\/li>\n<\/ol>\n<\/ol>\n<\/ol>\n<\/ol>\n<div id=\"bandeson\" style=\"height: 9em; margin-bottom: 2em;\">\n<iframe width=\"400\" height=\"100\" style=\"position: relative; display: block; width: 400px; height: 100px;\" src=\"http:\/\/bandcamp.com\/EmbeddedPlayer\/v=2\/track=499018405\/size=venti\/bgcol=cccccc\/linkcol=903000\/\" allowtransparency=\"true\" frameborder=\"0\"><a href=\"http:\/\/elchicho.bandcamp.com\/track\/phantom-limb\">Phantom limb by HOSPITAL SHIPS<\/a><\/iframe>\n  <\/div>\n<div id=\"bas_note\">\n<p>_____ <\/p>\n<p>1. J&rsquo;aurais pr&eacute;f&eacute;r&eacute; vous retrouver l&rsquo;extrait du lendemain de la finale de Roland-Garros 2011 o&ugrave; il pleure en exigeant que la vie redevienne comme avant quand Federer gagnait tout le temps et que V&eacute;ronique son ex-femme portait une culotte fendue pour regarder la finale sur leur canap&eacute;, mais je l&rsquo;ai pas sous la main.<\/p>\n<\/p><\/div>\n","protected":false},"excerpt":{"rendered":"<p>Rue de Lausanne, Gen&egrave;ve, 4 novembre 2011. Et puisque c&rsquo;est la derni&egrave;re photo suisse pour l&rsquo;instant, j&rsquo;en profite pour annoncer tr&egrave;s solennellement que Gilles Surchat le ch&ocirc;meur du Jura bernois est officiellement devenu mon deuxi&egrave;me personnage de 120 secondes pr&eacute;f&eacute;r&eacute; du monde en se pla&ccedil;ant juste devant Bernard &AElig;schlimann et sa moustache qui bouge, ce&hellip;<\/p>\n","protected":false},"author":1,"featured_media":26050,"comment_status":"open","ping_status":"open","sticky":false,"template":"","format":"standard","meta":{"_acf_changed":false,"ngg_post_thumbnail":0,"jetpack_post_was_ever_published":false,"_jetpack_newsletter_access":"","_jetpack_dont_email_post_to_subs":false,"_jetpack_newsletter_tier_id":0,"_jetpack_memberships_contains_paywalled_content":false,"_jetpack_memberships_contains_paid_content":false,"footnotes":"","jetpack_publicize_message":"","jetpack_publicize_feature_enabled":true,"jetpack_social_post_already_shared":false,"jetpack_social_options":{"image_generator_settings":{"template":"highway","default_image_id":0,"font":"","enabled":false},"version":2}},"categories":[3],"tags":[2571,2615,10975,10130,10322,10974,5485,143,10147,5486,5484,5479,10886,10978],"class_list":["post-15227","post","type-post","status-publish","format-standard","has-post-thumbnail","hentry","category-dpc","tag-ef-16-35-mm-f28l-ii-usm","tag-eos-5d-mark-ii","tag-canton-de-geneve","tag-couleur-3","tag-couloir","tag-geneve","tag-hospital-ships","tag-noir-et-blanc","tag-nuit","tag-paquis-mole","tag-phantom-limb","tag-rue-de-lausanne","tag-suisse","tag-vincent-kucholl"],"acf":[],"geo":{"latitude":46.214222,"longitude":6.1463079,"description":"Rue de Lausanne 52, 1201 Gen\u00e8ve, Suisse"},"jetpack_publicize_connections":[],"jetpack_featured_media_url":"https:\/\/www.wallendorff.com\/belogue\/wp-content\/uploads\/2015\/04\/201201061.jpg","jetpack_shortlink":"https:\/\/wp.me\/p3b35P-3XB","jetpack_sharing_enabled":true,"jetpack-related-posts":[{"id":15176,"url":"https:\/\/www.wallendorff.com\/belogue\/2012\/01\/04\/when-the-midnight-calls-we-run-away-from-you\/","url_meta":{"origin":15227,"position":0},"title":"When the midnight calls, we run away from you.","author":"dpc","date":"4 janvier 2012","format":false,"excerpt":"Rue de Lausanne, Gen\u00e8ve, 4 novembre 2011. The Ponys \u2013 Poser Psychotic [youtube]http:\/\/www.youtube.com\/watch?v=S5LLGZA2zuc[\/youtube]","rel":"","context":"Dans &quot;DPC&quot;","block_context":{"text":"DPC","link":"https:\/\/www.wallendorff.com\/belogue\/category\/dpc\/"},"img":{"alt_text":"","src":"https:\/\/i0.wp.com\/www.wallendorff.com\/belogue\/wp-content\/uploads\/2015\/04\/201201041.jpg?resize=350%2C200&ssl=1","width":350,"height":200},"classes":[]},{"id":15143,"url":"https:\/\/www.wallendorff.com\/belogue\/2012\/01\/03\/qui-veule-happe-eau-de-gros-jet-rhabite\/","url_meta":{"origin":15227,"position":1},"title":"Qui veule happe eau de gros jet, rhabite.","author":"dpc","date":"3 janvier 2012","format":false,"excerpt":"Quai du Mont-Blanc, Gen\u00e8ve, 4 novembre 2011. C'\u00e9tait \u00e7a ou \u00ab\u00a0Gros jet waters\u00a0\u00bb ou \u00ab\u00a0Gros jet mourt\u00a0\u00bb ou\u00a0\u00ab\u00a0Gros jet \u00e0 nains\u00a0\u00bb, mais fallait bien en choisir un et un seul. Black Rebel Motorcycle Club \u2013 Pretend [youtube]http:\/\/www.youtube.com\/watch?v=eRJKQAxO1Bo[\/youtube] Oh et sinon je vous ai fait \u00e7a, aussi\u00a0: Oui, j'ai honte.","rel":"","context":"Dans &quot;DPC&quot;","block_context":{"text":"DPC","link":"https:\/\/www.wallendorff.com\/belogue\/category\/dpc\/"},"img":{"alt_text":"","src":"https:\/\/i0.wp.com\/www.wallendorff.com\/belogue\/wp-content\/uploads\/2015\/04\/201201031.jpg?resize=350%2C200&ssl=1","width":350,"height":200,"srcset":"https:\/\/i0.wp.com\/www.wallendorff.com\/belogue\/wp-content\/uploads\/2015\/04\/201201031.jpg?resize=350%2C200&ssl=1 1x, https:\/\/i0.wp.com\/www.wallendorff.com\/belogue\/wp-content\/uploads\/2015\/04\/201201031.jpg?resize=525%2C300&ssl=1 1.5x, https:\/\/i0.wp.com\/www.wallendorff.com\/belogue\/wp-content\/uploads\/2015\/04\/201201031.jpg?resize=700%2C400&ssl=1 2x"},"classes":[]},{"id":18260,"url":"https:\/\/www.wallendorff.com\/belogue\/2012\/07\/18\/et-mat-bleu\/","url_meta":{"origin":15227,"position":2},"title":"Et m\u00e2t bleu.","author":"dpc","date":"18 juillet 2012","format":false,"excerpt":"Bains des P\u00e2quis, Gen\u00e8ve, 26 mai. Langhorne Slim & the Law \u2013 The Way We Move","rel":"","context":"Dans &quot;DPC&quot;","block_context":{"text":"DPC","link":"https:\/\/www.wallendorff.com\/belogue\/category\/dpc\/"},"img":{"alt_text":"","src":"https:\/\/i0.wp.com\/www.wallendorff.com\/belogue\/wp-content\/uploads\/2015\/04\/201207181.jpg?resize=350%2C200&ssl=1","width":350,"height":200,"srcset":"https:\/\/i0.wp.com\/www.wallendorff.com\/belogue\/wp-content\/uploads\/2015\/04\/201207181.jpg?resize=350%2C200&ssl=1 1x, https:\/\/i0.wp.com\/www.wallendorff.com\/belogue\/wp-content\/uploads\/2015\/04\/201207181.jpg?resize=525%2C300&ssl=1 1.5x, https:\/\/i0.wp.com\/www.wallendorff.com\/belogue\/wp-content\/uploads\/2015\/04\/201207181.jpg?resize=700%2C400&ssl=1 2x"},"classes":[]},{"id":22133,"url":"https:\/\/www.wallendorff.com\/belogue\/2013\/11\/30\/novembre-2013\/","url_meta":{"origin":15227,"position":3},"title":"Novembre 2013.","author":"dpc","date":"30 novembre 2013","format":false,"excerpt":"Un train, une fondue, un lac, un train, un lac, un bar, des montres, un grand reretour, un train, une tour, des bras, des chaises, des bi\u00e8res, des photos, des burg\u00e8res, encore un train, encore une fondue, un mus\u00e9e, des phares, des bi\u00e8res et du p\u00e2t\u00e9, un gros chien, une\u2026","rel":"","context":"Dans &quot;Blog-note&quot;","block_context":{"text":"Blog-note","link":"https:\/\/www.wallendorff.com\/belogue\/category\/blog-note\/"},"img":{"alt_text":"","src":"https:\/\/i0.wp.com\/www.wallendorff.com\/belogue\/wp-content\/uploads\/2015\/04\/20131205-321.jpg?resize=350%2C200&ssl=1","width":350,"height":200,"srcset":"https:\/\/i0.wp.com\/www.wallendorff.com\/belogue\/wp-content\/uploads\/2015\/04\/20131205-321.jpg?resize=350%2C200&ssl=1 1x, https:\/\/i0.wp.com\/www.wallendorff.com\/belogue\/wp-content\/uploads\/2015\/04\/20131205-321.jpg?resize=525%2C300&ssl=1 1.5x, https:\/\/i0.wp.com\/www.wallendorff.com\/belogue\/wp-content\/uploads\/2015\/04\/20131205-321.jpg?resize=700%2C400&ssl=1 2x"},"classes":[]},{"id":18395,"url":"https:\/\/www.wallendorff.com\/belogue\/2012\/07\/26\/gros-jet-tas-ltrait\/","url_meta":{"origin":15227,"position":4},"title":"Gros jet, t&rsquo;as l&rsquo;trait.","author":"dpc","date":"26 juillet 2012","format":false,"excerpt":"Jet\u00e9e des P\u00e2quis, Gen\u00e8ve, 28 mai. Sun Kil Moon \u2013 Sunshine in Chicago","rel":"","context":"Dans &quot;DPC&quot;","block_context":{"text":"DPC","link":"https:\/\/www.wallendorff.com\/belogue\/category\/dpc\/"},"img":{"alt_text":"","src":"https:\/\/i0.wp.com\/www.wallendorff.com\/belogue\/wp-content\/uploads\/2015\/04\/201207261.jpg?resize=350%2C200&ssl=1","width":350,"height":200,"srcset":"https:\/\/i0.wp.com\/www.wallendorff.com\/belogue\/wp-content\/uploads\/2015\/04\/201207261.jpg?resize=350%2C200&ssl=1 1x, https:\/\/i0.wp.com\/www.wallendorff.com\/belogue\/wp-content\/uploads\/2015\/04\/201207261.jpg?resize=525%2C300&ssl=1 1.5x, https:\/\/i0.wp.com\/www.wallendorff.com\/belogue\/wp-content\/uploads\/2015\/04\/201207261.jpg?resize=700%2C400&ssl=1 2x"},"classes":[]},{"id":32070,"url":"https:\/\/www.wallendorff.com\/belogue\/2016\/07\/31\/juillet-2016\/","url_meta":{"origin":15227,"position":5},"title":"Juillet 2016","author":"dpc","date":"31 juillet 2016","format":false,"excerpt":"Une bi\u00e8re, un festival, un photographe, un ponton, des photographes, un verre, un festival, une bi\u00e8re, un chat pr\u00e9nomm\u00e9 Schublig, un balcon, un trou, un festival, un enregistrement, un vol de walkyries, un bar, un concert, un d\u00e9fil\u00e9, une bi\u00e8re, des photographes, un festival, un saut, des croissants, une bi\u00e8re,\u2026","rel":"","context":"Dans &quot;Blog-note&quot;","block_context":{"text":"Blog-note","link":"https:\/\/www.wallendorff.com\/belogue\/category\/blog-note\/"},"img":{"alt_text":"","src":"https:\/\/i0.wp.com\/www.wallendorff.com\/belogue\/wp-content\/uploads\/2016\/08\/20160817-78-1.jpg?resize=350%2C200&ssl=1","width":350,"height":200,"srcset":"https:\/\/i0.wp.com\/www.wallendorff.com\/belogue\/wp-content\/uploads\/2016\/08\/20160817-78-1.jpg?resize=350%2C200&ssl=1 1x, https:\/\/i0.wp.com\/www.wallendorff.com\/belogue\/wp-content\/uploads\/2016\/08\/20160817-78-1.jpg?resize=525%2C300&ssl=1 1.5x, https:\/\/i0.wp.com\/www.wallendorff.com\/belogue\/wp-content\/uploads\/2016\/08\/20160817-78-1.jpg?resize=700%2C400&ssl=1 2x"},"classes":[]}],"_links":{"self":[{"href":"https:\/\/www.wallendorff.com\/belogue\/wp-json\/wp\/v2\/posts\/15227","targetHints":{"allow":["GET"]}}],"collection":[{"href":"https:\/\/www.wallendorff.com\/belogue\/wp-json\/wp\/v2\/posts"}],"about":[{"href":"https:\/\/www.wallendorff.com\/belogue\/wp-json\/wp\/v2\/types\/post"}],"author":[{"embeddable":true,"href":"https:\/\/www.wallendorff.com\/belogue\/wp-json\/wp\/v2\/users\/1"}],"replies":[{"embeddable":true,"href":"https:\/\/www.wallendorff.com\/belogue\/wp-json\/wp\/v2\/comments?post=15227"}],"version-history":[{"count":11,"href":"https:\/\/www.wallendorff.com\/belogue\/wp-json\/wp\/v2\/posts\/15227\/revisions"}],"predecessor-version":[{"id":15275,"href":"https:\/\/www.wallendorff.com\/belogue\/wp-json\/wp\/v2\/posts\/15227\/revisions\/15275"}],"wp:featuredmedia":[{"embeddable":true,"href":"https:\/\/www.wallendorff.com\/belogue\/wp-json\/wp\/v2\/media\/26050"}],"wp:attachment":[{"href":"https:\/\/www.wallendorff.com\/belogue\/wp-json\/wp\/v2\/media?parent=15227"}],"wp:term":[{"taxonomy":"category","embeddable":true,"href":"https:\/\/www.wallendorff.com\/belogue\/wp-json\/wp\/v2\/categories?post=15227"},{"taxonomy":"post_tag","embeddable":true,"href":"https:\/\/www.wallendorff.com\/belogue\/wp-json\/wp\/v2\/tags?post=15227"}],"curies":[{"name":"wp","href":"https:\/\/api.w.org\/{rel}","templated":true}]}}