{"id":15200,"date":"2012-01-05T13:52:33","date_gmt":"2012-01-05T11:52:33","guid":{"rendered":"http:\/\/www.po-L.com\/belogue\/?p=15200"},"modified":"2012-02-28T13:20:19","modified_gmt":"2012-02-28T11:20:19","slug":"on-expose","status":"publish","type":"post","link":"https:\/\/www.wallendorff.com\/belogue\/2012\/01\/05\/on-expose\/","title":{"rendered":"On expose."},"content":{"rendered":"<div id=\"photo\">\n<p><img decoding=\"async\" src=\"https:\/\/www.wallendorff.com\/belogue\/photo\/2012\/01\/20120105.jpg\"><\/p>\n<\/div>\n<p>Les enfants, <a href=\"http:\/\/www.morganimage.com\">Morgane Launay<\/a> et moi exposons &agrave; Paris du 1<sup>er<\/sup> au 28 f&eacute;vrier au <a href=\"http:\/\/www.claje.asso.fr\">centre d&rsquo;animation Montgallet<\/a>. Ma premi&egrave;re expo en 10 ans. J&rsquo;y ai 13 photos de nuit, y a vernissage le 3 f&eacute;vrier &agrave; 18h et l&rsquo;entr&eacute;e est libre, si jamais. Allez donc mirer <a href=\"https:\/\/www.facebook.com\/events\/192510637512194\/\">l&rsquo;&eacute;v&egrave;nement Facebouque associ&eacute;<\/a>.<\/p>\n<h1>Op&eacute;ration sp&eacute;ciale lecteurs du bel&ouml;gue&nbsp;:<\/h1>\n<p>Un <span class=\"tres_gros\">CHORIZO offert<\/span><sup>1<\/sup> &agrave; toute personne se pr&eacute;sentant au vernissage pour me donner le mot de passe suivant&nbsp;:<\/p>\n<p style=\"text-align:center\">&laquo; La replette chouquette repa&icirc;t les chouettes rouflaquettes du replet Ruppert.&nbsp;&raquo;<\/p>\n<p style=\"text-align:right\">R&eacute;p&eacute;t&eacute; 47 fois en moins de deux minutes et sans b&eacute;gayer.<\/p>\n<p style=\"text-align:right\">See you l&agrave;-bas.<\/p>\n<p style=\"text-align:right\">Woohoo.<\/p>\n<div id=\"bandeson\" style=\"height: 9em; margin-bottom: 2em;\">\n<iframe width=\"400\" height=\"100\" style=\"position: relative; display: block; width: 400px; height: 100px;\" src=\"http:\/\/bandcamp.com\/EmbeddedPlayer\/v=2\/track=2269357496\/size=venti\/bgcol=cccccc\/linkcol=903000\/transparent=false\/\" allowtransparency=\"true\" frameborder=\"0\"><a href=\"http:\/\/lastyearsmen.bandcamp.com\/track\/paralyzed\">Paralyzed by Last Year&rsquo;s Men<\/a><\/iframe>\n      <\/div>\n<div id=\"bas_note\">\n<p>_____ <\/p>\n<p>1. Jeu gratuit sans obligation d&rsquo;achat. Une seule participation par foyer (m&ecirc;me nom, m&ecirc;me adresse). Dans la liste des stocks de chorizo disponibles (&agrave; savoir&nbsp;: 2 dont un avec le bout un peu mordill&eacute;).<\/p>\n<\/p><\/div>\n","protected":false},"excerpt":{"rendered":"<p>Les enfants, Morgane Launay et moi exposons &agrave; Paris du 1er au 28 f&eacute;vrier au centre d&rsquo;animation Montgallet. Ma premi&egrave;re expo en 10 ans. J&rsquo;y ai 13 photos de nuit, y a vernissage le 3 f&eacute;vrier &agrave; 18h et l&rsquo;entr&eacute;e est libre, si jamais. Allez donc mirer l&rsquo;&eacute;v&egrave;nement Facebouque associ&eacute;. Op&eacute;ration sp&eacute;ciale lecteurs du bel&ouml;gue&nbsp;:&hellip;<\/p>\n","protected":false},"author":1,"featured_media":26143,"comment_status":"open","ping_status":"open","sticky":false,"template":"","format":"standard","meta":{"_acf_changed":false,"ngg_post_thumbnail":0,"jetpack_post_was_ever_published":false,"_jetpack_newsletter_access":"","_jetpack_dont_email_post_to_subs":false,"_jetpack_newsletter_tier_id":0,"_jetpack_memberships_contains_paywalled_content":false,"_jetpack_memberships_contains_paid_content":false,"footnotes":"","jetpack_publicize_message":"","jetpack_publicize_feature_enabled":true,"jetpack_social_post_already_shared":false,"jetpack_social_options":{"image_generator_settings":{"template":"highway","default_image_id":0,"font":"","enabled":false},"version":2}},"categories":[3],"tags":[10329,5482,5483],"class_list":["post-15200","post","type-post","status-publish","format-standard","has-post-thumbnail","hentry","category-dpc","tag-exposition","tag-last-years-men","tag-paralyzed"],"acf":[],"geo":{"latitude":48.8441124,"longitude":2.3886645,"description":"Paris 12 Reuilly, \u00cele-de-France, 75564 CEDEX 12, FR"},"jetpack_publicize_connections":[],"jetpack_featured_media_url":"https:\/\/www.wallendorff.com\/belogue\/wp-content\/uploads\/2015\/04\/201201051.jpg","jetpack_shortlink":"https:\/\/wp.me\/p3b35P-3Xa","jetpack_sharing_enabled":true,"jetpack-related-posts":[{"id":126856,"url":"https:\/\/www.wallendorff.com\/belogue\/2023\/11\/30\/novembre-2023\/","url_meta":{"origin":15200,"position":0},"title":"Novembre 2023.","author":"dpc","date":"30 novembre 2023","format":false,"excerpt":"Un panneau, une citrouille, un chat pr\u00e9nomm\u00e9 Azal\u00e9e, un chien pr\u00e9nomm\u00e9 Le Chien, un strabisme, un panneau, une tombe, un TGV, un toit, un four, un nuage, un chat pr\u00e9nomm\u00e9 Sans-Titre-1, une pyramide, un mus\u00e9e, un chevalet, un escalier, un pont, un miroir, un affiche, une expo, des retrouvailles, un\u2026","rel":"","context":"Dans &quot;Blog-note&quot;","block_context":{"text":"Blog-note","link":"https:\/\/www.wallendorff.com\/belogue\/category\/blog-note\/"},"img":{"alt_text":"","src":"https:\/\/i0.wp.com\/www.wallendorff.com\/belogue\/wp-content\/uploads\/2023\/12\/20231212-43.jpg?resize=350%2C200&ssl=1","width":350,"height":200,"srcset":"https:\/\/i0.wp.com\/www.wallendorff.com\/belogue\/wp-content\/uploads\/2023\/12\/20231212-43.jpg?resize=350%2C200&ssl=1 1x, https:\/\/i0.wp.com\/www.wallendorff.com\/belogue\/wp-content\/uploads\/2023\/12\/20231212-43.jpg?resize=525%2C300&ssl=1 1.5x, https:\/\/i0.wp.com\/www.wallendorff.com\/belogue\/wp-content\/uploads\/2023\/12\/20231212-43.jpg?resize=700%2C400&ssl=1 2x, https:\/\/i0.wp.com\/www.wallendorff.com\/belogue\/wp-content\/uploads\/2023\/12\/20231212-43.jpg?resize=1050%2C600&ssl=1 3x"},"classes":[]},{"id":23138,"url":"https:\/\/www.wallendorff.com\/belogue\/2014\/07\/03\/on-expose-2\/","url_meta":{"origin":15200,"position":1},"title":"On expose.","author":"dpc","date":"3 juillet 2014","format":false,"excerpt":"J'exposerai \u00e0 partir de ce soir et jusqu'au mercredi 9 juillet des photos live au GROUND CONTROL, lieu compl\u00e8tement atypique et dynamit\u00e9. Pour le vernissage, les talentueux Aline seront nos invit\u00e9s fil-rouge tout au long de l'\u00e9mission de radio anim\u00e9e par Louis Hamelin qui sera diffus\u00e9e de 19 \u00e0 20\u00a0h\u2026","rel":"","context":"Dans &quot;DPC&quot;","block_context":{"text":"DPC","link":"https:\/\/www.wallendorff.com\/belogue\/category\/dpc\/"},"img":{"alt_text":"","src":"https:\/\/i0.wp.com\/www.wallendorff.com\/belogue\/wp-content\/uploads\/2015\/04\/201407031.jpg?resize=350%2C200&ssl=1","width":350,"height":200,"srcset":"https:\/\/i0.wp.com\/www.wallendorff.com\/belogue\/wp-content\/uploads\/2015\/04\/201407031.jpg?resize=350%2C200&ssl=1 1x, https:\/\/i0.wp.com\/www.wallendorff.com\/belogue\/wp-content\/uploads\/2015\/04\/201407031.jpg?resize=525%2C300&ssl=1 1.5x, https:\/\/i0.wp.com\/www.wallendorff.com\/belogue\/wp-content\/uploads\/2015\/04\/201407031.jpg?resize=700%2C400&ssl=1 2x"},"classes":[]},{"id":135497,"url":"https:\/\/www.wallendorff.com\/belogue\/2026\/02\/28\/fevrier-2026\/","url_meta":{"origin":15200,"position":2},"title":"F\u00e9vrier 2026.","author":"dpc","date":"28 f\u00e9vrier 2026","format":false,"excerpt":"Des arbres, une sieste, un cr\u00e9puscule, un arbre, un papillon, une clope, un miroir, un parapluie, une pyramide, un schlouk, une ruelle, une photo, une flaque, un chantier, un quarantenaire, un cigare, un bisou, un concert, un quai de m\u00e9tro, une pyramide, un attroupement, un pont, un parapluie, des fen\u00eatres,\u2026","rel":"","context":"Dans &quot;Blog-note&quot;","block_context":{"text":"Blog-note","link":"https:\/\/www.wallendorff.com\/belogue\/category\/blog-note\/"},"img":{"alt_text":"","src":"https:\/\/i0.wp.com\/www.wallendorff.com\/belogue\/wp-content\/uploads\/2026\/03\/20260323-24.jpg?resize=350%2C200&ssl=1","width":350,"height":200,"srcset":"https:\/\/i0.wp.com\/www.wallendorff.com\/belogue\/wp-content\/uploads\/2026\/03\/20260323-24.jpg?resize=350%2C200&ssl=1 1x, https:\/\/i0.wp.com\/www.wallendorff.com\/belogue\/wp-content\/uploads\/2026\/03\/20260323-24.jpg?resize=525%2C300&ssl=1 1.5x, https:\/\/i0.wp.com\/www.wallendorff.com\/belogue\/wp-content\/uploads\/2026\/03\/20260323-24.jpg?resize=700%2C400&ssl=1 2x, https:\/\/i0.wp.com\/www.wallendorff.com\/belogue\/wp-content\/uploads\/2026\/03\/20260323-24.jpg?resize=1050%2C600&ssl=1 3x"},"classes":[]},{"id":127050,"url":"https:\/\/www.wallendorff.com\/belogue\/2023\/12\/31\/decembre-2023\/","url_meta":{"origin":15200,"position":3},"title":"D\u00e9cembre 2023.","author":"dpc","date":"31 d\u00e9cembre 2023","format":false,"excerpt":"Un vernissage, un m\u00e9tro, un miroir d\u2019eau, une esplanade, un avion, une tour, un v\u00e9lo, un avion, une pause, un m\u00e9tro, une pyramide floue, une passerelle, un banc, un mus\u00e9e, une arcade, une acrobatie, un r\u00e9veillon, une conf\u00e9rence, un escalier bien achaland\u00e9, un choual, une \u00e9curie, un man\u00e8ge, un saut,\u2026","rel":"","context":"Dans &quot;Blog-note&quot;","block_context":{"text":"Blog-note","link":"https:\/\/www.wallendorff.com\/belogue\/category\/blog-note\/"},"img":{"alt_text":"","src":"https:\/\/i0.wp.com\/www.wallendorff.com\/belogue\/wp-content\/uploads\/2024\/01\/20240110-62.jpg?resize=350%2C200&ssl=1","width":350,"height":200,"srcset":"https:\/\/i0.wp.com\/www.wallendorff.com\/belogue\/wp-content\/uploads\/2024\/01\/20240110-62.jpg?resize=350%2C200&ssl=1 1x, https:\/\/i0.wp.com\/www.wallendorff.com\/belogue\/wp-content\/uploads\/2024\/01\/20240110-62.jpg?resize=525%2C300&ssl=1 1.5x, https:\/\/i0.wp.com\/www.wallendorff.com\/belogue\/wp-content\/uploads\/2024\/01\/20240110-62.jpg?resize=700%2C400&ssl=1 2x, https:\/\/i0.wp.com\/www.wallendorff.com\/belogue\/wp-content\/uploads\/2024\/01\/20240110-62.jpg?resize=1050%2C600&ssl=1 3x"},"classes":[]},{"id":33670,"url":"https:\/\/www.wallendorff.com\/belogue\/2017\/02\/28\/fevrier-2017\/","url_meta":{"origin":15200,"position":4},"title":"F\u00e9vrier 2017.","author":"dpc","date":"28 f\u00e9vrier 2017","format":false,"excerpt":"Un ascenseur, des bouts de portes, un concert, un incendie, des bi\u00e8res, une autoroute, un concert, un vernissage, un orchestre, une exposition, un plafond en miroir, un concert, un concert, une grande cuisine, une librairie, une machine \u00e0 \u00e9crire, une pi\u00e8ce de th\u00e9\u00e2tre, un blind-test, un avion, un h\u00f4tel de\u2026","rel":"","context":"Dans &quot;Blog-note&quot;","block_context":{"text":"Blog-note","link":"https:\/\/www.wallendorff.com\/belogue\/category\/blog-note\/"},"img":{"alt_text":"","src":"https:\/\/i0.wp.com\/www.wallendorff.com\/belogue\/wp-content\/uploads\/2017\/02\/20170316-21.jpg?resize=350%2C200&ssl=1","width":350,"height":200,"srcset":"https:\/\/i0.wp.com\/www.wallendorff.com\/belogue\/wp-content\/uploads\/2017\/02\/20170316-21.jpg?resize=350%2C200&ssl=1 1x, https:\/\/i0.wp.com\/www.wallendorff.com\/belogue\/wp-content\/uploads\/2017\/02\/20170316-21.jpg?resize=525%2C300&ssl=1 1.5x, https:\/\/i0.wp.com\/www.wallendorff.com\/belogue\/wp-content\/uploads\/2017\/02\/20170316-21.jpg?resize=700%2C400&ssl=1 2x"},"classes":[]},{"id":131919,"url":"https:\/\/www.wallendorff.com\/belogue\/2025\/02\/28\/fevrier-2025\/","url_meta":{"origin":15200,"position":5},"title":"F\u00e9vrier 2025.","author":"dpc","date":"28 f\u00e9vrier 2025","format":false,"excerpt":"Un rayon de soleil, un bout de plante, un canap\u00e9, un rayon de soleil, un appartement, un escalier, un m\u00e9tro, un coup de phares, un chat pr\u00e9nomm\u00e9 Plume, une voiture, une p\u00e9niche, une route, un feu de bois, une rotonde ferroviaire, un wagon, des locomotives, des outils, des chiens pr\u00e9nomm\u00e9s\u2026","rel":"","context":"Dans &quot;Blog-note&quot;","block_context":{"text":"Blog-note","link":"https:\/\/www.wallendorff.com\/belogue\/category\/blog-note\/"},"img":{"alt_text":"","src":"https:\/\/i0.wp.com\/www.wallendorff.com\/belogue\/wp-content\/uploads\/2025\/03\/20250323-54.jpg?resize=350%2C200&ssl=1","width":350,"height":200,"srcset":"https:\/\/i0.wp.com\/www.wallendorff.com\/belogue\/wp-content\/uploads\/2025\/03\/20250323-54.jpg?resize=350%2C200&ssl=1 1x, https:\/\/i0.wp.com\/www.wallendorff.com\/belogue\/wp-content\/uploads\/2025\/03\/20250323-54.jpg?resize=525%2C300&ssl=1 1.5x, https:\/\/i0.wp.com\/www.wallendorff.com\/belogue\/wp-content\/uploads\/2025\/03\/20250323-54.jpg?resize=700%2C400&ssl=1 2x, https:\/\/i0.wp.com\/www.wallendorff.com\/belogue\/wp-content\/uploads\/2025\/03\/20250323-54.jpg?resize=1050%2C600&ssl=1 3x"},"classes":[]}],"_links":{"self":[{"href":"https:\/\/www.wallendorff.com\/belogue\/wp-json\/wp\/v2\/posts\/15200","targetHints":{"allow":["GET"]}}],"collection":[{"href":"https:\/\/www.wallendorff.com\/belogue\/wp-json\/wp\/v2\/posts"}],"about":[{"href":"https:\/\/www.wallendorff.com\/belogue\/wp-json\/wp\/v2\/types\/post"}],"author":[{"embeddable":true,"href":"https:\/\/www.wallendorff.com\/belogue\/wp-json\/wp\/v2\/users\/1"}],"replies":[{"embeddable":true,"href":"https:\/\/www.wallendorff.com\/belogue\/wp-json\/wp\/v2\/comments?post=15200"}],"version-history":[{"count":14,"href":"https:\/\/www.wallendorff.com\/belogue\/wp-json\/wp\/v2\/posts\/15200\/revisions"}],"predecessor-version":[{"id":16119,"href":"https:\/\/www.wallendorff.com\/belogue\/wp-json\/wp\/v2\/posts\/15200\/revisions\/16119"}],"wp:featuredmedia":[{"embeddable":true,"href":"https:\/\/www.wallendorff.com\/belogue\/wp-json\/wp\/v2\/media\/26143"}],"wp:attachment":[{"href":"https:\/\/www.wallendorff.com\/belogue\/wp-json\/wp\/v2\/media?parent=15200"}],"wp:term":[{"taxonomy":"category","embeddable":true,"href":"https:\/\/www.wallendorff.com\/belogue\/wp-json\/wp\/v2\/categories?post=15200"},{"taxonomy":"post_tag","embeddable":true,"href":"https:\/\/www.wallendorff.com\/belogue\/wp-json\/wp\/v2\/tags?post=15200"}],"curies":[{"name":"wp","href":"https:\/\/api.w.org\/{rel}","templated":true}]}}