{"id":15176,"date":"2012-01-04T12:32:18","date_gmt":"2012-01-04T10:32:18","guid":{"rendered":"http:\/\/www.po-L.com\/belogue\/?p=15176"},"modified":"2012-01-04T12:32:18","modified_gmt":"2012-01-04T10:32:18","slug":"when-the-midnight-calls-we-run-away-from-you","status":"publish","type":"post","link":"https:\/\/www.wallendorff.com\/belogue\/2012\/01\/04\/when-the-midnight-calls-we-run-away-from-you\/","title":{"rendered":"When the midnight calls, we run away from you."},"content":{"rendered":"<div id=\"photo\">\n<p><img decoding=\"async\" src=\"https:\/\/www.wallendorff.com\/belogue\/photo\/2012\/01\/20120104.jpg\"><br \/>\n  Rue de Lausanne, Gen&egrave;ve, 4 novembre 2011.<\/p>\n<\/div>\n<div id=\"bandeson\">\n<p><img decoding=\"async\" src=\"https:\/\/www.wallendorff.com\/belogue\/photo\/pochettes\/p\/ponys_the-turn_the_lights_out.jpg\" align=\"left\" \/><a href=\"http:\/\/www.myspace.com\/theponys\">The Ponys<\/a> &ndash; <em>Poser Psychotic<\/em><br \/>\n[youtube]http:\/\/www.youtube.com\/watch?v=S5LLGZA2zuc[\/youtube]<\/p>\n<\/p><\/div>\n","protected":false},"excerpt":{"rendered":"<p>Rue de Lausanne, Gen&egrave;ve, 4 novembre 2011. The Ponys &ndash; Poser Psychotic [youtube]http:\/\/www.youtube.com\/watch?v=S5LLGZA2zuc[\/youtube]<\/p>\n","protected":false},"author":1,"featured_media":26047,"comment_status":"open","ping_status":"open","sticky":false,"template":"","format":"standard","meta":{"_acf_changed":false,"ngg_post_thumbnail":0,"jetpack_post_was_ever_published":false,"_jetpack_newsletter_access":"","_jetpack_dont_email_post_to_subs":false,"_jetpack_newsletter_tier_id":0,"_jetpack_memberships_contains_paywalled_content":false,"_jetpack_memberships_contains_paid_content":false,"footnotes":"","jetpack_publicize_message":"","jetpack_publicize_feature_enabled":true,"jetpack_social_post_already_shared":false,"jetpack_social_options":{"image_generator_settings":{"template":"highway","default_image_id":0,"font":"","enabled":false},"version":2}},"categories":[3],"tags":[2571,2615,10975,10974,10147,5481,5480,5479,10158,10886,208],"class_list":["post-15176","post","type-post","status-publish","format-standard","has-post-thumbnail","hentry","category-dpc","tag-ef-16-35-mm-f28l-ii-usm","tag-eos-5d-mark-ii","tag-canton-de-geneve","tag-geneve","tag-nuit","tag-paquis-temple","tag-poser-psychotic","tag-rue-de-lausanne","tag-ruelle","tag-suisse","tag-the-ponys"],"acf":[],"geo":{"latitude":46.2120819,"longitude":6.1446233,"description":"Gen\u00e8ve, Canton de Gen\u00e8ve, 1201, CH"},"jetpack_publicize_connections":[],"jetpack_featured_media_url":"https:\/\/www.wallendorff.com\/belogue\/wp-content\/uploads\/2015\/04\/201201041.jpg","jetpack_shortlink":"https:\/\/wp.me\/p3b35P-3WM","jetpack_sharing_enabled":true,"jetpack-related-posts":[{"id":15227,"url":"https:\/\/www.wallendorff.com\/belogue\/2012\/01\/06\/antre-a-siths\/","url_meta":{"origin":15176,"position":0},"title":"Antre \u00e0 Siths.","author":"dpc","date":"6 janvier 2012","format":false,"excerpt":"Rue de Lausanne, Gen\u00e8ve, 4 novembre 2011. Et puisque c'est la derni\u00e8re photo suisse pour l'instant, j'en profite pour annoncer tr\u00e8s solennellement que Gilles Surchat le ch\u00f4meur du Jura bernois est officiellement devenu mon deuxi\u00e8me personnage de 120 secondes pr\u00e9f\u00e9r\u00e9 du monde en se pla\u00e7ant juste devant Bernard \u00c6schlimann et\u2026","rel":"","context":"Dans &quot;DPC&quot;","block_context":{"text":"DPC","link":"https:\/\/www.wallendorff.com\/belogue\/category\/dpc\/"},"img":{"alt_text":"","src":"https:\/\/i0.wp.com\/www.wallendorff.com\/belogue\/wp-content\/uploads\/2015\/04\/201201061.jpg?resize=350%2C200&ssl=1","width":350,"height":200},"classes":[]},{"id":12753,"url":"https:\/\/www.wallendorff.com\/belogue\/2011\/05\/13\/follow-iv\/","url_meta":{"origin":15176,"position":1},"title":"Follow [IV].","author":"dpc","date":"13 mai 2011","format":false,"excerpt":"Rue Gabrielle, Paris, 20 avril. J'avais bien dit que j'y reviendrais. \u00a0The Ponys \u2013 The Walk","rel":"","context":"Dans &quot;DPC&quot;","block_context":{"text":"DPC","link":"https:\/\/www.wallendorff.com\/belogue\/category\/dpc\/"},"img":{"alt_text":"","src":"https:\/\/i0.wp.com\/www.wallendorff.com\/belogue\/wp-content\/uploads\/2015\/04\/201105131.jpg?resize=350%2C200&ssl=1","width":350,"height":200},"classes":[]},{"id":7774,"url":"https:\/\/www.wallendorff.com\/belogue\/2010\/06\/30\/en-slip-harley-sarah-tousse-toi\/","url_meta":{"origin":15176,"position":2},"title":"En slip Harley, Sarah tousse-toi.","author":"dpc","date":"30 juin 2010","format":false,"excerpt":"Rue Jacques-Fran\u00e7ois Blondel, Metz, 22 mai. Mais \u00e0 part \u00e7a, rien. \u00a0The Ponys \u2013 Little Friends","rel":"","context":"Dans &quot;DPC&quot;","block_context":{"text":"DPC","link":"https:\/\/www.wallendorff.com\/belogue\/category\/dpc\/"},"img":{"alt_text":"","src":"https:\/\/i0.wp.com\/www.wallendorff.com\/belogue\/wp-content\/uploads\/2015\/04\/201006301.jpg?resize=350%2C200&ssl=1","width":350,"height":200},"classes":[]},{"id":7508,"url":"https:\/\/www.wallendorff.com\/belogue\/2010\/05\/07\/a-yeux-montre-quruelles\/","url_meta":{"origin":15176,"position":3},"title":"\u00c0 yeux, montre qu&rsquo;ruelles.","author":"dpc","date":"7 mai 2010","format":false,"excerpt":"Passage Briare, Paris, 1er avril. Tout est dans le titre. \u00a0The Ponys \u2013 Is It Working","rel":"","context":"Dans &quot;DPC&quot;","block_context":{"text":"DPC","link":"https:\/\/www.wallendorff.com\/belogue\/category\/dpc\/"},"img":{"alt_text":"","src":"https:\/\/i0.wp.com\/www.wallendorff.com\/belogue\/wp-content\/uploads\/2015\/04\/201005071.jpg?resize=350%2C200&ssl=1","width":350,"height":200},"classes":[]},{"id":22133,"url":"https:\/\/www.wallendorff.com\/belogue\/2013\/11\/30\/novembre-2013\/","url_meta":{"origin":15176,"position":4},"title":"Novembre 2013.","author":"dpc","date":"30 novembre 2013","format":false,"excerpt":"Un train, une fondue, un lac, un train, un lac, un bar, des montres, un grand reretour, un train, une tour, des bras, des chaises, des bi\u00e8res, des photos, des burg\u00e8res, encore un train, encore une fondue, un mus\u00e9e, des phares, des bi\u00e8res et du p\u00e2t\u00e9, un gros chien, une\u2026","rel":"","context":"Dans &quot;Blog-note&quot;","block_context":{"text":"Blog-note","link":"https:\/\/www.wallendorff.com\/belogue\/category\/blog-note\/"},"img":{"alt_text":"","src":"https:\/\/i0.wp.com\/www.wallendorff.com\/belogue\/wp-content\/uploads\/2015\/04\/20131205-321.jpg?resize=350%2C200&ssl=1","width":350,"height":200,"srcset":"https:\/\/i0.wp.com\/www.wallendorff.com\/belogue\/wp-content\/uploads\/2015\/04\/20131205-321.jpg?resize=350%2C200&ssl=1 1x, https:\/\/i0.wp.com\/www.wallendorff.com\/belogue\/wp-content\/uploads\/2015\/04\/20131205-321.jpg?resize=525%2C300&ssl=1 1.5x, https:\/\/i0.wp.com\/www.wallendorff.com\/belogue\/wp-content\/uploads\/2015\/04\/20131205-321.jpg?resize=700%2C400&ssl=1 2x"},"classes":[]},{"id":4297,"url":"https:\/\/www.wallendorff.com\/belogue\/2009\/06\/14\/art-qua-doeuf-ailleurs\/","url_meta":{"origin":15176,"position":5},"title":"Art qu&rsquo;a d&rsquo;\u0153uf ailleurs.","author":"dpc","date":"14 juin 2009","format":false,"excerpt":"Milwaukee, 28 avril. \u00a0 The Ponys \u2013 Maybe I'll Try TR\u00c8S fatigu\u00e9, moi.","rel":"","context":"Dans &quot;DPC&quot;","block_context":{"text":"DPC","link":"https:\/\/www.wallendorff.com\/belogue\/category\/dpc\/"},"img":{"alt_text":"","src":"","width":0,"height":0},"classes":[]}],"_links":{"self":[{"href":"https:\/\/www.wallendorff.com\/belogue\/wp-json\/wp\/v2\/posts\/15176","targetHints":{"allow":["GET"]}}],"collection":[{"href":"https:\/\/www.wallendorff.com\/belogue\/wp-json\/wp\/v2\/posts"}],"about":[{"href":"https:\/\/www.wallendorff.com\/belogue\/wp-json\/wp\/v2\/types\/post"}],"author":[{"embeddable":true,"href":"https:\/\/www.wallendorff.com\/belogue\/wp-json\/wp\/v2\/users\/1"}],"replies":[{"embeddable":true,"href":"https:\/\/www.wallendorff.com\/belogue\/wp-json\/wp\/v2\/comments?post=15176"}],"version-history":[{"count":6,"href":"https:\/\/www.wallendorff.com\/belogue\/wp-json\/wp\/v2\/posts\/15176\/revisions"}],"predecessor-version":[{"id":15182,"href":"https:\/\/www.wallendorff.com\/belogue\/wp-json\/wp\/v2\/posts\/15176\/revisions\/15182"}],"wp:featuredmedia":[{"embeddable":true,"href":"https:\/\/www.wallendorff.com\/belogue\/wp-json\/wp\/v2\/media\/26047"}],"wp:attachment":[{"href":"https:\/\/www.wallendorff.com\/belogue\/wp-json\/wp\/v2\/media?parent=15176"}],"wp:term":[{"taxonomy":"category","embeddable":true,"href":"https:\/\/www.wallendorff.com\/belogue\/wp-json\/wp\/v2\/categories?post=15176"},{"taxonomy":"post_tag","embeddable":true,"href":"https:\/\/www.wallendorff.com\/belogue\/wp-json\/wp\/v2\/tags?post=15176"}],"curies":[{"name":"wp","href":"https:\/\/api.w.org\/{rel}","templated":true}]}}