{"id":15143,"date":"2012-01-03T11:53:42","date_gmt":"2012-01-03T09:53:42","guid":{"rendered":"http:\/\/www.po-L.com\/belogue\/?p=15143"},"modified":"2012-01-04T12:34:29","modified_gmt":"2012-01-04T10:34:29","slug":"qui-veule-happe-eau-de-gros-jet-rhabite","status":"publish","type":"post","link":"https:\/\/www.wallendorff.com\/belogue\/2012\/01\/03\/qui-veule-happe-eau-de-gros-jet-rhabite\/","title":{"rendered":"Qui veule happe eau de gros jet, rhabite."},"content":{"rendered":"<div id=\"photo\">\n<p><img decoding=\"async\" src=\"https:\/\/www.wallendorff.com\/belogue\/photo\/2012\/01\/20120103.jpg\"><br \/>\n  Quai du Mont-Blanc, Gen&egrave;ve, 4 novembre 2011.<\/p>\n<\/div>\n<p style=\"text-align:right\">C&rsquo;&eacute;tait &ccedil;a ou &laquo;&nbsp;Gros jet waters&nbsp;&raquo; ou &laquo;&nbsp;Gros jet mourt&nbsp;&raquo; ou&nbsp;&laquo;&nbsp;Gros jet \u00e0 nains&nbsp;&raquo;, mais fallait bien en choisir un et un seul.<\/p>\n<div id=\"bandeson\">\n<p><img decoding=\"async\" src=\"https:\/\/www.wallendorff.com\/belogue\/photo\/pochettes\/b\/black_rebel_motorcycle_club-howl_sessions.jpg\" align=\"left\" \/><a href=\"http:\/\/www.blackrebelmotorcycleclub.com\/\">Black Rebel Motorcycle Club<\/a> &ndash; <em>Pretend<\/em><br \/>\n[youtube]http:\/\/www.youtube.com\/watch?v=eRJKQAxO1Bo[\/youtube]<\/p>\n<\/p><\/div>\n<p style=\"text-align:right\">Oh et sinon je vous ai fait &ccedil;a, aussi&nbsp;:<\/p>\n<div id=\"photo2\">\n<p><img decoding=\"async\" src=\"https:\/\/www.wallendorff.com\/belogue\/photo\/2012\/01\/20120103-01.jpg\"><\/p>\n<\/div>\n<p style=\"text-align:right\">Oui, j&rsquo;ai honte.<\/p>\n","protected":false},"excerpt":{"rendered":"<p>Quai du Mont-Blanc, Gen&egrave;ve, 4 novembre 2011. C&rsquo;&eacute;tait &ccedil;a ou &laquo;&nbsp;Gros jet waters&nbsp;&raquo; ou &laquo;&nbsp;Gros jet mourt&nbsp;&raquo; ou&nbsp;&laquo;&nbsp;Gros jet \u00e0 nains&nbsp;&raquo;, mais fallait bien en choisir un et un seul. Black Rebel Motorcycle Club &ndash; Pretend [youtube]http:\/\/www.youtube.com\/watch?v=eRJKQAxO1Bo[\/youtube] Oh et sinon je vous ai fait &ccedil;a, aussi&nbsp;: Oui, j&rsquo;ai honte.<\/p>\n","protected":false},"author":1,"featured_media":24130,"comment_status":"open","ping_status":"open","sticky":false,"template":"","format":"standard","meta":{"_acf_changed":false,"ngg_post_thumbnail":0,"jetpack_post_was_ever_published":false,"_jetpack_newsletter_access":"","_jetpack_dont_email_post_to_subs":false,"_jetpack_newsletter_tier_id":0,"_jetpack_memberships_contains_paywalled_content":false,"_jetpack_memberships_contains_paid_content":false,"footnotes":"","jetpack_publicize_message":"","jetpack_publicize_feature_enabled":true,"jetpack_social_post_already_shared":false,"jetpack_social_options":{"image_generator_settings":{"template":"highway","default_image_id":0,"font":"","enabled":false},"version":2}},"categories":[3],"tags":[5477,10345,10118,2571,2615,10975,10974,3552,10976,10147,10504,5478,5475,5476,10356,10886],"class_list":["post-15143","post","type-post","status-publish","format-standard","has-post-thumbnail","hentry","category-dpc","tag-abraham-lincoln","tag-arbre","tag-black-rebel-motorcycle-club","tag-ef-16-35-mm-f28l-ii-usm","tag-eos-5d-mark-ii","tag-canton-de-geneve","tag-geneve","tag-guirlande","tag-jet-deau","tag-nuit","tag-parc","tag-pretend","tag-quai-du-mont-blanc","tag-quartier-mont-blanc","tag-sapin","tag-suisse"],"acf":[],"geo":{"latitude":46.2092705,"longitude":6.1508417,"description":"Gen\u00e8ve, Canton de Gen\u00e8ve, 1201, CH"},"jetpack_publicize_connections":[],"jetpack_featured_media_url":"https:\/\/www.wallendorff.com\/belogue\/wp-content\/uploads\/2015\/04\/201201031.jpg","jetpack_shortlink":"https:\/\/wp.me\/p3b35P-3Wf","jetpack_sharing_enabled":true,"jetpack-related-posts":[{"id":18395,"url":"https:\/\/www.wallendorff.com\/belogue\/2012\/07\/26\/gros-jet-tas-ltrait\/","url_meta":{"origin":15143,"position":0},"title":"Gros jet, t&rsquo;as l&rsquo;trait.","author":"dpc","date":"26 juillet 2012","format":false,"excerpt":"Jet\u00e9e des P\u00e2quis, Gen\u00e8ve, 28 mai. Sun Kil Moon \u2013 Sunshine in Chicago","rel":"","context":"Dans &quot;DPC&quot;","block_context":{"text":"DPC","link":"https:\/\/www.wallendorff.com\/belogue\/category\/dpc\/"},"img":{"alt_text":"","src":"https:\/\/i0.wp.com\/www.wallendorff.com\/belogue\/wp-content\/uploads\/2015\/04\/201207261.jpg?resize=350%2C200&ssl=1","width":350,"height":200,"srcset":"https:\/\/i0.wp.com\/www.wallendorff.com\/belogue\/wp-content\/uploads\/2015\/04\/201207261.jpg?resize=350%2C200&ssl=1 1x, https:\/\/i0.wp.com\/www.wallendorff.com\/belogue\/wp-content\/uploads\/2015\/04\/201207261.jpg?resize=525%2C300&ssl=1 1.5x, https:\/\/i0.wp.com\/www.wallendorff.com\/belogue\/wp-content\/uploads\/2015\/04\/201207261.jpg?resize=700%2C400&ssl=1 2x"},"classes":[]},{"id":18444,"url":"https:\/\/www.wallendorff.com\/belogue\/2012\/07\/27\/gros-jet-a-nains\/","url_meta":{"origin":15143,"position":1},"title":"Gros jet \u00e0 nains.","author":"dpc","date":"27 juillet 2012","format":false,"excerpt":"Bains des P\u00e2quis, Gen\u00e8ve, 28 mai. The Sun Parade \u2013 Need You by My Side","rel":"","context":"Dans &quot;DPC&quot;","block_context":{"text":"DPC","link":"https:\/\/www.wallendorff.com\/belogue\/category\/dpc\/"},"img":{"alt_text":"","src":"https:\/\/i0.wp.com\/www.wallendorff.com\/belogue\/wp-content\/uploads\/2015\/04\/201207271.jpg?resize=350%2C200&ssl=1","width":350,"height":200,"srcset":"https:\/\/i0.wp.com\/www.wallendorff.com\/belogue\/wp-content\/uploads\/2015\/04\/201207271.jpg?resize=350%2C200&ssl=1 1x, https:\/\/i0.wp.com\/www.wallendorff.com\/belogue\/wp-content\/uploads\/2015\/04\/201207271.jpg?resize=525%2C300&ssl=1 1.5x, https:\/\/i0.wp.com\/www.wallendorff.com\/belogue\/wp-content\/uploads\/2015\/04\/201207271.jpg?resize=700%2C400&ssl=1 2x"},"classes":[]},{"id":15121,"url":"https:\/\/www.wallendorff.com\/belogue\/2012\/01\/02\/gros-jet-fait-des-raires\/","url_meta":{"origin":15143,"position":2},"title":"Gros jet fait des raires.","author":"dpc","date":"2 janvier 2012","format":false,"excerpt":"Jet\u00e9e des P\u00e2quis, Gen\u00e8ve, 4 novembre 2011. Oui oui raire est un vrai mot. Interpol \u2013 Song Seven [youtube]http:\/\/www.youtube.com\/watch?v=HrsNXK21VKw[\/youtube]","rel":"","context":"Dans &quot;DPC&quot;","block_context":{"text":"DPC","link":"https:\/\/www.wallendorff.com\/belogue\/category\/dpc\/"},"img":{"alt_text":"","src":"https:\/\/i0.wp.com\/www.wallendorff.com\/belogue\/wp-content\/uploads\/2015\/04\/201201021.jpg?resize=350%2C200&ssl=1","width":350,"height":200,"srcset":"https:\/\/i0.wp.com\/www.wallendorff.com\/belogue\/wp-content\/uploads\/2015\/04\/201201021.jpg?resize=350%2C200&ssl=1 1x, https:\/\/i0.wp.com\/www.wallendorff.com\/belogue\/wp-content\/uploads\/2015\/04\/201201021.jpg?resize=525%2C300&ssl=1 1.5x, https:\/\/i0.wp.com\/www.wallendorff.com\/belogue\/wp-content\/uploads\/2015\/04\/201201021.jpg?resize=700%2C400&ssl=1 2x"},"classes":[]},{"id":37189,"url":"https:\/\/www.wallendorff.com\/belogue\/2018\/01\/31\/janvier-2018\/","url_meta":{"origin":15143,"position":3},"title":"Janvier 2018.","author":"dpc","date":"31 janvier 2018","format":"galerie","excerpt":"Un train, un avion, un extincteur, une nuit sous la tente, une montagne, un ar\u00e9oport, un train, un minaret, un sapin, une pizza, un concert, un ap\u00e9ro, une belle broderie, un bar, une exposition, un m\u00e9tro, une desp\u00e9dida, un num\u00e9ro, un caf\u00e9, une ruelle, une crue qui cro\u00eet, un chat\u2026","rel":"","context":"Dans &quot;Blog-note&quot;","block_context":{"text":"Blog-note","link":"https:\/\/www.wallendorff.com\/belogue\/category\/blog-note\/"},"img":{"alt_text":"","src":"https:\/\/i0.wp.com\/www.wallendorff.com\/belogue\/wp-content\/uploads\/2018\/02\/20180220-69.jpg?resize=350%2C200&ssl=1","width":350,"height":200,"srcset":"https:\/\/i0.wp.com\/www.wallendorff.com\/belogue\/wp-content\/uploads\/2018\/02\/20180220-69.jpg?resize=350%2C200&ssl=1 1x, https:\/\/i0.wp.com\/www.wallendorff.com\/belogue\/wp-content\/uploads\/2018\/02\/20180220-69.jpg?resize=525%2C300&ssl=1 1.5x, https:\/\/i0.wp.com\/www.wallendorff.com\/belogue\/wp-content\/uploads\/2018\/02\/20180220-69.jpg?resize=700%2C400&ssl=1 2x, https:\/\/i0.wp.com\/www.wallendorff.com\/belogue\/wp-content\/uploads\/2018\/02\/20180220-69.jpg?resize=1050%2C600&ssl=1 3x"},"classes":[]},{"id":11941,"url":"https:\/\/www.wallendorff.com\/belogue\/2011\/01\/24\/no-one-is-in-nogent\/","url_meta":{"origin":15143,"position":4},"title":"No one is in Nogent.","author":"dpc","date":"24 janvier 2011","format":false,"excerpt":"Villejuif \u2013 L\u00e9o Lagrange, 15 d\u00e9cembre 2010. Enfin je crois. \u00a0Black Rebel Motorcycle Club \u2013 Take Them on, on Your Own","rel":"","context":"Dans &quot;DPC&quot;","block_context":{"text":"DPC","link":"https:\/\/www.wallendorff.com\/belogue\/category\/dpc\/"},"img":{"alt_text":"","src":"https:\/\/i0.wp.com\/www.wallendorff.com\/belogue\/wp-content\/uploads\/2015\/04\/201101241.jpg?resize=350%2C200&ssl=1","width":350,"height":200},"classes":[]},{"id":1247,"url":"https:\/\/www.wallendorff.com\/belogue\/2008\/06\/11\/l-fers-luisent-trio\/","url_meta":{"origin":15143,"position":5},"title":"L\u00e0, fers luisent \u2015 (trio)\u00b9","author":"dpc","date":"11 juin 2008","format":false,"excerpt":"Rue du Mont Cenis, Paris, 12 avril. Sinon Nick Jago [re]quitte BRMC. \u00a0Interpol \u2013 Untitled _____ 1 Certain d'avoir d\u00e9j\u00e0 fait un jeu de mot avec, mais impossible de remettre la main dessus.","rel":"","context":"Dans &quot;DPC&quot;","block_context":{"text":"DPC","link":"https:\/\/www.wallendorff.com\/belogue\/category\/dpc\/"},"img":{"alt_text":"","src":"https:\/\/i0.wp.com\/www.wallendorff.com\/belogue\/wp-content\/uploads\/2015\/04\/200806111.jpg?resize=350%2C200&ssl=1","width":350,"height":200,"srcset":"https:\/\/i0.wp.com\/www.wallendorff.com\/belogue\/wp-content\/uploads\/2015\/04\/200806111.jpg?resize=350%2C200&ssl=1 1x, https:\/\/i0.wp.com\/www.wallendorff.com\/belogue\/wp-content\/uploads\/2015\/04\/200806111.jpg?resize=525%2C300&ssl=1 1.5x, https:\/\/i0.wp.com\/www.wallendorff.com\/belogue\/wp-content\/uploads\/2015\/04\/200806111.jpg?resize=700%2C400&ssl=1 2x"},"classes":[]}],"_links":{"self":[{"href":"https:\/\/www.wallendorff.com\/belogue\/wp-json\/wp\/v2\/posts\/15143","targetHints":{"allow":["GET"]}}],"collection":[{"href":"https:\/\/www.wallendorff.com\/belogue\/wp-json\/wp\/v2\/posts"}],"about":[{"href":"https:\/\/www.wallendorff.com\/belogue\/wp-json\/wp\/v2\/types\/post"}],"author":[{"embeddable":true,"href":"https:\/\/www.wallendorff.com\/belogue\/wp-json\/wp\/v2\/users\/1"}],"replies":[{"embeddable":true,"href":"https:\/\/www.wallendorff.com\/belogue\/wp-json\/wp\/v2\/comments?post=15143"}],"version-history":[{"count":7,"href":"https:\/\/www.wallendorff.com\/belogue\/wp-json\/wp\/v2\/posts\/15143\/revisions"}],"predecessor-version":[{"id":15183,"href":"https:\/\/www.wallendorff.com\/belogue\/wp-json\/wp\/v2\/posts\/15143\/revisions\/15183"}],"wp:featuredmedia":[{"embeddable":true,"href":"https:\/\/www.wallendorff.com\/belogue\/wp-json\/wp\/v2\/media\/24130"}],"wp:attachment":[{"href":"https:\/\/www.wallendorff.com\/belogue\/wp-json\/wp\/v2\/media?parent=15143"}],"wp:term":[{"taxonomy":"category","embeddable":true,"href":"https:\/\/www.wallendorff.com\/belogue\/wp-json\/wp\/v2\/categories?post=15143"},{"taxonomy":"post_tag","embeddable":true,"href":"https:\/\/www.wallendorff.com\/belogue\/wp-json\/wp\/v2\/tags?post=15143"}],"curies":[{"name":"wp","href":"https:\/\/api.w.org\/{rel}","templated":true}]}}