{"id":15121,"date":"2012-01-02T11:38:46","date_gmt":"2012-01-02T09:38:46","guid":{"rendered":"http:\/\/www.po-L.com\/belogue\/?p=15121"},"modified":"2016-05-23T16:16:11","modified_gmt":"2016-05-23T14:16:11","slug":"gros-jet-fait-des-raires","status":"publish","type":"post","link":"https:\/\/www.wallendorff.com\/belogue\/2012\/01\/02\/gros-jet-fait-des-raires\/","title":{"rendered":"Gros jet fait des raires."},"content":{"rendered":"<div id=\"photo\">\n<p><img decoding=\"async\" src=\"https:\/\/www.wallendorff.com\/belogue\/photo\/2012\/01\/20120102.jpg\"><br \/>\n  Jet&eacute;e des P&acirc;quis, Gen&egrave;ve, 4 novembre 2011.<\/p>\n<\/div>\n<p style=\"text-align:right\">Oui oui  <a href=\"http:\/\/atilf.atilf.fr\/dendien\/scripts\/tlfiv5\/visusel.exe?12;s=1220005170;r=1;nat=;sol=1;\">raire est un vrai mot<\/a>.<\/p>\n<div id=\"bandeson\">\n<p><img decoding=\"async\" src=\"https:\/\/www.wallendorff.com\/belogue\/photo\/pochettes\/i\/interpol-evil.jpg\" align=\"left\" \/><a href=\"http:\/\/www.interpolnyc.com\/\">Interpol<\/a> &ndash; <em>Song Seven<\/em><br \/>\n[youtube]http:\/\/www.youtube.com\/watch?v=HrsNXK21VKw[\/youtube]<\/p>\n<\/p><\/div>\n","protected":false},"excerpt":{"rendered":"<p>Jet&eacute;e des P&acirc;quis, Gen&egrave;ve, 4 novembre 2011. Oui oui raire est un vrai mot. Interpol &ndash; Song Seven [youtube]http:\/\/www.youtube.com\/watch?v=HrsNXK21VKw[\/youtube]<\/p>\n","protected":false},"author":1,"featured_media":25344,"comment_status":"open","ping_status":"open","sticky":false,"template":"","format":"standard","meta":{"_acf_changed":false,"ngg_post_thumbnail":0,"jetpack_post_was_ever_published":false,"_jetpack_newsletter_access":"","_jetpack_dont_email_post_to_subs":false,"_jetpack_newsletter_tier_id":0,"_jetpack_memberships_contains_paywalled_content":false,"_jetpack_memberships_contains_paid_content":false,"footnotes":"","jetpack_publicize_message":"","jetpack_publicize_feature_enabled":true,"jetpack_social_post_already_shared":false,"jetpack_social_options":{"image_generator_settings":{"template":"highway","default_image_id":0,"font":"","enabled":false},"version":2}},"categories":[3],"tags":[10977,2571,2615,10975,10484,10974,10111,10976,10719,5474,10667,11041,10147,10592,5472,10886],"class_list":["post-15121","post","type-post","status-publish","format-standard","has-post-thumbnail","hentry","category-dpc","tag-bains-des-paquis","tag-ef-16-35-mm-f28l-ii-usm","tag-eos-5d-mark-ii","tag-canton-de-geneve","tag-eau","tag-geneve","tag-interpol","tag-jet-deau","tag-jetee","tag-jetee-des-paquis","tag-lac","tag-lac-leman","tag-nuit","tag-pose-longue","tag-song-seven","tag-suisse"],"acf":[],"geo":{"latitude":46.2100487,"longitude":6.1552835,"description":"Gen\u00e8ve, Canton de Gen\u00e8ve, 1201, CH"},"jetpack_publicize_connections":[],"jetpack_featured_media_url":"https:\/\/www.wallendorff.com\/belogue\/wp-content\/uploads\/2015\/04\/201201021.jpg","jetpack_shortlink":"https:\/\/wp.me\/p3b35P-3VT","jetpack_sharing_enabled":true,"jetpack-related-posts":[{"id":18395,"url":"https:\/\/www.wallendorff.com\/belogue\/2012\/07\/26\/gros-jet-tas-ltrait\/","url_meta":{"origin":15121,"position":0},"title":"Gros jet, t&rsquo;as l&rsquo;trait.","author":"dpc","date":"26 juillet 2012","format":false,"excerpt":"Jet\u00e9e des P\u00e2quis, Gen\u00e8ve, 28 mai. Sun Kil Moon \u2013 Sunshine in Chicago","rel":"","context":"Dans &quot;DPC&quot;","block_context":{"text":"DPC","link":"https:\/\/www.wallendorff.com\/belogue\/category\/dpc\/"},"img":{"alt_text":"","src":"https:\/\/i0.wp.com\/www.wallendorff.com\/belogue\/wp-content\/uploads\/2015\/04\/201207261.jpg?resize=350%2C200&ssl=1","width":350,"height":200,"srcset":"https:\/\/i0.wp.com\/www.wallendorff.com\/belogue\/wp-content\/uploads\/2015\/04\/201207261.jpg?resize=350%2C200&ssl=1 1x, https:\/\/i0.wp.com\/www.wallendorff.com\/belogue\/wp-content\/uploads\/2015\/04\/201207261.jpg?resize=525%2C300&ssl=1 1.5x, https:\/\/i0.wp.com\/www.wallendorff.com\/belogue\/wp-content\/uploads\/2015\/04\/201207261.jpg?resize=700%2C400&ssl=1 2x"},"classes":[]},{"id":18444,"url":"https:\/\/www.wallendorff.com\/belogue\/2012\/07\/27\/gros-jet-a-nains\/","url_meta":{"origin":15121,"position":1},"title":"Gros jet \u00e0 nains.","author":"dpc","date":"27 juillet 2012","format":false,"excerpt":"Bains des P\u00e2quis, Gen\u00e8ve, 28 mai. The Sun Parade \u2013 Need You by My Side","rel":"","context":"Dans &quot;DPC&quot;","block_context":{"text":"DPC","link":"https:\/\/www.wallendorff.com\/belogue\/category\/dpc\/"},"img":{"alt_text":"","src":"https:\/\/i0.wp.com\/www.wallendorff.com\/belogue\/wp-content\/uploads\/2015\/04\/201207271.jpg?resize=350%2C200&ssl=1","width":350,"height":200,"srcset":"https:\/\/i0.wp.com\/www.wallendorff.com\/belogue\/wp-content\/uploads\/2015\/04\/201207271.jpg?resize=350%2C200&ssl=1 1x, https:\/\/i0.wp.com\/www.wallendorff.com\/belogue\/wp-content\/uploads\/2015\/04\/201207271.jpg?resize=525%2C300&ssl=1 1.5x, https:\/\/i0.wp.com\/www.wallendorff.com\/belogue\/wp-content\/uploads\/2015\/04\/201207271.jpg?resize=700%2C400&ssl=1 2x"},"classes":[]},{"id":20047,"url":"https:\/\/www.wallendorff.com\/belogue\/2013\/01\/08\/phare-away\/","url_meta":{"origin":15121,"position":2},"title":"Phare, away.","author":"dpc","date":"8 janvier 2013","format":false,"excerpt":"Jet\u00e9e des P\u00e2quis, Gen\u00e8ve, 11 novembre 2012. Someone Told Me Jake Bugg","rel":"","context":"Dans &quot;DPC&quot;","block_context":{"text":"DPC","link":"https:\/\/www.wallendorff.com\/belogue\/category\/dpc\/"},"img":{"alt_text":"","src":"https:\/\/i0.wp.com\/www.wallendorff.com\/belogue\/wp-content\/uploads\/2015\/04\/201301081.jpg?resize=350%2C200&ssl=1","width":350,"height":200,"srcset":"https:\/\/i0.wp.com\/www.wallendorff.com\/belogue\/wp-content\/uploads\/2015\/04\/201301081.jpg?resize=350%2C200&ssl=1 1x, https:\/\/i0.wp.com\/www.wallendorff.com\/belogue\/wp-content\/uploads\/2015\/04\/201301081.jpg?resize=525%2C300&ssl=1 1.5x, https:\/\/i0.wp.com\/www.wallendorff.com\/belogue\/wp-content\/uploads\/2015\/04\/201301081.jpg?resize=700%2C400&ssl=1 2x"},"classes":[]},{"id":17961,"url":"https:\/\/www.wallendorff.com\/belogue\/2012\/06\/29\/summers-off-summers-on\/","url_meta":{"origin":15121,"position":3},"title":"Summer&rsquo;s off, summer&rsquo;s on.","author":"dpc","date":"29 juin 2012","format":false,"excerpt":"Bains des P\u00e2quis, Gen\u00e8ve, 28 mai. Toujours aucune de raison de pardonner. Und jetzt, nach Arras. Beirut \u2013 Santa Fe","rel":"","context":"Dans &quot;DPC&quot;","block_context":{"text":"DPC","link":"https:\/\/www.wallendorff.com\/belogue\/category\/dpc\/"},"img":{"alt_text":"","src":"https:\/\/i0.wp.com\/www.wallendorff.com\/belogue\/wp-content\/uploads\/2015\/04\/201206291.jpg?resize=350%2C200&ssl=1","width":350,"height":200,"srcset":"https:\/\/i0.wp.com\/www.wallendorff.com\/belogue\/wp-content\/uploads\/2015\/04\/201206291.jpg?resize=350%2C200&ssl=1 1x, https:\/\/i0.wp.com\/www.wallendorff.com\/belogue\/wp-content\/uploads\/2015\/04\/201206291.jpg?resize=525%2C300&ssl=1 1.5x, https:\/\/i0.wp.com\/www.wallendorff.com\/belogue\/wp-content\/uploads\/2015\/04\/201206291.jpg?resize=700%2C400&ssl=1 2x"},"classes":[]},{"id":18260,"url":"https:\/\/www.wallendorff.com\/belogue\/2012\/07\/18\/et-mat-bleu\/","url_meta":{"origin":15121,"position":4},"title":"Et m\u00e2t bleu.","author":"dpc","date":"18 juillet 2012","format":false,"excerpt":"Bains des P\u00e2quis, Gen\u00e8ve, 26 mai. Langhorne Slim & the Law \u2013 The Way We Move","rel":"","context":"Dans &quot;DPC&quot;","block_context":{"text":"DPC","link":"https:\/\/www.wallendorff.com\/belogue\/category\/dpc\/"},"img":{"alt_text":"","src":"https:\/\/i0.wp.com\/www.wallendorff.com\/belogue\/wp-content\/uploads\/2015\/04\/201207181.jpg?resize=350%2C200&ssl=1","width":350,"height":200,"srcset":"https:\/\/i0.wp.com\/www.wallendorff.com\/belogue\/wp-content\/uploads\/2015\/04\/201207181.jpg?resize=350%2C200&ssl=1 1x, https:\/\/i0.wp.com\/www.wallendorff.com\/belogue\/wp-content\/uploads\/2015\/04\/201207181.jpg?resize=525%2C300&ssl=1 1.5x, https:\/\/i0.wp.com\/www.wallendorff.com\/belogue\/wp-content\/uploads\/2015\/04\/201207181.jpg?resize=700%2C400&ssl=1 2x"},"classes":[]},{"id":20026,"url":"https:\/\/www.wallendorff.com\/belogue\/2013\/01\/06\/plus-rien-ne-moutonne\/","url_meta":{"origin":15121,"position":5},"title":"Plus rien ne moutonne.","author":"dpc","date":"6 janvier 2013","format":false,"excerpt":"Gen\u00e8ve, 11 novembre 2012. In the Bleak Midwinter Smith & Burrows","rel":"","context":"Dans &quot;DPC&quot;","block_context":{"text":"DPC","link":"https:\/\/www.wallendorff.com\/belogue\/category\/dpc\/"},"img":{"alt_text":"","src":"https:\/\/i0.wp.com\/www.wallendorff.com\/belogue\/wp-content\/uploads\/2015\/04\/201301061.jpg?resize=350%2C200&ssl=1","width":350,"height":200,"srcset":"https:\/\/i0.wp.com\/www.wallendorff.com\/belogue\/wp-content\/uploads\/2015\/04\/201301061.jpg?resize=350%2C200&ssl=1 1x, https:\/\/i0.wp.com\/www.wallendorff.com\/belogue\/wp-content\/uploads\/2015\/04\/201301061.jpg?resize=525%2C300&ssl=1 1.5x, https:\/\/i0.wp.com\/www.wallendorff.com\/belogue\/wp-content\/uploads\/2015\/04\/201301061.jpg?resize=700%2C400&ssl=1 2x"},"classes":[]}],"_links":{"self":[{"href":"https:\/\/www.wallendorff.com\/belogue\/wp-json\/wp\/v2\/posts\/15121","targetHints":{"allow":["GET"]}}],"collection":[{"href":"https:\/\/www.wallendorff.com\/belogue\/wp-json\/wp\/v2\/posts"}],"about":[{"href":"https:\/\/www.wallendorff.com\/belogue\/wp-json\/wp\/v2\/types\/post"}],"author":[{"embeddable":true,"href":"https:\/\/www.wallendorff.com\/belogue\/wp-json\/wp\/v2\/users\/1"}],"replies":[{"embeddable":true,"href":"https:\/\/www.wallendorff.com\/belogue\/wp-json\/wp\/v2\/comments?post=15121"}],"version-history":[{"count":9,"href":"https:\/\/www.wallendorff.com\/belogue\/wp-json\/wp\/v2\/posts\/15121\/revisions"}],"predecessor-version":[{"id":17962,"href":"https:\/\/www.wallendorff.com\/belogue\/wp-json\/wp\/v2\/posts\/15121\/revisions\/17962"}],"wp:featuredmedia":[{"embeddable":true,"href":"https:\/\/www.wallendorff.com\/belogue\/wp-json\/wp\/v2\/media\/25344"}],"wp:attachment":[{"href":"https:\/\/www.wallendorff.com\/belogue\/wp-json\/wp\/v2\/media?parent=15121"}],"wp:term":[{"taxonomy":"category","embeddable":true,"href":"https:\/\/www.wallendorff.com\/belogue\/wp-json\/wp\/v2\/categories?post=15121"},{"taxonomy":"post_tag","embeddable":true,"href":"https:\/\/www.wallendorff.com\/belogue\/wp-json\/wp\/v2\/tags?post=15121"}],"curies":[{"name":"wp","href":"https:\/\/api.w.org\/{rel}","templated":true}]}}