{"id":150,"date":"2006-05-13T16:15:19","date_gmt":"2006-05-13T16:15:19","guid":{"rendered":"http:\/\/www.po-l.com\/wordpress\/?p=150"},"modified":"2012-03-29T09:21:49","modified_gmt":"2012-03-29T07:21:49","slug":"soi-disant-partant","status":"publish","type":"post","link":"https:\/\/www.wallendorff.com\/belogue\/2006\/05\/13\/soi-disant-partant\/","title":{"rendered":"Soi disant partant."},"content":{"rendered":"\n<div id=\"photo\">\n<p><img decoding=\"async\" src=\"http:\/\/www.po-L.com\/belogue\/photo\/2006\/05\/20060513.jpg\" \/><br \/>\nGare de l&rsquo;Est, Paris, 15 avril.<\/p>\n<\/p><\/div>\n<p style=\"text-align:right\">Hum.<\/p>\n<p style=\"text-align:right\">J&rsquo;ai de folles envies de train, moi, dis donc.<\/p>\n<p style=\"text-align:right\">[Et d&rsquo;avion, n&rsquo;en parlons m&ecirc;me pas, hein.] <\/p>\n<div id=\"bandeson\">\n<p><img decoding=\"async\" src=\"https:\/\/www.wallendorff.com\/belogue\/photo\/pochettes\/w\/warlocks_the-surgery.jpg\" align=\"left\" \/>&nbsp;<a href=\"http:\/\/www.thewarlocks.com\">The Warlocks<\/a> &ndash; <em>Come Save Us<\/em><\/p>\n<\/div>\n","protected":false},"excerpt":{"rendered":"<p>Gare de l&rsquo;Est, Paris, 15 avril. Hum. J&rsquo;ai de folles envies de train, moi, dis donc. [Et d&rsquo;avion, n&rsquo;en parlons m&ecirc;me pas, hein.] &nbsp;The Warlocks &ndash; Come Save Us<\/p>\n","protected":false},"author":1,"featured_media":24085,"comment_status":"open","ping_status":"open","sticky":false,"template":"","format":"standard","meta":{"_acf_changed":false,"ngg_post_thumbnail":0,"jetpack_post_was_ever_published":false,"_jetpack_newsletter_access":"","_jetpack_dont_email_post_to_subs":false,"_jetpack_newsletter_tier_id":0,"_jetpack_memberships_contains_paywalled_content":false,"_jetpack_memberships_contains_paid_content":false,"footnotes":"","jetpack_publicize_message":"","jetpack_publicize_feature_enabled":true,"jetpack_social_post_already_shared":false,"jetpack_social_options":{"image_generator_settings":{"template":"highway","default_image_id":0,"font":"","enabled":false},"version":2}},"categories":[3],"tags":[10267,132,1593,10120,10247,982,10121,143,10098,173,813,10150],"class_list":["post-150","post","type-post","status-publish","format-standard","has-post-thumbnail","hentry","category-dpc","tag-10267","tag-eos-20d","tag-come-save-us","tag-france","tag-gare","tag-gare-de-lest","tag-ile-de-france","tag-noir-et-blanc","tag-paris","tag-sigma-28-70-mm-f28-dg-ex","tag-the-warlocks","tag-train"],"acf":[],"geo":{"latitude":48.8802185,"longitude":2.360564,"description":"168-178 Rue La Fayette, 75010 Paris, France"},"jetpack_publicize_connections":[],"jetpack_featured_media_url":"https:\/\/www.wallendorff.com\/belogue\/wp-content\/uploads\/2015\/04\/200605131.jpg","jetpack_shortlink":"https:\/\/wp.me\/p3b35P-2q","jetpack_sharing_enabled":true,"jetpack-related-posts":[{"id":131,"url":"https:\/\/www.wallendorff.com\/belogue\/2006\/04\/22\/train-train-hele-pis-carosse\/","url_meta":{"origin":150,"position":0},"title":"Train, train h&eacute;l&eacute;, pis carosse&sup1;.","author":"dpc","date":"22 avril 2006","format":false,"excerpt":"Gare de l'Est, Paris, 15 avril. Et l\u00e0, tu vois, t'as envie d'enfiler un turban, de partir au Pakistan \u00e0 pied et d'aller \u00e9lever des meuh-meuhs sacr\u00e9es. Et puis finalement, non. \u00a0Eddie Vedder \/ Nusrat Fateh Ali Khan \u2013 The Long Road _____ 1 Avec 24 albums dans la s\u00e9rie,\u2026","rel":"","context":"Dans &quot;DPC&quot;","block_context":{"text":"DPC","link":"https:\/\/www.wallendorff.com\/belogue\/category\/dpc\/"},"img":{"alt_text":"","src":"https:\/\/i0.wp.com\/www.wallendorff.com\/belogue\/wp-content\/uploads\/2015\/04\/200604221.jpg?resize=350%2C200&ssl=1","width":350,"height":200},"classes":[]},{"id":22906,"url":"https:\/\/www.wallendorff.com\/belogue\/2014\/06\/06\/dix-ans-sur-les-rails\/","url_meta":{"origin":150,"position":1},"title":"Dix ans sur les rails.","author":"dpc","date":"6 juin 2014","format":false,"excerpt":"Des Corails (des Coraux\u00a0?) puis des TGV. Des courses pour arriver \u00e0 temps, des d\u00e9parts et des arriv\u00e9es, et r\u00e9guli\u00e8rement revenir arpenter les quais quand je passe dans le quartier\u00a0; le jour, pour regarder les autres partir et chercher cet instant qui s\u00e9pare le dernier voyageur qui marche tranquillement vers\u2026","rel":"","context":"Dans &quot;DPC&quot;","block_context":{"text":"DPC","link":"https:\/\/www.wallendorff.com\/belogue\/category\/dpc\/"},"img":{"alt_text":"","src":"https:\/\/i0.wp.com\/www.wallendorff.com\/belogue\/wp-content\/uploads\/2015\/04\/200507293.jpg?resize=350%2C200&ssl=1","width":350,"height":200,"srcset":"https:\/\/i0.wp.com\/www.wallendorff.com\/belogue\/wp-content\/uploads\/2015\/04\/200507293.jpg?resize=350%2C200&ssl=1 1x, https:\/\/i0.wp.com\/www.wallendorff.com\/belogue\/wp-content\/uploads\/2015\/04\/200507293.jpg?resize=525%2C300&ssl=1 1.5x, https:\/\/i0.wp.com\/www.wallendorff.com\/belogue\/wp-content\/uploads\/2015\/04\/200507293.jpg?resize=700%2C400&ssl=1 2x"},"classes":[]},{"id":125,"url":"https:\/\/www.wallendorff.com\/belogue\/2006\/04\/15\/a-cuse-elle-coud\/","url_meta":{"origin":150,"position":2},"title":"&Agrave; Cuse, elle coud.","author":"dpc","date":"15 avril 2006","format":false,"excerpt":"Gare de l'Est, Paris, 15 avril. Saturday morning's sugar never tasted so good. Je vous en parlerais bien du machin, qu'enfin il me saute \u00e0 la gueule, que l'indiff\u00e9rence \u00e0 fait place \u00e0 l'int\u00e9r\u00eat, l'int\u00e9r\u00eat \u00e0 l'envie, et l'envie \u00e0 l'adoption. Mais l\u00e0 les 8 minutes d'instrus qui ouvrent Lights\u2026","rel":"","context":"Dans &quot;DPC&quot;","block_context":{"text":"DPC","link":"https:\/\/www.wallendorff.com\/belogue\/category\/dpc\/"},"img":{"alt_text":"","src":"https:\/\/i0.wp.com\/www.wallendorff.com\/belogue\/wp-content\/uploads\/2015\/04\/200604151.jpg?resize=350%2C200&ssl=1","width":350,"height":200,"srcset":"https:\/\/i0.wp.com\/www.wallendorff.com\/belogue\/wp-content\/uploads\/2015\/04\/200604151.jpg?resize=350%2C200&ssl=1 1x, https:\/\/i0.wp.com\/www.wallendorff.com\/belogue\/wp-content\/uploads\/2015\/04\/200604151.jpg?resize=525%2C300&ssl=1 1.5x"},"classes":[]},{"id":389,"url":"https:\/\/www.wallendorff.com\/belogue\/2005\/04\/28\/gare-de-f-l-ou\/","url_meta":{"origin":150,"position":3},"title":"Gare de f[l]ou.","author":"dpc","date":"28 avril 2005","format":false,"excerpt":"Gare de l'Est, Paris, 10 avril. Le\u00a0Detroit Free Press, sympa, \u00a0fait dans le Detroit Free MP3. 14 titres de groupes locaux s'\u00e9tant produits lors du MC2 \u00e0 t\u00e9l\u00e9charger. Si vous savez pas par o\u00f9 commencer, je vous recommande le Muggs, le Grande Nationals, le Thunderbirds Are Now!, le Hard Lessons\u2026","rel":"","context":"Dans &quot;DPC&quot;","block_context":{"text":"DPC","link":"https:\/\/www.wallendorff.com\/belogue\/category\/dpc\/"},"img":{"alt_text":"","src":"https:\/\/i0.wp.com\/www.wallendorff.com\/belogue\/wp-content\/uploads\/2015\/04\/200504283.jpg?resize=350%2C200&ssl=1","width":350,"height":200},"classes":[]},{"id":1269,"url":"https:\/\/www.wallendorff.com\/belogue\/2008\/07\/15\/a-bon-an-tant-d-heures\/","url_meta":{"origin":150,"position":4},"title":"\u00c0 bon an, tant d&rsquo;heures.","author":"dpc","date":"15 juillet 2008","format":false,"excerpt":"Gare de l'Est, Paris, 18 juin. Et de me faire pr\u00e9f\u00e9rer l'en-train. \u00a0Isobel Campbell & Mark Lanegan \u2013 Trouble _____ 1 Je sais que \u00e7a fait redite de cette photo-ci et j'assume mes fixettes.","rel":"","context":"Dans &quot;DPC&quot;","block_context":{"text":"DPC","link":"https:\/\/www.wallendorff.com\/belogue\/category\/dpc\/"},"img":{"alt_text":"","src":"https:\/\/i0.wp.com\/www.wallendorff.com\/belogue\/wp-content\/uploads\/2015\/04\/200807151.jpg?resize=350%2C200&ssl=1","width":350,"height":200},"classes":[]},{"id":17680,"url":"https:\/\/www.wallendorff.com\/belogue\/2012\/06\/11\/you-took-my-hand-through-the-cold-pissing-rain\/","url_meta":{"origin":150,"position":5},"title":"You took my hand, through the cold, pissing rain.","author":"dpc","date":"11 juin 2012","format":false,"excerpt":"Gare de l'Est, Paris, 30 avril. Je crois qu'on tient l\u00e0 l'un des meilleurs albums de 2012. Japandroids \u2013 Continuous Thunder","rel":"","context":"Dans &quot;DPC&quot;","block_context":{"text":"DPC","link":"https:\/\/www.wallendorff.com\/belogue\/category\/dpc\/"},"img":{"alt_text":"","src":"https:\/\/i0.wp.com\/www.wallendorff.com\/belogue\/wp-content\/uploads\/2015\/04\/201206111.jpg?resize=350%2C200&ssl=1","width":350,"height":200,"srcset":"https:\/\/i0.wp.com\/www.wallendorff.com\/belogue\/wp-content\/uploads\/2015\/04\/201206111.jpg?resize=350%2C200&ssl=1 1x, https:\/\/i0.wp.com\/www.wallendorff.com\/belogue\/wp-content\/uploads\/2015\/04\/201206111.jpg?resize=525%2C300&ssl=1 1.5x, https:\/\/i0.wp.com\/www.wallendorff.com\/belogue\/wp-content\/uploads\/2015\/04\/201206111.jpg?resize=700%2C400&ssl=1 2x"},"classes":[]}],"_links":{"self":[{"href":"https:\/\/www.wallendorff.com\/belogue\/wp-json\/wp\/v2\/posts\/150","targetHints":{"allow":["GET"]}}],"collection":[{"href":"https:\/\/www.wallendorff.com\/belogue\/wp-json\/wp\/v2\/posts"}],"about":[{"href":"https:\/\/www.wallendorff.com\/belogue\/wp-json\/wp\/v2\/types\/post"}],"author":[{"embeddable":true,"href":"https:\/\/www.wallendorff.com\/belogue\/wp-json\/wp\/v2\/users\/1"}],"replies":[{"embeddable":true,"href":"https:\/\/www.wallendorff.com\/belogue\/wp-json\/wp\/v2\/comments?post=150"}],"version-history":[{"count":1,"href":"https:\/\/www.wallendorff.com\/belogue\/wp-json\/wp\/v2\/posts\/150\/revisions"}],"predecessor-version":[{"id":16587,"href":"https:\/\/www.wallendorff.com\/belogue\/wp-json\/wp\/v2\/posts\/150\/revisions\/16587"}],"wp:featuredmedia":[{"embeddable":true,"href":"https:\/\/www.wallendorff.com\/belogue\/wp-json\/wp\/v2\/media\/24085"}],"wp:attachment":[{"href":"https:\/\/www.wallendorff.com\/belogue\/wp-json\/wp\/v2\/media?parent=150"}],"wp:term":[{"taxonomy":"category","embeddable":true,"href":"https:\/\/www.wallendorff.com\/belogue\/wp-json\/wp\/v2\/categories?post=150"},{"taxonomy":"post_tag","embeddable":true,"href":"https:\/\/www.wallendorff.com\/belogue\/wp-json\/wp\/v2\/tags?post=150"}],"curies":[{"name":"wp","href":"https:\/\/api.w.org\/{rel}","templated":true}]}}