{"id":14968,"date":"2011-12-28T09:38:29","date_gmt":"2011-12-28T07:38:29","guid":{"rendered":"http:\/\/www.po-L.com\/belogue\/?p=14968"},"modified":"2012-01-30T12:45:56","modified_gmt":"2012-01-30T10:45:56","slug":"2011-en-3","status":"publish","type":"post","link":"https:\/\/www.wallendorff.com\/belogue\/2011\/12\/28\/2011-en-3\/","title":{"rendered":"2011 en&#8230; #3."},"content":{"rendered":"<div id=\"photo\">\n<p><img decoding=\"async\" src=\"https:\/\/www.wallendorff.com\/belogue\/photo\/2011\/12\/20111228.jpg\" \/><br \/>\n        The O<sub>2<\/sub> Arena, Londres, 14 d&eacute;cembre.<\/p>\n<\/p><\/div>\n<p style=\"text-align:center\"><img decoding=\"async\" src=\"https:\/\/www.wallendorff.com\/belogue\/photo\/2011\/12\/sponsors\/neuf-telecom.png\" align=\"absmiddle\" \/><\/p>\n<p style=\"text-align:center\"><strong>pr&eacute;sente<\/strong><\/p>\n<h1 class=\"titre\">2011 en 10 concerts YWPP<sup>1<\/sup>.<\/h1>\n<p>Je m&rsquo;y attendais avant m&ecirc;me d&rsquo;y &ecirc;tre, &agrave; vrai dire. Deux jours de concerts &#8213;&nbsp;tant que t&rsquo;es pas rentr&eacute; chez toi, c&rsquo;est pas termin&eacute;&nbsp;&#8213; plong&eacute; dans un enfer exotique, c&rsquo;est dur &agrave; battre. Beaucoup de similitudes, l&rsquo;essentiel mis &agrave; part, avec le <a href=\"https:\/\/www.wallendorff.com\/belogue\/2006\/12\/15\/muse-pop-bercy-paris\/\">Bercy de Muse<\/a> 5 ans auparavant, jour pour jour&nbsp;: un groupe que je commence &agrave; conna&icirc;tre par c&oelig;ur vu pour la troisi&egrave;me ou quatri&egrave;me fois de l&rsquo;ann&eacute;e dans l&rsquo;apoth&eacute;ose de la tourn&eacute;e. Apr&egrave;s &ccedil;a, les stades. En esp&eacute;rant qu&rsquo;ils ne finissent pas comme Muse. En attendant, il y aura possibilit&eacute; de revivre le truc le soir du r&eacute;veillon puisque Kasabian remet &ccedil;a &agrave; l&rsquo;O<sub>2<\/sub> le 31 et cette fois-ci <a href=\"http:\/\/www.youtube.com\/o2academytv\">ce sera en direct sur Tutubes<\/a>.<\/p>\n<p>Et le reste&nbsp;? Flogging Molly &eacute;gaux &agrave; eux-m&ecirc;me au Bataclan, Black Lips qui mettent le feu au 104 &agrave; coups d&rsquo;extincteurs, The Joy Formidable retournant le studio 106, Arcade Fire me revenant enfin &agrave; Arras, Le double saut et le g&acirc;teau d&rsquo;anniversaire des BellRays &agrave; Saint-Julien-en-Genevois, la kermesse from Barcelona du Caf&eacute; de la Danse, les coups de boutoir du Pack A.D. au Point &Eacute;ph&eacute;m&egrave;re, la Cigale hant&eacute;e des Black Angels et les 40 minutes de d&eacute;cibels hyst&eacute;riques de Sleigh Bells &agrave; la Maroquinerie. Il est beau, le reste.<\/p>\n<ol>\n<ol>\n<ol>\n<ol>\n<li><a href=\"https:\/\/www.wallendorff.com\/belogue\/2011\/12\/16\/kasabian-miles-kane-the-o2-arena-londres-14-decembre\/\"><strong>Kasabian + Miles    Kane @ The O<sub>2<\/sub> Arena, Londres, 14 d&eacute;cembre<\/strong><\/a><\/li>\n<li><a href=\"https:\/\/www.wallendorff.com\/belogue\/2011\/11\/28\/flogging-molly-le-bataclan-paris-26-novembre\/\">Flogging Molly @ le Bataclan, Paris, 26    novembre<\/a><\/li>\n<li><a href=\"https:\/\/www.wallendorff.com\/belogue\/2011\/05\/18\/black-lips-le-centquatre-paris\/\">Black Lips @ le Centquatre, Paris, 17 mai<\/a> [et <a href=\"https:\/\/www.wallendorff.com\/belogue\/2011\/05\/20\/black-lips-jack-of-heart-le-centquatre-paris-17-mai\/\">l&agrave;<\/a> aussi.]<\/li>\n<li><a href=\"https:\/\/www.wallendorff.com\/belogue\/2011\/03\/15\/the-joy-formidable-black-session-325-maison-de-la-radio-paris-10-mars\/\">The Joy Formidable @ Maison de la Radio (Black Session n<sup>o<\/sup> 325), Paris, 10 mars<\/a><\/li>\n<li><a href=\"https:\/\/www.wallendorff.com\/belogue\/2011\/07\/06\/main-square-festival-jour-2\/\">Arcade Fire @ Main Square Festival,    Arras, 2 juillet<\/a><\/li>\n<li><a href=\"https:\/\/www.wallendorff.com\/belogue\/2011\/08\/02\/guitare-en-scene-saint-julien-en-genevois-29-31-juillet\/\">The BellRays @ Guitare en Sc&egrave;ne,    Saint-Julien-en-Genevois, 31 juillet<\/a><\/li>\n<li><a href=\"https:\/\/www.wallendorff.com\/belogue\/2011\/03\/12\/im-from-barcelona-gribz-le-cafe-de-la-danse-paris\/\">I&rsquo;m from Barcelona @ le Caf&eacute; de    la Danse, Paris, 11 mars<\/a><\/li>\n<li><a href=\"https:\/\/www.wallendorff.com\/belogue\/2011\/11\/25\/the-pack-a-d-decibelles-le-point-ephemere-paris\/\">The Pack A.D. @ le Point &Eacute;ph&eacute;m&egrave;re, Paris,    24 novembre<\/a><\/li>\n<li>The Black Angels @ la    Cigale, Paris, 11 f&eacute;vrier<\/li>\n<li><a href=\"https:\/\/www.wallendorff.com\/belogue\/2011\/02\/09\/sleigh-bells-night-riders-la-maroquinerie-paris\/\">Sleigh Bells @ la    Maroquinerie, Paris, 8 f&eacute;vrier<\/a><\/li>\n<\/ol>\n<\/ol>\n<\/ol>\n<\/ol>\n<h2>Hors concours<\/h2>\n<ul>\n<ul>\n<ul>\n<ul>\n<li><a href=\"https:\/\/www.wallendorff.com\/belogue\/2011\/07\/07\/main-square-festival-2011-jour-3\/\">La fois o&ugrave; j&rsquo;ai nag&eacute; dans une mar&eacute;e de ballons et de confettis, perdu deux heures &agrave; envoyer plein de photos pour rien, perdu mon chemin dans la campagne arrageoise et <strike>vu<\/strike> entendu exploser un lapin dans la m&ecirc;me nuit<\/a>, 3 juillet.<\/li>\n<li><a href=\"https:\/\/www.wallendorff.com\/belogue\/2011\/06\/29\/iron-maiden-rise-to-remain-palais-omnisports-de-paris-bercy\/\">La fois o&ugrave; j&rsquo;ai chout&eacute; Iron Maiden<\/a>, 28 juin.<\/li>\n<li><a href=\"https:\/\/www.wallendorff.com\/belogue\/2011\/08\/31\/the-wombats-le-cabaret-vert-charleville-mezieres-26-aout\/\">La fois o&ugrave; il m&rsquo;a fallu 45 minutes pour entrer dans un festival dans lequel j&rsquo;&eacute;tais cens&eacute; rester un quart d&rsquo;heure<\/a>, 28 ao&ucirc;t.<\/li>\n<\/ul>\n<\/ul>\n<p>        <\/Ul><br \/>\n      <\/Ul><\/p>\n<div id=\"bandeson\">\n<p>Et en guise de bande-son, <a href=\"http:\/\/www.youtube.com\/watch?v=4h09rfdgjEA\">un souvenir de Londres<\/a>.<\/p>\n<\/div>\n<p style=\"text-align:center\"> <img decoding=\"async\" src=\"https:\/\/www.wallendorff.com\/belogue\/photo\/2005\/12\/archives.gif\"><\/p>\n<p style=\"text-align:center\"><strong>avec<\/strong><\/p>\n<p style=\"text-align:center\"><img decoding=\"async\" src=\"https:\/\/www.wallendorff.com\/belogue\/photo\/2011\/12\/sponsors\/gba.png\" align=\"absmiddle\" \/><\/p>\n<h1>2010 en 10 concerts de poney.<\/h1>\n<ol>\n<ol>\n<ol>\n<ol>\n<li><a href=\"https:\/\/www.wallendorff.com\/belogue\/2010\/07\/04\/et-pendant-ce-temps-a-arras\/\"><strong>Pearl Jam, Main Square Festival, Arras, 3 juillet<\/strong><\/a><\/li>\n<li><a href=\"https:\/\/www.wallendorff.com\/belogue\/2010\/12\/02\/black-rebel-motorcycle-club-lelysee-montmartre-paris\/\"> Black Rebel Motorcycle Club, l&rsquo;\u00c9lys\u00e9e-Montmartre, Paris, 1<sup>er<\/sup> d\u00e9cembre<\/a><\/li>\n<li><a href=\"https:\/\/www.wallendorff.com\/belogue\/2010\/11\/10\/the-black-keys-the-walkmen-le-bataclan-paris\/\">The Black Keys, le Bataclan, Paris, 9 novembre<\/a><\/li>\n<li><a href=\"https:\/\/www.wallendorff.com\/belogue\/2010\/07\/01\/the-dead-weather-le-bataclan-paris\/\">The Dead Weather, le Bataclan, 30 juin<\/a><\/li>\n<li><a href=\"https:\/\/www.wallendorff.com\/belogue\/2010\/10\/27\/grinderman-cite-de-la-musique-paris\/\">Grinderman,  Cit\u00e9 de la Musique, Paris, 26 octobre<\/a><\/li>\n<li><a href=\"https:\/\/www.wallendorff.com\/belogue\/2010\/06\/24\/ash-alberta-cross-james-yuill-la-maroquinerie-paris\/\">Ash, la Maroquinerie, Paris, 23 juin<\/a><\/li>\n<li><a href=\"https:\/\/www.wallendorff.com\/belogue\/2010\/09\/18\/interpol-le-trabendo-paris\/\">Interpol, le Trabendo, Paris, 17 septembre<\/a><\/li>\n<li><a href=\"https:\/\/www.wallendorff.com\/belogue\/2010\/07\/07\/main-square-festival-arras-2-4-juillet-2\/\">Florence and the Machine, Main Square Festival, Arras, 4 juillet<\/a><\/li>\n<li><a href=\"https:\/\/www.wallendorff.com\/belogue\/2010\/04\/17\/the-black-box-revelation-general-fiasco-le-point-ephemere-paris-14-avril\/\">The Black Box Revelation, le Point \u00c9ph\u00e9m\u00e8re, Paris, 14 avril<\/a><\/li>\n<li><a href=\"https:\/\/www.wallendorff.com\/belogue\/2010\/01\/23\/band-of-skulls-the-parlotones-la-fleche-dor-paris-21-janvier\/\">Band of Skulls, la Fl\u00e8che d&rsquo;Or, Paris, 21 janvier<\/a><\/li>\n<\/ol>\n<\/ol>\n<\/ol>\n<\/ol>\n<h1>2001 en trois soirs et pas un de plus.<\/h1>\n<ol>\n<ol>\n<ol>\n<ol>\n<li><strong>My Vitriol, 6 juillet<\/strong> [&eacute;voqu&eacute; <a href=\"https:\/\/www.wallendorff.com\/belogue\/2009\/02\/26\/my-vitriol-le-point-ephemere-paris\/\">l&agrave;<\/a>]<\/li>\n<li>Soul Asylum @ Double Door, Chicago, 15 d&eacute;cembre<\/li>\n<li>Suzanne Vega @ Michigan Theater, Ann Arbor, 29 novembre<\/li>\n<\/ol>\n<\/ol>\n<\/ol>\n<\/ol>\n<div id=\"bas_note\">\n<p>_____<\/p>\n<p>1. Yeah Woohoo Poney Poney.<\/p>\n<\/div>\n","protected":false},"excerpt":{"rendered":"<p>The O2 Arena, Londres, 14 d&eacute;cembre. pr&eacute;sente 2011 en 10 concerts YWPP1. Je m&rsquo;y attendais avant m&ecirc;me d&rsquo;y &ecirc;tre, &agrave; vrai dire. Deux jours de concerts &#8213;&nbsp;tant que t&rsquo;es pas rentr&eacute; chez toi, c&rsquo;est pas termin&eacute;&nbsp;&#8213; plong&eacute; dans un enfer exotique, c&rsquo;est dur &agrave; battre. Beaucoup de similitudes, l&rsquo;essentiel mis &agrave; part, avec le Bercy&hellip;<\/p>\n","protected":false},"author":1,"featured_media":26287,"comment_status":"open","ping_status":"open","sticky":false,"template":"","format":"standard","meta":{"_acf_changed":false,"ngg_post_thumbnail":0,"jetpack_post_was_ever_published":false,"_jetpack_newsletter_access":"","_jetpack_dont_email_post_to_subs":false,"_jetpack_newsletter_tier_id":0,"_jetpack_memberships_contains_paywalled_content":false,"_jetpack_memberships_contains_paid_content":false,"footnotes":"","jetpack_publicize_message":"","jetpack_publicize_feature_enabled":true,"jetpack_social_post_already_shared":false,"jetpack_social_options":{"image_generator_settings":{"template":"highway","default_image_id":0,"font":"","enabled":false},"version":2}},"categories":[3],"tags":[10263,10889,167,168,10112,5528,10431,10241,10836,10391,10349,10724,10943],"class_list":["post-14968","post","type-post","status-publish","format-standard","has-post-thumbnail","hentry","category-dpc","tag-arcade-fire","tag-black-lips","tag-classements-de-fin-dannee","tag-concerts","tag-flogging-molly","tag-greenwich","tag-im-from-barcelona","tag-kasabian","tag-sleigh-bells","tag-the-bellrays","tag-the-black-angels","tag-the-joy-formidable","tag-the-pack-a-d"],"acf":[],"geo":{"latitude":51.5028305,"longitude":0.003562,"description":"Peninsula Ward, England, SE10 0BB, GB"},"jetpack_publicize_connections":[],"jetpack_featured_media_url":"https:\/\/www.wallendorff.com\/belogue\/wp-content\/uploads\/2015\/04\/201112281.jpg","jetpack_shortlink":"https:\/\/wp.me\/p3b35P-3Tq","jetpack_sharing_enabled":true,"jetpack-related-posts":[{"id":330,"url":"https:\/\/www.wallendorff.com\/belogue\/2005\/06\/30\/un-dieu-croit-mikado-n-a-d-l-emoi\/","url_meta":{"origin":14968,"position":0},"title":"Un, dieu, croit [mikado n&rsquo;a d&rsquo;l&rsquo;&eacute;moi].","author":"dpc","date":"30 juin 2005","format":false,"excerpt":"\u00c9glise St-\u00c9tienne1, St-\u00c9tienne2, 25 juin. Pure FM\u00a0sera\u00a0\u00e0 Werchter3 \u00e0 partir d'aujourd'hui et pour les 4 jours du festival. Au programme, concerts en direct, interviouves et surtout, surtout, beaucoup de rigolade joviale4. \u00a0Un truc inratable que je vais rater parce que dans ma bo\u00eete, on a pas de lecteur vindoz multim\u00e9dia\u2026","rel":"","context":"Dans &quot;DPC&quot;","block_context":{"text":"DPC","link":"https:\/\/www.wallendorff.com\/belogue\/category\/dpc\/"},"img":{"alt_text":"","src":"https:\/\/i0.wp.com\/www.wallendorff.com\/belogue\/wp-content\/uploads\/2015\/04\/200506301.jpg?resize=350%2C200&ssl=1","width":350,"height":200},"classes":[]},{"id":36828,"url":"https:\/\/www.wallendorff.com\/belogue\/2017\/12\/28\/2017-en-1\/","url_meta":{"origin":14968,"position":1},"title":"2017 en&#8230; #1.","author":"dpc","date":"28 d\u00e9cembre 2017","format":false,"excerpt":"2017 en 10 concerts. Le set d'Arcade Fire aux Eurock\u00e9ennes fut inoubliable\u00a0: temps id\u00e9al, public dingue et final \u00e9tir\u00e9 \u00e0 un point tel que le feu d'artifice qui cl\u00f4t traditionnellement le festival d\u00fbt d\u00e9marrer avant la fin de Wake Up. L'image de Win Butler qui continue son morceau sans se\u2026","rel":"","context":"Dans &quot;DPC&quot;","block_context":{"text":"DPC","link":"https:\/\/www.wallendorff.com\/belogue\/category\/dpc\/"},"img":{"alt_text":"","src":"https:\/\/i0.wp.com\/www.wallendorff.com\/belogue\/wp-content\/uploads\/2017\/11\/20171130-33.jpg?resize=350%2C200&ssl=1","width":350,"height":200,"srcset":"https:\/\/i0.wp.com\/www.wallendorff.com\/belogue\/wp-content\/uploads\/2017\/11\/20171130-33.jpg?resize=350%2C200&ssl=1 1x, https:\/\/i0.wp.com\/www.wallendorff.com\/belogue\/wp-content\/uploads\/2017\/11\/20171130-33.jpg?resize=525%2C300&ssl=1 1.5x, https:\/\/i0.wp.com\/www.wallendorff.com\/belogue\/wp-content\/uploads\/2017\/11\/20171130-33.jpg?resize=700%2C400&ssl=1 2x"},"classes":[]},{"id":990,"url":"https:\/\/www.wallendorff.com\/belogue\/2007\/07\/10\/space-mot-keys-10\/","url_meta":{"origin":14968,"position":2},"title":"Space mot-keys #10.","author":"dpc","date":"10 juillet 2007","format":false,"excerpt":"ize proude tou pr\u00e9sente 3 concerts \u00a060 \u00a055 \u00a030 Victoire au sprint du Parc Lincoln face \u00e0 une famille White pourtant bien pl\u00e9biscit\u00e9e. \u00c0 noter le toujours bon score de la secte du chauve albinos un mois apr\u00e8s leur concert. Accessit et ses variantes (concerts, DVD et surtout , \u2015\u00a0je\u2026","rel":"","context":"Dans &quot;Space mots-keys&quot;","block_context":{"text":"Space mots-keys","link":"https:\/\/www.wallendorff.com\/belogue\/category\/space-mots-keys\/"},"img":{"alt_text":"","src":"","width":0,"height":0},"classes":[]},{"id":29876,"url":"https:\/\/www.wallendorff.com\/belogue\/2015\/12\/28\/2015-en-10-concerts-qui-envoyrent\/","url_meta":{"origin":14968,"position":3},"title":"2015 en 10 concerts qui envoy&egrave;rent.","author":"dpc","date":"28 d\u00e9cembre 2015","format":false,"excerpt":"\u00c9videmment, le meilleur concert de mon ann\u00e9e 2015 ne sera pas celui dont je me souviendrai le plus. Exactement comme en 2009. Ce n'est toutefois pas une raison pour ne pas faire comme si. Cette soir\u00e9e au Z\u00e9nith fut incroyable. Il y eut la prestation impeccable du groupe, bien s\u00fbr,\u2026","rel":"","context":"Dans &quot;DPC&quot;","block_context":{"text":"DPC","link":"https:\/\/www.wallendorff.com\/belogue\/category\/dpc\/"},"img":{"alt_text":"","src":"https:\/\/i0.wp.com\/www.wallendorff.com\/belogue\/wp-content\/uploads\/2015\/12\/20151228.jpg?resize=350%2C200&ssl=1","width":350,"height":200,"srcset":"https:\/\/i0.wp.com\/www.wallendorff.com\/belogue\/wp-content\/uploads\/2015\/12\/20151228.jpg?resize=350%2C200&ssl=1 1x, https:\/\/i0.wp.com\/www.wallendorff.com\/belogue\/wp-content\/uploads\/2015\/12\/20151228.jpg?resize=525%2C300&ssl=1 1.5x, https:\/\/i0.wp.com\/www.wallendorff.com\/belogue\/wp-content\/uploads\/2015\/12\/20151228.jpg?resize=700%2C400&ssl=1 2x"},"classes":[]},{"id":1101,"url":"https:\/\/www.wallendorff.com\/belogue\/2007\/12\/06\/space-mots-keys-15\/","url_meta":{"origin":14968,"position":4},"title":"Space mots-keys #15.","author":"dpc","date":"6 d\u00e9cembre 2007","format":false,"excerpt":"ize proude tou pr\u00e9sente 3 concerts \u00a038 \u00a0\u00a038 \u00a0\u00a014 Pour ceux qui se demande pourquoi cette d\u00e9ferlante de vieux m\u00e9tal, Maiden repasse \u00e0 Bercy en juillet. Nos amis les champignons Y'avait longtemps. \u00c7a s'est calm\u00e9 par rapport au groupe de Sonic le h\u00e9risson [le v\u00e8be c'est comme dans Hairy Potter,\u2026","rel":"","context":"Dans &quot;Space mots-keys&quot;","block_context":{"text":"Space mots-keys","link":"https:\/\/www.wallendorff.com\/belogue\/category\/space-mots-keys\/"},"img":{"alt_text":"","src":"","width":0,"height":0},"classes":[]},{"id":173,"url":"https:\/\/www.wallendorff.com\/belogue\/2006\/06\/14\/gris-age\/","url_meta":{"origin":14968,"position":5},"title":"Gris &acirc;ge.","author":"dpc","date":"14 juin 2006","format":false,"excerpt":"Pyramide du Louvre, 5 juin. Je suis toujours vivant. j'ai post\u00e9 des trucs mais pas ici, je me suis envoy\u00e9 6 concerts de Radiohead sans bouger de l\u00e0, j'ai trouv\u00e9 des bouts de nouveau Muse pas trop loin, j'ai pris des photos d'une escouade de jambons dont le chef \u00e9tait\u2026","rel":"","context":"Dans &quot;DPC&quot;","block_context":{"text":"DPC","link":"https:\/\/www.wallendorff.com\/belogue\/category\/dpc\/"},"img":{"alt_text":"","src":"https:\/\/i0.wp.com\/www.wallendorff.com\/belogue\/wp-content\/uploads\/2015\/04\/200606141.jpg?resize=350%2C200&ssl=1","width":350,"height":200},"classes":[]}],"_links":{"self":[{"href":"https:\/\/www.wallendorff.com\/belogue\/wp-json\/wp\/v2\/posts\/14968","targetHints":{"allow":["GET"]}}],"collection":[{"href":"https:\/\/www.wallendorff.com\/belogue\/wp-json\/wp\/v2\/posts"}],"about":[{"href":"https:\/\/www.wallendorff.com\/belogue\/wp-json\/wp\/v2\/types\/post"}],"author":[{"embeddable":true,"href":"https:\/\/www.wallendorff.com\/belogue\/wp-json\/wp\/v2\/users\/1"}],"replies":[{"embeddable":true,"href":"https:\/\/www.wallendorff.com\/belogue\/wp-json\/wp\/v2\/comments?post=14968"}],"version-history":[{"count":14,"href":"https:\/\/www.wallendorff.com\/belogue\/wp-json\/wp\/v2\/posts\/14968\/revisions"}],"predecessor-version":[{"id":15610,"href":"https:\/\/www.wallendorff.com\/belogue\/wp-json\/wp\/v2\/posts\/14968\/revisions\/15610"}],"wp:featuredmedia":[{"embeddable":true,"href":"https:\/\/www.wallendorff.com\/belogue\/wp-json\/wp\/v2\/media\/26287"}],"wp:attachment":[{"href":"https:\/\/www.wallendorff.com\/belogue\/wp-json\/wp\/v2\/media?parent=14968"}],"wp:term":[{"taxonomy":"category","embeddable":true,"href":"https:\/\/www.wallendorff.com\/belogue\/wp-json\/wp\/v2\/categories?post=14968"},{"taxonomy":"post_tag","embeddable":true,"href":"https:\/\/www.wallendorff.com\/belogue\/wp-json\/wp\/v2\/tags?post=14968"}],"curies":[{"name":"wp","href":"https:\/\/api.w.org\/{rel}","templated":true}]}}