{"id":14848,"date":"2011-12-20T12:15:01","date_gmt":"2011-12-20T10:15:01","guid":{"rendered":"http:\/\/www.po-L.com\/belogue\/?p=14848"},"modified":"2011-12-20T12:15:01","modified_gmt":"2011-12-20T10:15:01","slug":"flyg","status":"publish","type":"post","link":"https:\/\/www.wallendorff.com\/belogue\/2011\/12\/20\/flyg\/","title":{"rendered":"Flyg."},"content":{"rendered":"<div id=\"photo\">\n<p><img decoding=\"async\" src=\"https:\/\/www.wallendorff.com\/belogue\/photo\/2011\/12\/20111220.jpg\"><br \/>\nLa D&eacute;fense, 22 octobre.<\/p>\n<\/div>\n<div id=\"bandeson\">\n<p><img decoding=\"async\" src=\"https:\/\/www.wallendorff.com\/belogue\/photo\/pochettes\/p\/pearl_jam-yield.jpg\" align=\"left\"><a href=\"http:\/\/www.tenclub.net\/\">Pearl Jam<\/a> &ndash; <em>Given to Fly<\/em><br \/>\n[youtube]http:\/\/www.youtube.com\/watch?v=9ZKcmBJTVKI[\/youtube]<\/p>\n<\/div>\n","protected":false},"excerpt":{"rendered":"<p>La D&eacute;fense, 22 octobre. Pearl Jam &ndash; Given to Fly [youtube]http:\/\/www.youtube.com\/watch?v=9ZKcmBJTVKI[\/youtube]<\/p>\n","protected":false},"author":1,"featured_media":26182,"comment_status":"open","ping_status":"open","sticky":false,"template":"","format":"standard","meta":{"_acf_changed":false,"ngg_post_thumbnail":0,"jetpack_post_was_ever_published":false,"_jetpack_newsletter_access":"","_jetpack_dont_email_post_to_subs":false,"_jetpack_newsletter_tier_id":0,"_jetpack_memberships_contains_paywalled_content":false,"_jetpack_memberships_contains_paid_content":false,"footnotes":"","jetpack_publicize_message":"","jetpack_publicize_feature_enabled":true,"jetpack_social_post_already_shared":false,"jetpack_social_options":{"image_generator_settings":{"template":"highway","default_image_id":0,"font":"","enabled":false},"version":2}},"categories":[3],"tags":[5430,2571,2615,10144,10500,5428,10120,5429,10538,10353,10121,10646,2745,10165,10407,10227],"class_list":["post-14848","post","type-post","status-publish","format-standard","has-post-thumbnail","hentry","category-dpc","tag-allee-de-larche","tag-ef-16-35-mm-f28l-ii-usm","tag-eos-5d-mark-ii","tag-ciel","tag-contre-plongee","tag-courbevoie","tag-france","tag-given-to-fly","tag-gratte-ciel","tag-hauts-de-seine","tag-ile-de-france","tag-immeuble","tag-la-defense","tag-pearl-jam","tag-silhouette","tag-statue"],"acf":[],"geo":{"latitude":48.8958092,"longitude":2.2363307,"description":"La D\u00e9fense, \u00cele-de-France, 92931, FR"},"jetpack_publicize_connections":[],"jetpack_featured_media_url":"https:\/\/www.wallendorff.com\/belogue\/wp-content\/uploads\/2015\/04\/201112201.jpg","jetpack_shortlink":"https:\/\/wp.me\/s3b35P-flyg","jetpack_sharing_enabled":true,"jetpack-related-posts":[{"id":18051,"url":"https:\/\/www.wallendorff.com\/belogue\/2012\/07\/04\/main-square-festival-jour-2-2\/","url_meta":{"origin":14848,"position":0},"title":"Main Square Festival 2012, jour 2.","author":"dpc","date":"4 juillet 2012","format":false,"excerpt":"D\u00e9couvrir qu'on est valid\u00e9 pour Pearl Jam. Rater \u00e0 deux reprises le saut du chanteur de Skip the Use. Aller s'assurer qu'on est bien valid\u00e9 pour Pearl Jam. Se faire saucer. Chiper un poncho Virgin Radio. Rater Within Temptation. Aller voir si on est toujours valid\u00e9 pour Pearl Jam. Se\u2026","rel":"","context":"Dans &quot;Alive&quot;","block_context":{"text":"Alive","link":"https:\/\/www.wallendorff.com\/belogue\/category\/alive\/"},"img":{"alt_text":"","src":"https:\/\/i0.wp.com\/www.wallendorff.com\/belogue\/wp-content\/uploads\/2015\/04\/201207041.jpg?resize=350%2C200&ssl=1","width":350,"height":200,"srcset":"https:\/\/i0.wp.com\/www.wallendorff.com\/belogue\/wp-content\/uploads\/2015\/04\/201207041.jpg?resize=350%2C200&ssl=1 1x, https:\/\/i0.wp.com\/www.wallendorff.com\/belogue\/wp-content\/uploads\/2015\/04\/201207041.jpg?resize=525%2C300&ssl=1 1.5x, https:\/\/i0.wp.com\/www.wallendorff.com\/belogue\/wp-content\/uploads\/2015\/04\/201207041.jpg?resize=700%2C400&ssl=1 2x"},"classes":[]},{"id":19314,"url":"https:\/\/www.wallendorff.com\/belogue\/2012\/10\/17\/train-te-scie-champ-delle\/","url_meta":{"origin":14848,"position":1},"title":"Train te scie champ d&rsquo;elle.","author":"dpc","date":"17 octobre 2012","format":false,"excerpt":"P\u00ebrlin\u00eb, 1er ao\u00fbt. \u00a0Eddie Vedder \u2013 Hard Sun (Indio cover)","rel":"","context":"Dans &quot;DPC&quot;","block_context":{"text":"DPC","link":"https:\/\/www.wallendorff.com\/belogue\/category\/dpc\/"},"img":{"alt_text":"","src":"https:\/\/i0.wp.com\/www.wallendorff.com\/belogue\/wp-content\/uploads\/2015\/04\/201210171.jpg?resize=350%2C200&ssl=1","width":350,"height":200,"srcset":"https:\/\/i0.wp.com\/www.wallendorff.com\/belogue\/wp-content\/uploads\/2015\/04\/201210171.jpg?resize=350%2C200&ssl=1 1x, https:\/\/i0.wp.com\/www.wallendorff.com\/belogue\/wp-content\/uploads\/2015\/04\/201210171.jpg?resize=525%2C300&ssl=1 1.5x, https:\/\/i0.wp.com\/www.wallendorff.com\/belogue\/wp-content\/uploads\/2015\/04\/201210171.jpg?resize=700%2C400&ssl=1 2x"},"classes":[]},{"id":378,"url":"https:\/\/www.wallendorff.com\/belogue\/2005\/01\/15\/arbore-les-sens\/","url_meta":{"origin":14848,"position":2},"title":"Arbore les sens.","author":"dpc","date":"15 janvier 2005","format":false,"excerpt":"Lac Sainte-Claire, 8 janvier. \u201cWill I walk the long road? I cannot stay There's no need to say goodbye Oh, the friends and family... All the memories going round Round, round round... I have wished for so long... How I wished for you today And the wind keeps rollin' And\u2026","rel":"","context":"Dans &quot;DPC&quot;","block_context":{"text":"DPC","link":"https:\/\/www.wallendorff.com\/belogue\/category\/dpc\/"},"img":{"alt_text":"","src":"https:\/\/i0.wp.com\/www.wallendorff.com\/belogue\/wp-content\/uploads\/2015\/04\/20040115-arbre1.jpg?resize=350%2C200&ssl=1","width":350,"height":200,"srcset":"https:\/\/i0.wp.com\/www.wallendorff.com\/belogue\/wp-content\/uploads\/2015\/04\/20040115-arbre1.jpg?resize=350%2C200&ssl=1 1x, https:\/\/i0.wp.com\/www.wallendorff.com\/belogue\/wp-content\/uploads\/2015\/04\/20040115-arbre1.jpg?resize=525%2C300&ssl=1 1.5x, https:\/\/i0.wp.com\/www.wallendorff.com\/belogue\/wp-content\/uploads\/2015\/04\/20040115-arbre1.jpg?resize=700%2C400&ssl=1 2x"},"classes":[]},{"id":858,"url":"https:\/\/www.wallendorff.com\/belogue\/2006\/12\/24\/prechi-percha\/","url_meta":{"origin":14848,"position":3},"title":"Pr\u00e9chi-percha.","author":"dpc","date":"24 d\u00e9cembre 2006","format":false,"excerpt":"\u00cele de la Cit\u00e9, Paris, 23 d\u00e9cembre. \u00c0 la base j'aurais plut\u00f4t voulu mettre celle-ci, mais faut avouer que derri\u00e8re, personne n'aurait cal\u00e9 le jeu de mots du titre. Sinon \u00e0 part \u00e7a, rien. Bon r\u00e9veillon tout le monde, hein. \u00a0Pearl Jam \u2013 Immortality (live Benaroya Hall, Seattle, Oct. 22nd,\u2026","rel":"","context":"Dans &quot;DPC&quot;","block_context":{"text":"DPC","link":"https:\/\/www.wallendorff.com\/belogue\/category\/dpc\/"},"img":{"alt_text":"","src":"https:\/\/i0.wp.com\/www.wallendorff.com\/belogue\/wp-content\/uploads\/2015\/04\/200612241.jpg?resize=350%2C200&ssl=1","width":350,"height":200},"classes":[]},{"id":3811,"url":"https:\/\/www.wallendorff.com\/belogue\/2009\/01\/20\/deuxmilledeux-2008\/","url_meta":{"origin":14848,"position":4},"title":"2002-2008.","author":"dpc","date":"20 janvier 2009","format":false,"excerpt":"At least you never betrayed me. \u00a0Pearl Jam \u2013 Rearviewmirror","rel":"","context":"Dans &quot;DPC&quot;","block_context":{"text":"DPC","link":"https:\/\/www.wallendorff.com\/belogue\/category\/dpc\/"},"img":{"alt_text":"","src":"https:\/\/i0.wp.com\/www.wallendorff.com\/belogue\/wp-content\/uploads\/2015\/04\/20090120-011.jpg?resize=350%2C200&ssl=1","width":350,"height":200,"srcset":"https:\/\/i0.wp.com\/www.wallendorff.com\/belogue\/wp-content\/uploads\/2015\/04\/20090120-011.jpg?resize=350%2C200&ssl=1 1x, https:\/\/i0.wp.com\/www.wallendorff.com\/belogue\/wp-content\/uploads\/2015\/04\/20090120-011.jpg?resize=525%2C300&ssl=1 1.5x, https:\/\/i0.wp.com\/www.wallendorff.com\/belogue\/wp-content\/uploads\/2015\/04\/20090120-011.jpg?resize=700%2C400&ssl=1 2x"},"classes":[]},{"id":12926,"url":"https:\/\/www.wallendorff.com\/belogue\/2011\/06\/23\/du-pont-la-jvois\/","url_meta":{"origin":14848,"position":5},"title":"Du pont l\u00e0 j&rsquo;vois.","author":"dpc","date":"23 juin 2011","format":false,"excerpt":"Pont des Arts, Paris, 21 mai. \u00a0Pearl Jam \u2013 Driftin'","rel":"","context":"Dans &quot;DPC&quot;","block_context":{"text":"DPC","link":"https:\/\/www.wallendorff.com\/belogue\/category\/dpc\/"},"img":{"alt_text":"","src":"https:\/\/i0.wp.com\/www.wallendorff.com\/belogue\/wp-content\/uploads\/2015\/04\/201106231.jpg?resize=350%2C200&ssl=1","width":350,"height":200},"classes":[]}],"_links":{"self":[{"href":"https:\/\/www.wallendorff.com\/belogue\/wp-json\/wp\/v2\/posts\/14848","targetHints":{"allow":["GET"]}}],"collection":[{"href":"https:\/\/www.wallendorff.com\/belogue\/wp-json\/wp\/v2\/posts"}],"about":[{"href":"https:\/\/www.wallendorff.com\/belogue\/wp-json\/wp\/v2\/types\/post"}],"author":[{"embeddable":true,"href":"https:\/\/www.wallendorff.com\/belogue\/wp-json\/wp\/v2\/users\/1"}],"replies":[{"embeddable":true,"href":"https:\/\/www.wallendorff.com\/belogue\/wp-json\/wp\/v2\/comments?post=14848"}],"version-history":[{"count":5,"href":"https:\/\/www.wallendorff.com\/belogue\/wp-json\/wp\/v2\/posts\/14848\/revisions"}],"predecessor-version":[{"id":14853,"href":"https:\/\/www.wallendorff.com\/belogue\/wp-json\/wp\/v2\/posts\/14848\/revisions\/14853"}],"wp:featuredmedia":[{"embeddable":true,"href":"https:\/\/www.wallendorff.com\/belogue\/wp-json\/wp\/v2\/media\/26182"}],"wp:attachment":[{"href":"https:\/\/www.wallendorff.com\/belogue\/wp-json\/wp\/v2\/media?parent=14848"}],"wp:term":[{"taxonomy":"category","embeddable":true,"href":"https:\/\/www.wallendorff.com\/belogue\/wp-json\/wp\/v2\/categories?post=14848"},{"taxonomy":"post_tag","embeddable":true,"href":"https:\/\/www.wallendorff.com\/belogue\/wp-json\/wp\/v2\/tags?post=14848"}],"curies":[{"name":"wp","href":"https:\/\/api.w.org\/{rel}","templated":true}]}}