{"id":14786,"date":"2011-12-15T09:44:49","date_gmt":"2011-12-15T07:44:49","guid":{"rendered":"http:\/\/www.po-L.com\/belogue\/?p=14786"},"modified":"2011-12-16T00:53:10","modified_gmt":"2011-12-15T22:53:10","slug":"hume-pouille-dans-le-cottage","status":"publish","type":"post","link":"https:\/\/www.wallendorff.com\/belogue\/2011\/12\/15\/hume-pouille-dans-le-cottage\/","title":{"rendered":"Hume, pouille dans le cottage."},"content":{"rendered":"<div id=\"photo\">\n<p><img decoding=\"async\" src=\"https:\/\/www.wallendorff.com\/belogue\/photo\/2011\/12\/20111215.jpg\"><br \/>\nRue Biot, Paris, 12 octobre.<\/p>\n<\/div>\n<div id=\"bandeson\">\n<p><img decoding=\"async\" src=\"https:\/\/www.wallendorff.com\/belogue\/photo\/pochettes\/t\/tv_on_the_radio-nine_types_of_light.jpg\" align=\"left\"><a href=\"http:\/\/www.tvontheradio.com\/\">TV on the Radio<\/a> &ndash; <em>Will Do<\/em><br \/>\n[youtube]http:\/\/www.youtube.com\/watch?v=dXLpXu9T7j0[\/youtube]<\/p>\n<\/div>\n","protected":false},"excerpt":{"rendered":"<p>Rue Biot, Paris, 12 octobre. TV on the Radio &ndash; Will Do [youtube]http:\/\/www.youtube.com\/watch?v=dXLpXu9T7j0[\/youtube]<\/p>\n","protected":false},"author":1,"featured_media":26175,"comment_status":"open","ping_status":"open","sticky":false,"template":"","format":"standard","meta":{"_acf_changed":false,"ngg_post_thumbnail":0,"jetpack_post_was_ever_published":false,"_jetpack_newsletter_access":"","_jetpack_dont_email_post_to_subs":false,"_jetpack_newsletter_tier_id":0,"_jetpack_memberships_contains_paywalled_content":false,"_jetpack_memberships_contains_paid_content":false,"footnotes":"","jetpack_publicize_message":"","jetpack_publicize_feature_enabled":true,"jetpack_social_post_already_shared":false,"jetpack_social_options":{"image_generator_settings":{"template":"highway","default_image_id":0,"font":"","enabled":false},"version":2}},"categories":[3],"tags":[10414,2571,2615,10120,10121,10619,10278,5419,143,10147,10504,10098,4396,10415,3810,10124,5418],"class_list":["post-14786","post","type-post","status-publish","format-standard","has-post-thumbnail","hentry","category-dpc","tag-10414","tag-ef-16-35-mm-f28l-ii-usm","tag-eos-5d-mark-ii","tag-france","tag-ile-de-france","tag-jardin","tag-lampadaire","tag-nine-types-of-light","tag-noir-et-blanc","tag-nuit","tag-parc","tag-paris","tag-pelouse","tag-rue-biot","tag-square","tag-tv-on-the-radio","tag-will-do"],"acf":[],"geo":{"latitude":48.8850632,"longitude":2.3255014,"description":"27 Rue Biot, 75017 Paris, France"},"jetpack_publicize_connections":[],"jetpack_featured_media_url":"https:\/\/www.wallendorff.com\/belogue\/wp-content\/uploads\/2015\/04\/201112151.jpg","jetpack_shortlink":"https:\/\/wp.me\/p3b35P-3Qu","jetpack_sharing_enabled":true,"jetpack-related-posts":[{"id":815,"url":"https:\/\/www.wallendorff.com\/belogue\/2006\/10\/27\/clefs-de-l-hagard\/","url_meta":{"origin":14786,"position":0},"title":"Clefs de l&rsquo;hagard.","author":"dpc","date":"27 octobre 2006","format":false,"excerpt":"Rue Lemercier, Paris, 22 octobre. T'as pass\u00e9 une soir\u00e9e reposante et productive, t'as tri\u00e9 300 photos en retard, tu t'es lev\u00e9 d\u00e9tendu, tu trempes tes tartines dans une visite fructueuse qui t'apporte bien-\u00eatre et regain de joie au son d'un Peter Bj\u00f6rn And John qui t'en ferait presque voir Paris\u2026","rel":"","context":"Dans &quot;DPC&quot;","block_context":{"text":"DPC","link":"https:\/\/www.wallendorff.com\/belogue\/category\/dpc\/"},"img":{"alt_text":"","src":"https:\/\/i0.wp.com\/www.wallendorff.com\/belogue\/wp-content\/uploads\/2015\/04\/200610271.jpg?resize=350%2C200&ssl=1","width":350,"height":200},"classes":[]},{"id":47782,"url":"https:\/\/www.wallendorff.com\/belogue\/2021\/02\/02\/portrait-152\/","url_meta":{"origin":14786,"position":1},"title":"Portrait #152.","author":"dpc","date":"2 f\u00e9vrier 2021","format":false,"excerpt":"Th\u00e9\u00e2tre de l'Europ\u00e9en, Paris, 28 janvier 2021. On s'occupe comme on peut en attendant que \u00e7a rouvre. Merci Thomas pour ta patience pendant les prises de vues.","rel":"","context":"Dans &quot;Portraits&quot;","block_context":{"text":"Portraits","link":"https:\/\/www.wallendorff.com\/belogue\/category\/portraits\/"},"img":{"alt_text":"","src":"https:\/\/i0.wp.com\/www.wallendorff.com\/belogue\/wp-content\/uploads\/2021\/02\/20210202.jpg?resize=350%2C200&ssl=1","width":350,"height":200,"srcset":"https:\/\/i0.wp.com\/www.wallendorff.com\/belogue\/wp-content\/uploads\/2021\/02\/20210202.jpg?resize=350%2C200&ssl=1 1x, https:\/\/i0.wp.com\/www.wallendorff.com\/belogue\/wp-content\/uploads\/2021\/02\/20210202.jpg?resize=525%2C300&ssl=1 1.5x, https:\/\/i0.wp.com\/www.wallendorff.com\/belogue\/wp-content\/uploads\/2021\/02\/20210202.jpg?resize=700%2C400&ssl=1 2x, https:\/\/i0.wp.com\/www.wallendorff.com\/belogue\/wp-content\/uploads\/2021\/02\/20210202.jpg?resize=1050%2C600&ssl=1 3x"},"classes":[]},{"id":12357,"url":"https:\/\/www.wallendorff.com\/belogue\/2011\/02\/28\/fenetre-sur-court\/","url_meta":{"origin":14786,"position":2},"title":"Fen\u00eatre [sur court].","author":"dpc","date":"28 f\u00e9vrier 2011","format":false,"excerpt":"Rue Gabrielle, Paris, 7 f\u00e9vrier. Quoique on ne distingue pas du tout le coureur. Mais j'y reviendrai. \u00a0TV on the Radio \u2013 Love Dog","rel":"","context":"Dans &quot;DPC&quot;","block_context":{"text":"DPC","link":"https:\/\/www.wallendorff.com\/belogue\/category\/dpc\/"},"img":{"alt_text":"","src":"https:\/\/i0.wp.com\/www.wallendorff.com\/belogue\/wp-content\/uploads\/2015\/04\/201102281.jpg?resize=350%2C200&ssl=1","width":350,"height":200},"classes":[]},{"id":5145,"url":"https:\/\/www.wallendorff.com\/belogue\/2009\/11\/23\/ta-vie-des-jaunes-atteint\/","url_meta":{"origin":14786,"position":3},"title":"Ta vie des jaunes atteint.","author":"dpc","date":"23 novembre 2009","format":false,"excerpt":"Rue du G\u00e9n\u00e9ral Renault, Paris, 1er ao\u00fbt. \u00a0The Pains of Being Pure at Heart \u2013 103","rel":"","context":"Dans &quot;DPC&quot;","block_context":{"text":"DPC","link":"https:\/\/www.wallendorff.com\/belogue\/category\/dpc\/"},"img":{"alt_text":"","src":"https:\/\/i0.wp.com\/www.wallendorff.com\/belogue\/wp-content\/uploads\/2015\/04\/200911231.jpg?resize=350%2C200&ssl=1","width":350,"height":200},"classes":[]},{"id":15932,"url":"https:\/\/www.wallendorff.com\/belogue\/2012\/02\/17\/rue-dix-chats\/","url_meta":{"origin":14786,"position":4},"title":"Rue Dix-chats.","author":"dpc","date":"17 f\u00e9vrier 2012","format":false,"excerpt":"Rue Bichat, Paris, 7 janvier. DJ Shadow \u2013 Warning Call (feat. Tom Vek) [youtube]http:\/\/www.youtube.com\/watch?v=kCay6cX-YqY[\/youtube]","rel":"","context":"Dans &quot;DPC&quot;","block_context":{"text":"DPC","link":"https:\/\/www.wallendorff.com\/belogue\/category\/dpc\/"},"img":{"alt_text":"","src":"https:\/\/i0.wp.com\/www.wallendorff.com\/belogue\/wp-content\/uploads\/2015\/04\/201202171.jpg?resize=350%2C200&ssl=1","width":350,"height":200,"srcset":"https:\/\/i0.wp.com\/www.wallendorff.com\/belogue\/wp-content\/uploads\/2015\/04\/201202171.jpg?resize=350%2C200&ssl=1 1x, https:\/\/i0.wp.com\/www.wallendorff.com\/belogue\/wp-content\/uploads\/2015\/04\/201202171.jpg?resize=525%2C300&ssl=1 1.5x, https:\/\/i0.wp.com\/www.wallendorff.com\/belogue\/wp-content\/uploads\/2015\/04\/201202171.jpg?resize=700%2C400&ssl=1 2x"},"classes":[]},{"id":12720,"url":"https:\/\/www.wallendorff.com\/belogue\/2011\/05\/09\/follow-i\/","url_meta":{"origin":14786,"position":5},"title":"Follow [I].","author":"dpc","date":"9 mai 2011","format":false,"excerpt":"Rue Pi\u00e9mont\u00e9si, Paris, 20 avril. \u00a0The xx \u2014 Fantasy","rel":"","context":"Dans &quot;DPC&quot;","block_context":{"text":"DPC","link":"https:\/\/www.wallendorff.com\/belogue\/category\/dpc\/"},"img":{"alt_text":"","src":"https:\/\/i0.wp.com\/www.wallendorff.com\/belogue\/wp-content\/uploads\/2015\/04\/201105091.jpg?resize=350%2C200&ssl=1","width":350,"height":200},"classes":[]}],"_links":{"self":[{"href":"https:\/\/www.wallendorff.com\/belogue\/wp-json\/wp\/v2\/posts\/14786","targetHints":{"allow":["GET"]}}],"collection":[{"href":"https:\/\/www.wallendorff.com\/belogue\/wp-json\/wp\/v2\/posts"}],"about":[{"href":"https:\/\/www.wallendorff.com\/belogue\/wp-json\/wp\/v2\/types\/post"}],"author":[{"embeddable":true,"href":"https:\/\/www.wallendorff.com\/belogue\/wp-json\/wp\/v2\/users\/1"}],"replies":[{"embeddable":true,"href":"https:\/\/www.wallendorff.com\/belogue\/wp-json\/wp\/v2\/comments?post=14786"}],"version-history":[{"count":2,"href":"https:\/\/www.wallendorff.com\/belogue\/wp-json\/wp\/v2\/posts\/14786\/revisions"}],"predecessor-version":[{"id":14797,"href":"https:\/\/www.wallendorff.com\/belogue\/wp-json\/wp\/v2\/posts\/14786\/revisions\/14797"}],"wp:featuredmedia":[{"embeddable":true,"href":"https:\/\/www.wallendorff.com\/belogue\/wp-json\/wp\/v2\/media\/26175"}],"wp:attachment":[{"href":"https:\/\/www.wallendorff.com\/belogue\/wp-json\/wp\/v2\/media?parent=14786"}],"wp:term":[{"taxonomy":"category","embeddable":true,"href":"https:\/\/www.wallendorff.com\/belogue\/wp-json\/wp\/v2\/categories?post=14786"},{"taxonomy":"post_tag","embeddable":true,"href":"https:\/\/www.wallendorff.com\/belogue\/wp-json\/wp\/v2\/tags?post=14786"}],"curies":[{"name":"wp","href":"https:\/\/api.w.org\/{rel}","templated":true}]}}