{"id":147,"date":"2006-05-11T20:08:23","date_gmt":"2006-05-11T20:08:23","guid":{"rendered":"http:\/\/www.po-l.com\/wordpress\/?p=147"},"modified":"2012-03-27T09:31:46","modified_gmt":"2012-03-27T07:31:46","slug":"barely-feels-like-home","status":"publish","type":"post","link":"https:\/\/www.wallendorff.com\/belogue\/2006\/05\/11\/barely-feels-like-home\/","title":{"rendered":"Barely feels like home."},"content":{"rendered":"<div id=\"photo\">\n<p><img decoding=\"async\" src=\"http:\/\/www.po-L.com\/belogue\/photo\/2006\/05\/20060511.jpg\" \/><br \/>\nRue Charlot, Paris, 5 mai.<\/p>\n<\/div>\n<p style=\"text-align:right\">&Ccedil;a a pris 235 jours, mais finalement &ccedil;a y est&nbsp;:<\/p>\n<p style=\"text-align:right\">j&rsquo;y suis bien, en fait. <\/p>\n<div id=\"bandeson\">\n<p><img decoding=\"async\" src=\"https:\/\/www.wallendorff.com\/belogue\/photo\/pochettes\/p\/primal_scream-riot_city_blues.jpg\" align=\"left\" \/>&nbsp;<a href=\"http:\/\/www.primalscream.org\/\">Primal Scream<\/a> &ndash; <em>Country Girl<\/em><\/p>\n<\/div>\n","protected":false},"excerpt":{"rendered":"<p>Rue Charlot, Paris, 5 mai. &Ccedil;a a pris 235 jours, mais finalement &ccedil;a y est&nbsp;: j&rsquo;y suis bien, en fait. &nbsp;Primal Scream &ndash; Country Girl<\/p>\n","protected":false},"author":1,"featured_media":24082,"comment_status":"open","ping_status":"open","sticky":false,"template":"","format":"standard","meta":{"_acf_changed":false,"ngg_post_thumbnail":0,"jetpack_post_was_ever_published":false,"_jetpack_newsletter_access":"","_jetpack_dont_email_post_to_subs":false,"_jetpack_newsletter_tier_id":0,"_jetpack_memberships_contains_paywalled_content":false,"_jetpack_memberships_contains_paid_content":false,"footnotes":"","jetpack_publicize_message":"","jetpack_publicize_feature_enabled":true,"jetpack_social_post_already_shared":false,"jetpack_social_options":{"image_generator_settings":{"template":"highway","default_image_id":0,"font":"","enabled":false},"version":2}},"categories":[3],"tags":[10336,5102,157,132,4171,1590,10120,10121,10792,10696,143,10098,1589,1587,10676],"class_list":["post-147","post","type-post","status-publish","format-standard","has-post-thumbnail","hentry","category-dpc","tag-10336","tag-alv","tag-ef-50-mm-f18-ii","tag-eos-20d","tag-clarinette","tag-country-girl","tag-france","tag-ile-de-france","tag-instrument","tag-magasin","tag-noir-et-blanc","tag-paris","tag-primal-scream","tag-rue-charlot","tag-vitrine"],"acf":[],"geo":{"latitude":48.8606339,"longitude":2.3600659,"description":"6 Rue Charlot, 75003 Paris, France"},"jetpack_publicize_connections":[],"jetpack_featured_media_url":"https:\/\/www.wallendorff.com\/belogue\/wp-content\/uploads\/2015\/04\/200605111.jpg","jetpack_shortlink":"https:\/\/wp.me\/p3b35P-2n","jetpack_sharing_enabled":true,"jetpack-related-posts":[{"id":148,"url":"https:\/\/www.wallendorff.com\/belogue\/2006\/05\/10\/large-en-sale\/","url_meta":{"origin":147,"position":0},"title":"Large en sale.","author":"dpc","date":"10 mai 2006","format":false,"excerpt":"Rue Charlot, Paris, 5 mai. \u00a0The Dresden Dolls \u2013 Delilah","rel":"","context":"Dans &quot;DPC&quot;","block_context":{"text":"DPC","link":"https:\/\/www.wallendorff.com\/belogue\/category\/dpc\/"},"img":{"alt_text":"","src":"https:\/\/i0.wp.com\/www.wallendorff.com\/belogue\/wp-content\/uploads\/2015\/04\/200605101.jpg?resize=350%2C200&ssl=1","width":350,"height":200},"classes":[]},{"id":13046,"url":"https:\/\/www.wallendorff.com\/belogue\/2011\/07\/22\/clarinette-et-precis\/","url_meta":{"origin":147,"position":1},"title":"Clarinette [et pr\u00e9cis].","author":"dpc","date":"22 juillet 2011","format":false,"excerpt":"Rue Charlot, Paris, 12 juin. \u00a0R.E.M. \u2013 Daysleeper (MTV Unplugged 2001)","rel":"","context":"Dans &quot;DPC&quot;","block_context":{"text":"DPC","link":"https:\/\/www.wallendorff.com\/belogue\/category\/dpc\/"},"img":{"alt_text":"","src":"https:\/\/i0.wp.com\/www.wallendorff.com\/belogue\/wp-content\/uploads\/2015\/04\/201107221.jpg?resize=350%2C200&ssl=1","width":350,"height":200,"srcset":"https:\/\/i0.wp.com\/www.wallendorff.com\/belogue\/wp-content\/uploads\/2015\/04\/201107221.jpg?resize=350%2C200&ssl=1 1x, https:\/\/i0.wp.com\/www.wallendorff.com\/belogue\/wp-content\/uploads\/2015\/04\/201107221.jpg?resize=525%2C300&ssl=1 1.5x, https:\/\/i0.wp.com\/www.wallendorff.com\/belogue\/wp-content\/uploads\/2015\/04\/201107221.jpg?resize=700%2C400&ssl=1 2x"},"classes":[]},{"id":13041,"url":"https:\/\/www.wallendorff.com\/belogue\/2011\/07\/21\/coude-a-retz\/","url_meta":{"origin":147,"position":2},"title":"Coude \u00e0 Retz.","author":"dpc","date":"21 juillet 2011","format":false,"excerpt":"Paris, 12 juin. \u00a0Death Cab for Cutie \u2013 St. Peter's Cathedral","rel":"","context":"Dans &quot;DPC&quot;","block_context":{"text":"DPC","link":"https:\/\/www.wallendorff.com\/belogue\/category\/dpc\/"},"img":{"alt_text":"","src":"https:\/\/i0.wp.com\/www.wallendorff.com\/belogue\/wp-content\/uploads\/2015\/04\/201107211.jpg?resize=350%2C200&ssl=1","width":350,"height":200},"classes":[]},{"id":21218,"url":"https:\/\/www.wallendorff.com\/belogue\/2013\/06\/26\/noir-du-gore-ii\/","url_meta":{"origin":147,"position":3},"title":"Noir du gore [II].","author":"dpc","date":"26 juin 2013","format":false,"excerpt":"Gare du Nord, Paris, 25 mai. Worm Tamer (Grinderman cover)Primal Scream","rel":"","context":"Dans &quot;DPC&quot;","block_context":{"text":"DPC","link":"https:\/\/www.wallendorff.com\/belogue\/category\/dpc\/"},"img":{"alt_text":"","src":"https:\/\/i0.wp.com\/www.wallendorff.com\/belogue\/wp-content\/uploads\/2015\/04\/20130626.jpg?resize=350%2C200&ssl=1","width":350,"height":200,"srcset":"https:\/\/i0.wp.com\/www.wallendorff.com\/belogue\/wp-content\/uploads\/2015\/04\/20130626.jpg?resize=350%2C200&ssl=1 1x, https:\/\/i0.wp.com\/www.wallendorff.com\/belogue\/wp-content\/uploads\/2015\/04\/20130626.jpg?resize=525%2C300&ssl=1 1.5x"},"classes":[]},{"id":124500,"url":"https:\/\/www.wallendorff.com\/belogue\/2023\/04\/30\/avril-2023\/","url_meta":{"origin":147,"position":4},"title":"Avril 2023.","author":"dpc","date":"30 avril 2023","format":false,"excerpt":"Un chat pr\u00e9nomm\u00e9 Paupiette, un coucher de soleil, un \u00e2ne pr\u00e9nomm\u00e9 Ramette, un ap\u00e9ro, une lampe, des ombres, un immeuble, une clope, un m\u00e9tro, un mur, un chat pr\u00e9nomm\u00e9 \u00c7a-va-l\u2019Chalet, un quai de gare, un escalier de gare, un quai de gare, un resto, un chat pr\u00e9nomm\u00e9 Paupiette, un bar,\u2026","rel":"","context":"Dans &quot;Blog-note&quot;","block_context":{"text":"Blog-note","link":"https:\/\/www.wallendorff.com\/belogue\/category\/blog-note\/"},"img":{"alt_text":"","src":"https:\/\/i0.wp.com\/www.wallendorff.com\/belogue\/wp-content\/uploads\/2023\/05\/20230522-49.jpg?resize=350%2C200&ssl=1","width":350,"height":200,"srcset":"https:\/\/i0.wp.com\/www.wallendorff.com\/belogue\/wp-content\/uploads\/2023\/05\/20230522-49.jpg?resize=350%2C200&ssl=1 1x, https:\/\/i0.wp.com\/www.wallendorff.com\/belogue\/wp-content\/uploads\/2023\/05\/20230522-49.jpg?resize=525%2C300&ssl=1 1.5x, https:\/\/i0.wp.com\/www.wallendorff.com\/belogue\/wp-content\/uploads\/2023\/05\/20230522-49.jpg?resize=700%2C400&ssl=1 2x, https:\/\/i0.wp.com\/www.wallendorff.com\/belogue\/wp-content\/uploads\/2023\/05\/20230522-49.jpg?resize=1050%2C600&ssl=1 3x"},"classes":[]},{"id":132374,"url":"https:\/\/www.wallendorff.com\/belogue\/2025\/06\/01\/lenjouement\/","url_meta":{"origin":147,"position":5},"title":"L&rsquo;enjouement.","author":"dpc","date":"1 juin 2025","format":false,"excerpt":"Paris, 31 mai 2025.","rel":"","context":"Dans &quot;DPC&quot;","block_context":{"text":"DPC","link":"https:\/\/www.wallendorff.com\/belogue\/category\/dpc\/"},"img":{"alt_text":"","src":"https:\/\/i0.wp.com\/www.wallendorff.com\/belogue\/wp-content\/uploads\/2025\/06\/20250601-26.jpg?resize=350%2C200&ssl=1","width":350,"height":200,"srcset":"https:\/\/i0.wp.com\/www.wallendorff.com\/belogue\/wp-content\/uploads\/2025\/06\/20250601-26.jpg?resize=350%2C200&ssl=1 1x, https:\/\/i0.wp.com\/www.wallendorff.com\/belogue\/wp-content\/uploads\/2025\/06\/20250601-26.jpg?resize=525%2C300&ssl=1 1.5x, https:\/\/i0.wp.com\/www.wallendorff.com\/belogue\/wp-content\/uploads\/2025\/06\/20250601-26.jpg?resize=700%2C400&ssl=1 2x, https:\/\/i0.wp.com\/www.wallendorff.com\/belogue\/wp-content\/uploads\/2025\/06\/20250601-26.jpg?resize=1050%2C600&ssl=1 3x"},"classes":[]}],"_links":{"self":[{"href":"https:\/\/www.wallendorff.com\/belogue\/wp-json\/wp\/v2\/posts\/147","targetHints":{"allow":["GET"]}}],"collection":[{"href":"https:\/\/www.wallendorff.com\/belogue\/wp-json\/wp\/v2\/posts"}],"about":[{"href":"https:\/\/www.wallendorff.com\/belogue\/wp-json\/wp\/v2\/types\/post"}],"author":[{"embeddable":true,"href":"https:\/\/www.wallendorff.com\/belogue\/wp-json\/wp\/v2\/users\/1"}],"replies":[{"embeddable":true,"href":"https:\/\/www.wallendorff.com\/belogue\/wp-json\/wp\/v2\/comments?post=147"}],"version-history":[{"count":1,"href":"https:\/\/www.wallendorff.com\/belogue\/wp-json\/wp\/v2\/posts\/147\/revisions"}],"predecessor-version":[{"id":16549,"href":"https:\/\/www.wallendorff.com\/belogue\/wp-json\/wp\/v2\/posts\/147\/revisions\/16549"}],"wp:featuredmedia":[{"embeddable":true,"href":"https:\/\/www.wallendorff.com\/belogue\/wp-json\/wp\/v2\/media\/24082"}],"wp:attachment":[{"href":"https:\/\/www.wallendorff.com\/belogue\/wp-json\/wp\/v2\/media?parent=147"}],"wp:term":[{"taxonomy":"category","embeddable":true,"href":"https:\/\/www.wallendorff.com\/belogue\/wp-json\/wp\/v2\/categories?post=147"},{"taxonomy":"post_tag","embeddable":true,"href":"https:\/\/www.wallendorff.com\/belogue\/wp-json\/wp\/v2\/tags?post=147"}],"curies":[{"name":"wp","href":"https:\/\/api.w.org\/{rel}","templated":true}]}}